{"id":31311,"date":"2025-12-29T12:41:55","date_gmt":"2025-12-29T09:41:55","guid":{"rendered":"https:\/\/www.klimikdergisi.org\/?p=31311"},"modified":"2025-12-29T12:44:19","modified_gmt":"2025-12-29T09:44:19","slug":"bilimsel-danismanlara-tesekkur-13","status":"publish","type":"post","link":"https:\/\/www.klimikdergisi.org\/tr\/2025\/12\/29\/bilimsel-danismanlara-tesekkur-13\/","title":{"rendered":"Bilimsel Dan\u0131\u015fmanlara Te\u015fekk\u00fcr"},"content":{"rendered":"<p>Klimik Dergisi\u2019nde yay\u0131mlanmak \u00fczere g\u00f6nderilmi\u015f makalelerin de\u011ferlendirmesini yapan ve <strong>38.<\/strong> cildin ortaya \u00e7\u0131kmas\u0131nda eme\u011fi ge\u00e7en a\u015fa\u011f\u0131daki meslekta\u015flar\u0131m\u0131za, Klimik Dergisi\u2019nin bilimsel standard\u0131n\u0131 y\u00fckselten \u00fcst\u00fcn \u00e7aba ve ay\u0131rd\u0131klar\u0131 de\u011ferli zaman i\u00e7in en i\u00e7ten te\u015fekk\u00fcrlerimizi sunar\u0131z.<\/p>\n<p>&nbsp;<\/p>\n<p>Adalet AYPAK-ALTUNSOY, Ankara, T\u00fcrkiye<br \/>\nAhmet \u00c7ALI\u015eKAN, Denizli, T\u00fcrkiye<br \/>\nAli ACAR, Ankara, T\u00fcrkiye<br \/>\nAli ASAN, Bursa, T\u00fcrkiye<br \/>\nAlpay AZAP, Ankara, T\u00fcrkiye<br \/>\nAysel \u00c7EL\u0130KBA\u015e, Ankara, T\u00fcrkiye<br \/>\nAysun BENL\u0130, \u0130stanbul, T\u00fcrkiye<br \/>\nAyten KADANALI, \u0130stanbul, T\u00fcrkiye<br \/>\nAziz Ahmad HAM\u0130D\u0130, \u0130stanbul, T\u00fcrkiye<br \/>\nBar\u0131\u015f OTLU, Malatya, T\u00fcrkiye<br \/>\nBilge \u00c7A\u011eLAR, \u0130stanbul, T\u00fcrkiye<br \/>\nBilgehan AYGEN, Kayseri, T\u00fcrkiye<br \/>\nBirg\u00fcl METE, \u0130stanbul, T\u00fcrkiye<br \/>\n\u00c7a\u011fr\u0131 ERG\u0130N, Denizli, T\u00fcrkiye<br \/>\nDerya KORKMAZ, Afyon, T\u00fcrkiye<br \/>\nDerya \u00d6ZT\u00dcRK-ENG\u0130N, \u0130stanbul, T\u00fcrkiye<br \/>\nDevrim D\u00dcNDAR, Kocaeli, T\u00fcrkiye<br \/>\nDuygu FINDIK, Konya, T\u00fcrkiye<br \/>\nElif DOYUK-KARTAL, Eski\u015fehir, \u0130stanbul<br \/>\nElif SARGIN-ALTUNOK, \u0130stanbul, T\u00fcrkiye<br \/>\nElif Mukime SARICAO\u011eLU, Ankara, T\u00fcrkiye<br \/>\nErcan YEN\u0130LMEZ, \u0130stanbul, T\u00fcrkiye<br \/>\nEzgi G\u00dcLTEN, Ankara, T\u00fcrkiye<br \/>\nFaruk KARAKE\u00c7\u0130L\u0130, Erzincan, T\u00fcrkiye<br \/>\nFatma YILMAZ-KARADA\u011e, \u0130stanbul, T\u00fcrkiye<br \/>\nFigen KULO\u011eLU, Edirne, T\u00fcrkiye<br \/>\nFiliz PEHL\u0130VANO\u011eLU, \u0130stanbul, T\u00fcrkiye<br \/>\nFunda \u015e\u0130M\u015eEK, \u0130stanbul, T\u00fcrkiye<br \/>\nF\u00fcsun CAN, \u0130stanbul, T\u00fcrkiye<br \/>\nG\u00fclden ERS\u00d6Z, Mersin, T\u00fcrkiye<br \/>\nG\u00fcle \u00c7INAR, Ankara, T\u00fcrkiye<br \/>\nHalis AKALIN, Bursa, T\u00fcrkiye<br \/>\nHasan Sel\u00e7uk \u00d6ZGER, \u0130stanbul, T\u00fcrkiye<br \/>\nHeval Can B\u0130LEK, Samsun, T\u00fcrkiye<br \/>\nHrisi Bahar TOKMAN, \u0130stanbul, T\u00fcrkiye<br \/>\n\u0130rem AKDEM\u0130R, Ankara, T\u00fcrkiye<br \/>\nMehmet Ali \u00d6KTEM, \u0130zmir, T\u00fcrkiye<br \/>\nMehtap AYDIN, \u0130stanbul, T\u00fcrkiye<br \/>\nMert Ahmet KU\u015eKUCU, \u0130stanbul, T\u00fcrkiye<br \/>\nMerve \u00c7A\u011eLAR-\u00d6ZER, \u0130stanbul, T\u00fcrkiye<br \/>\nMuammer \u00c7EL\u0130K, \u0130zmir, T\u00fcrkiye<br \/>\nMuzaffer ESK\u0130OCAK, \u0130stanbul, T\u00fcrkiye<br \/>\nNazan TUNA, Tekirda\u011f, T\u00fcrkiye<br \/>\nNe\u015fe SALTO\u011eLU, \u0130stanbul, T\u00fcrkiye<br \/>\nOkan DER\u0130N, \u0130stanbul, T\u00fcrkiye<br \/>\nOnur URAL, Konya, T\u00fcrkiye<br \/>\n\u00d6zlem KURT-AZAP, Ankara, T\u00fcrkiye<br \/>\n\u00d6znur AK, \u0130stanbul, T\u00fcrkiye<br \/>\nP\u0131nar KORKMAZ, K\u00fctahya, T\u00fcrkiye<br \/>\nSebahat AKSARAY, \u0130stanbul, T\u00fcrkiye<br \/>\nSelda SAYIN-KUTLU, Denizli, T\u00fcrkiye<br \/>\nSema ALP-\u00c7AVU\u015e, \u0130zmir, T\u00fcrkiye<br \/>\nSemiha \u00c7EL\u0130K-EK\u0130NC\u0130, \u0130stanbul, T\u00fcrkiye<br \/>\nSeren TANRIVERD\u0130, Malatya, T\u00fcrkiye<br \/>\nSevgi ERG\u0130N, \u0130stanbul, T\u00fcrkiye<br \/>\nSeyit Ali B\u00dcY\u00dcKTUNA, Sivas, T\u00fcrkiye<br \/>\nS\u00fcda TEK\u0130N, \u0130stanbul, T\u00fcrkiye<br \/>\nS\u00fcheyla SER\u0130N-SENGER, \u0130zmir, T\u00fcrkiye<br \/>\n\u015eerife Bar\u00e7\u0131n \u00d6ZT\u00dcRK, Ayd\u0131n, T\u00fcrkiye<br \/>\n\u015eiran KESKE, \u0130stanbul, T\u00fcrkiye<br \/>\nTu\u011fba YANIK-YAL\u00c7INKAYA, Ankara, T\u00fcrkiye<br \/>\nUmut Devrim B\u0130NAY, Erzincan, T\u00fcrkiye<br \/>\n\u00dcner KAYABA\u015e, Kayseri, T\u00fcrkiye<br \/>\nVildan AVKAN-O\u011eUZ, \u0130zmir, T\u00fcrkiye<br \/>\nYasemin HEPER, Bursa, T\u00fcrkiye<br \/>\nYe\u015fim UYGUN-KIZMAZ, \u0130stanbul, T\u00fcrkiye<br \/>\nYunus G\u00dcRB\u00dcZ, Ankara, T\u00fcrkiye<br \/>\nYunus Emre \u00d6ZDEM\u0130R, \u0130stanbul, T\u00fcrkiye<br \/>\nYusuf Ziya DEM\u0130RO\u011eLU, Adana, T\u00fcrkiye<\/p>\n","protected":false},"excerpt":{"rendered":"<p>Klimik Dergisi\u2019nde yay\u0131mlanmak \u00fczere g\u00f6nderilmi\u015f makalelerin de\u011ferlendirmesini yapan ve 38. cildin ortaya \u00e7\u0131kmas\u0131nda eme\u011fi ge\u00e7en a\u015fa\u011f\u0131daki meslekta\u015flar\u0131m\u0131za, Klimik Dergisi\u2019nin bilimsel standard\u0131n\u0131 y\u00fckselten \u00fcst\u00fcn \u00e7aba ve ay\u0131rd\u0131klar\u0131 de\u011ferli zaman i\u00e7in en i\u00e7ten te\u015fekk\u00fcrlerimizi sunar\u0131z. &nbsp; Adalet AYPAK-ALTUNSOY, Ankara, T\u00fcrkiye Ahmet \u00c7ALI\u015eKAN, Denizli, T\u00fcrkiye Ali ACAR, Ankara, T\u00fcrkiye Ali ASAN, Bursa, T\u00fcrkiye Alpay AZAP, Ankara, T\u00fcrkiye Aysel [&hellip;]<\/p>\n","protected":false},"author":2,"featured_media":0,"comment_status":"closed","ping_status":"closed","sticky":false,"template":"","format":"standard","meta":{"_acf_changed":false,"footnotes":""},"categories":[5149],"tags":[],"class_list":["post-31311","post","type-post","status-publish","format-standard","hentry","category-bilimsel-danismanlara-tesekkur"],"acf":[],"_links":{"self":[{"href":"https:\/\/www.klimikdergisi.org\/tr\/wp-json\/wp\/v2\/posts\/31311","targetHints":{"allow":["GET"]}}],"collection":[{"href":"https:\/\/www.klimikdergisi.org\/tr\/wp-json\/wp\/v2\/posts"}],"about":[{"href":"https:\/\/www.klimikdergisi.org\/tr\/wp-json\/wp\/v2\/types\/post"}],"author":[{"embeddable":true,"href":"https:\/\/www.klimikdergisi.org\/tr\/wp-json\/wp\/v2\/users\/2"}],"replies":[{"embeddable":true,"href":"https:\/\/www.klimikdergisi.org\/tr\/wp-json\/wp\/v2\/comments?post=31311"}],"version-history":[{"count":3,"href":"https:\/\/www.klimikdergisi.org\/tr\/wp-json\/wp\/v2\/posts\/31311\/revisions"}],"predecessor-version":[{"id":31318,"href":"https:\/\/www.klimikdergisi.org\/tr\/wp-json\/wp\/v2\/posts\/31311\/revisions\/31318"}],"wp:attachment":[{"href":"https:\/\/www.klimikdergisi.org\/tr\/wp-json\/wp\/v2\/media?parent=31311"}],"wp:term":[{"taxonomy":"category","embeddable":true,"href":"https:\/\/www.klimikdergisi.org\/tr\/wp-json\/wp\/v2\/categories?post=31311"},{"taxonomy":"post_tag","embeddable":true,"href":"https:\/\/www.klimikdergisi.org\/tr\/wp-json\/wp\/v2\/tags?post=31311"}],"curies":[{"name":"wp","href":"https:\/\/api.w.org\/{rel}","templated":true}]}}