{"id":31171,"date":"2025-12-29T12:54:39","date_gmt":"2025-12-29T09:54:39","guid":{"rendered":"https:\/\/www.klimikdergisi.org\/?p=31171"},"modified":"2025-12-30T13:02:32","modified_gmt":"2025-12-30T10:02:32","slug":"prof-dr-emel-tumbay-1941-2025","status":"publish","type":"post","link":"https:\/\/www.klimikdergisi.org\/tr\/2025\/12\/29\/prof-dr-emel-tumbay-1941-2025\/","title":{"rendered":"Prof. Dr. Emel T\u00fcmbay (1941\u20132025): T\u00fcrkiye\u2019de T\u0131bbi Mikolojinin Bir \u00d6nc\u00fcs\u00fc"},"content":{"rendered":"<div id=\"attachment_31225\" style=\"width: 1827px\" class=\"wp-caption alignright\"><a href=\"https:\/\/www.klimikdergisi.org\/wp-content\/uploads\/2025\/12\/KLM.C38.S4_5472_Resim1.png\"><img loading=\"lazy\" decoding=\"async\" aria-describedby=\"caption-attachment-31225\" class=\"size-full wp-image-31225\" src=\"https:\/\/www.klimikdergisi.org\/wp-content\/uploads\/2025\/12\/KLM.C38.S4_5472_Resim1.png\" alt=\"\" width=\"1817\" height=\"983\" srcset=\"https:\/\/www.klimikdergisi.org\/wp-content\/uploads\/2025\/12\/KLM.C38.S4_5472_Resim1.png 1817w, https:\/\/www.klimikdergisi.org\/wp-content\/uploads\/2025\/12\/KLM.C38.S4_5472_Resim1-390x211.png 390w, https:\/\/www.klimikdergisi.org\/wp-content\/uploads\/2025\/12\/KLM.C38.S4_5472_Resim1-810x438.png 810w, https:\/\/www.klimikdergisi.org\/wp-content\/uploads\/2025\/12\/KLM.C38.S4_5472_Resim1-768x415.png 768w\" sizes=\"auto, (max-width: 1817px) 100vw, 1817px\" \/><\/a><p id=\"caption-attachment-31225\" class=\"wp-caption-text\"><strong>Resim 1.<\/strong> Prof. Dr. Emel T\u00fcmbay (1941\u20132025)<\/p><\/div>\n<p>Eyl\u00fcl ay\u0131nda bir g\u00fcn telefonum \u00e7ald\u0131. Arayan k\u0131ymetli meslekta\u015f\u0131m, KL\u0130M\u0130K Dergisi ba\u015f edit\u00f6r\u00fc ve T\u00fcrk Tabipler Birli\u011fi Ba\u015fkan\u0131 Prof. Dr. Alpay Azap\u2019t\u0131. Sevgili Alpay\u2019\u0131n benden iste\u011fi Prof. Dr. Emel T\u00fcmbay hakk\u0131nda bir anma yaz\u0131yd\u0131. Alpay\u2019la konu\u015fmam\u0131zda \u201cNe yazay\u0131m, ne anlatay\u0131m ben \u015fimdi?\u201d sorusu g\u00fcndeme geldi elbette. Alpay, \u201cseni anl\u0131yorum!\u201d dedi ve ekledi: \u201cEmel Hoca i\u00e7in ne yazsak hep eksik kal\u0131r\u201d! Sevgili Alpay\u2019\u0131n te\u015fvikiyle hususi bir ivedilikle yaz\u0131 i\u00e7in \u00e7al\u0131\u015fmaya ba\u015flad\u0131m. Kafam\u0131 ne kadar toparlamaya \u00e7al\u0131\u015fsam da epeyce bir zaman tek bir sat\u0131r yazamad\u0131m. Emel Hoca\u2019m\u0131z hakk\u0131nda yazmak, hele onun \u201cRamo\u201dsu olarak yazmak hayat\u0131n do\u011fal ak\u0131\u015f\u0131na uyan bir eylem de\u011fildi benim i\u00e7in. Ba\u015flarken yazmaya kar\u015f\u0131 koyacak gerek\u00e7eleri arad\u0131m adeta. Bu belirsizlik, yazman\u0131n kendisinden \u00e7ok, ta\u015f\u0131d\u0131\u011f\u0131 duygusal y\u00fck\u00fcn a\u011f\u0131rl\u0131\u011f\u0131ndan kaynaklan\u0131yordu.<\/p>\n<div id=\"attachment_31227\" style=\"width: 1078px\" class=\"wp-caption alignright\"><a href=\"https:\/\/www.klimikdergisi.org\/wp-content\/uploads\/2025\/12\/KLM.C38.S4_5472_Resim2.png\"><img loading=\"lazy\" decoding=\"async\" aria-describedby=\"caption-attachment-31227\" class=\"size-full wp-image-31227\" src=\"https:\/\/www.klimikdergisi.org\/wp-content\/uploads\/2025\/12\/KLM.C38.S4_5472_Resim2.png\" alt=\"\" width=\"1068\" height=\"953\" srcset=\"https:\/\/www.klimikdergisi.org\/wp-content\/uploads\/2025\/12\/KLM.C38.S4_5472_Resim2.png 1068w, https:\/\/www.klimikdergisi.org\/wp-content\/uploads\/2025\/12\/KLM.C38.S4_5472_Resim2-291x260.png 291w, https:\/\/www.klimikdergisi.org\/wp-content\/uploads\/2025\/12\/KLM.C38.S4_5472_Resim2-605x540.png 605w, https:\/\/www.klimikdergisi.org\/wp-content\/uploads\/2025\/12\/KLM.C38.S4_5472_Resim2-768x685.png 768w\" sizes=\"auto, (max-width: 1068px) 100vw, 1068px\" \/><\/a><p id=\"caption-attachment-31227\" class=\"wp-caption-text\"><strong>Resim 2.<\/strong> Pamuk ve Z\u0131mz\u0131m ile (2019)<\/p><\/div>\n<p>Emel Hoca benim i\u00e7in adeta bir roman kahraman\u0131d\u0131r. E\u011fer o ger\u00e7ekten bir roman\u0131n hayali<span class=\"Apple-converted-space\">\u00a0 <\/span>karakteri olsayd\u0131, neyin hayali olurdu? Ola\u011fan\u00fcst\u00fc ba\u015far\u0131lar\u0131n ve s\u0131ra d\u0131\u015f\u0131 bir hayat\u0131n kahraman\u0131 muhtemelen. Bu anlat\u0131da, mesleki bir birliktelik ve ki\u015fisel tan\u0131kl\u0131k e\u015fli\u011finde<span class=\"Apple-converted-space\">\u00a0 <\/span>T\u00fcrkiye\u2019de t\u0131bbi mikolojinin geli\u015fim s\u00fcreci i\u00e7inde, kanl\u0131 canl\u0131 Emel Hoca\u2019y\u0131 neredeyse bir edebi karaktere d\u00f6n\u00fc\u015ft\u00fcrerek anlatmaya \u00e7al\u0131\u015ft\u0131m. Ola\u011fan\u00fcst\u00fc bir hayal gibi g\u00f6r\u00fcnse de, bu hayat ya\u015fand\u0131.<\/p>\n<p>Ola\u011fan\u00fcst\u00fc ba\u015far\u0131lar ve s\u0131ra d\u0131\u015f\u0131 bir hayat s\u00f6z konusu oldu\u011funda yazmak zordur. Bu yaz\u0131y\u0131 kaleme al\u0131rken Jean-Paul Sartre\u2019\u0131n <i>Varl\u0131k ve Hi\u00e7lik<\/i> adl\u0131 eserinde yer alan \u015fu s\u00f6zler bu g\u00fc\u00e7l\u00fc\u011f\u00fc kavramama yard\u0131mc\u0131 oldu: \u201cVarl\u0131k mevcudiyet olarak tan\u0131mlanamaz \u00e7\u00fcnk\u00fc mevcut olmama hali de varl\u0131\u011f\u0131 if\u015fa eder; yani olmamak da var olman\u0131n bir halidir. Yani nesnenin varl\u0131\u011f\u0131 yoklu\u011fu da kapsar (birdir). Hi\u00e7lik bu y\u00fczden varl\u0131\u011fa musallatt\u0131r: Varl\u0131k hi\u00e7li\u011fe ihtiya\u00e7 duymadan kavranabilir gibi g\u00f6r\u00fcnse de d\u0131\u015f\u0131nda de\u011fil; varl\u0131\u011f\u0131n kalbindedir. Varl\u0131\u011f\u0131m\u0131zdaki bu hi\u00e7lik sonsuz olas\u0131l\u0131klar\u0131 m\u00fcmk\u00fcn k\u0131lar.\u201d<span class=\"Apple-converted-space\">\u00a0<\/span><\/p>\n<p>Belki de hayatta kalmak, yaln\u0131zca ge\u00e7mi\u015fi bilmekle de\u011fil, o ge\u00e7mi\u015ften hareketle bir gelecek hayal edebilmekle m\u00fcmk\u00fcnd\u00fcr. Martin Heidegger, <i>Varl\u0131k ve Zaman<\/i> adl\u0131 eserinde insan-ger\u00e7ekli\u011finin varl\u0131\u011f\u0131n\u0131 \u201c\u00f6l\u00fcme do\u011fru-varl\u0131k\u201d olarak tan\u0131mlar; insan i\u00e7in bu ka\u00e7\u0131n\u0131lmaz bir varolu\u015f yoludur. Son ana kadar bilin\u00e7li bir fark\u0131ndal\u0131k i\u00e7inde ya\u015fayan Emel Hocam, hastaneye yatt\u0131\u011f\u0131 ve yo\u011fun bak\u0131mlara girip \u00e7\u0131kt\u0131\u011f\u0131 zor d\u00f6nemlerden sonra bile \u201c\u00f6l\u00fcmden korkmad\u0131\u011f\u0131n\u0131\u201d s\u00f6yleyebilen bir insand\u0131.<\/p>\n<h2><b>EMEL T\u00dcMBAY\u2019IN M\u0130RASI<\/b><\/h2>\n<p>Emel Hocam ile tan\u0131\u015fmam\u0131z 1979 y\u0131l\u0131na dayan\u0131r. Esasen e\u015fim Sevin\u00e7\u2019in \u00e7ok sevdi\u011fi hocas\u0131yd\u0131. Sevin\u00e7\u2019le hayatlar\u0131m\u0131z kesi\u015fmeseydi belki de Emel Hoca\u2019y\u0131 hi\u00e7 tan\u0131mam\u0131\u015f olacakt\u0131m. Ege \u00dcniversitesi T\u0131p Fak\u00fcltesi y\u00f6netimi, 1978 y\u0131l\u0131nda 5. s\u0131n\u0131f \u00f6\u011frencilerini y\u0131l sonunda Do\u011fu\u2019ya bir ziyaret gezisine \u00e7\u0131karm\u0131\u015ft\u0131; ama\u00e7 T\u00fcrkiye\u2019nin sa\u011fl\u0131k sistemini yerinde g\u00f6rmek ve o d\u00f6nemin sa\u011fl\u0131k ocaklar\u0131n\u0131n i\u015fleyi\u015fi hakk\u0131nda fikir sahibi olmalar\u0131n\u0131 sa\u011flamakt\u0131. \u00d6\u011fretim \u00fcyesi olarak o d\u00f6nem do\u00e7ent olan Emel Hoca o gezinin sorumlulu\u011funu \u00fcstlenmi\u015fti. Gezinin foto\u011fraflar\u0131na g\u00f6z atarken Do\u011fu ve G\u00fcneydo\u011fu\u2019nun kar\u0131\u015f kar\u0131\u015f ziyaret edildi\u011fini,<span class=\"Apple-converted-space\">\u00a0 <\/span>Hakkari\u2019ye kadar gidildi\u011fini g\u00f6rd\u00fcm. Bu gezi bile tek ba\u015f\u0131na Emel Hoca \u00f6\u011frencilerine g\u00f6n\u00fclden ba\u011fl\u0131 ve meslekta\u015flar\u0131na dost, efsanevi bir hoca oldu\u011funun kan\u0131t\u0131 gibiydi.<\/p>\n<p>Asistanl\u0131k d\u00f6nemimde ve daha sonra hocan\u0131n derslerine hep kat\u0131ld\u0131m. Derslerinde ak\u0131lc\u0131 ve kal\u0131c\u0131 metaforlar kullan\u0131r,<span class=\"Apple-converted-space\">\u00a0 <\/span>do\u011frudan hayata ili\u015fkin \u00f6rnekler verirdi. \u00d6rne\u011fin <i>Candida<\/i> derslerinde ezberlemesi zor olan adland\u0131rmalar\u0131 hep bir a\u011f\u0131zdan tekrar ettirir, <i><\/i><em>Candida stellatoidea<\/em>\u2019y\u0131 anlat\u0131rken g\u00f6kteki y\u0131ld\u0131zlar metaforunu kullan\u0131rd\u0131. Emel Hoca\u2019n\u0131n \u201cCandida Emel\u201d olarak an\u0131ld\u0131\u011f\u0131n\u0131 da bu dersler s\u0131ras\u0131nda \u00f6\u011frendim. \u00c7\u00fcnk\u00fc <i>Candida<\/i> t\u00fcrlerinin tomurcuklanmas\u0131n\u0131 k\u0131z evlat h\u00fccre metaforuyla<span class=\"Apple-converted-space\">\u00a0 <\/span>\u00f6ylesine g\u00fczel betimlerdi ki, bu anlat\u0131m zihnimizde kal\u0131c\u0131 bir iz b\u0131rak\u0131rd\u0131. Dermatofitleri anlat\u0131rken de yine ak\u0131lda kal\u0131c\u0131 metaforlardan yararlan\u0131rd\u0131. <i>Microsporum canis<\/i>\u2019i anlat\u0131rken k\u00f6peklerden s\u00f6z eder, \u00f6\u011frencilerini dikkatli olmalar\u0131 konusunda uyar\u0131rd\u0131. Bu anlat\u0131m\u0131n kendi ya\u015fam\u0131yla ba\u011f\u0131n\u0131 da bilirdik; terriyer ve kani\u015f cinsi k\u00f6pekleri olmu\u015ftu. Unutulmaz isimler koyard\u0131 k\u00f6peklerine. \u0130lk g\u00f6z a\u011fr\u0131s\u0131 Pamuk adl\u0131 bembeyaz bir terriyerdi. Ard\u0131ndan kani\u015f-terriyer k\u0131rmas\u0131, zeytin g\u00f6zl\u00fc, simsiyah k\u0131v\u0131rc\u0131k Z\u0131mz\u0131m geldi; tam anlam\u0131yla bir can dostuydu. Kediler kap\u0131da bekle\u015fir, balkonda k\u00f6pekler dola\u015f\u0131rd\u0131. Onlar i\u00e7in \u00f6zel mamalar haz\u0131rlar, derin dondurucuda \u00f6\u011f\u00fcnler h\u00e2linde saklar, ihtiya\u00e7 olduk\u00e7a \u00e7\u0131kar\u0131rd\u0131.<span class=\"Apple-converted-space\">\u00a0<\/span><\/p>\n<p>Mikoloji dersleri her zaman dolup ta\u015fard\u0131. Ders aralar\u0131nda \u00f6\u011frenciler k\u00fcrs\u00fcye h\u00fccum eder, kendilerinde g\u00f6zlemledikleri lezyonlar i\u00e7in ondan g\u00f6r\u00fc\u015f al\u0131rlard\u0131. Bir g\u00fcn hocan\u0131n dersine gitmemi\u015ftim; laboratuvarda rutin \u00e7al\u0131\u015fmalar\u0131m\u0131 yap\u0131yordum. Dersten bir \u00f6\u011frenci laboratuvara gelip \u201cRamo beyi ar\u0131yorum\u201d dedi. Bir lezyonundan \u00f6rnek al\u0131nmas\u0131 i\u00e7in gelmi\u015fti bu \u00f6\u011frenci ve evet Emel Hoca bana hep \u201cRamo\u201d derdi. Bug\u00fcn bile pek \u00e7ok kez \u201cEmel Hoca\u2019n\u0131n dersleri efsaneydi\u201d s\u00f6z\u00fcn\u00fc duyar\u0131m. O, d\u00f6neminin en \u00e7ok tan\u0131nan hocalar\u0131ndan biriydi. Do\u011frusu \u015funa hep inan\u0131r\u0131m: Bir insan\u0131 di\u011ferlerinden ay\u0131ran, ona verilenler de\u011fil, sahip olduklar\u0131ndan neleri var etti\u011fi ve neler yapt\u0131\u011f\u0131d\u0131r.<\/p>\n<h2><b>M\u0130KOLOJ\u0130N\u0130N M\u0130SYONER\u0130<\/b><\/h2>\n<p>\u201c\u0130nsan, kendi yapt\u0131\u011f\u0131ndan (yapmakta oldu\u011fundan) ba\u015fka bir \u015fey de\u011fildir\u201d der, Jean Paul-Sartre,<i> Varl\u0131k ve Hi\u00e7lik<\/i> adl\u0131 eserinde. Nobel \u00f6d\u00fcll\u00fc yazar Cengiz Aytmatov ise \u201cBir insan i\u00e7in en zor \u015fey, her g\u00fcn insan kalabilmektir\u201d s\u00f6zleriyle bu d\u00fc\u015f\u00fcnceyi ba\u015fka bir yerden tamamlar. Emel T\u00fcmbay, bir insan ve bilim insan\u0131 olarak, aram\u0131zdan ayr\u0131l\u0131ncaya kadar bu anlamda pek \u00e7ok ki\u015fiye rol model olmu\u015ftur.<\/p>\n<p>\u00c7al\u0131\u015fmak, onun i\u00e7in manevi bir beslenme kayna\u011f\u0131yd\u0131. Tatil nedir bilmezdi; d\u00fczenli bir tatil ka\u00e7ama\u011f\u0131 yapt\u0131\u011f\u0131n\u0131 hi\u00e7 hat\u0131rlam\u0131yorum. Daha \u00e7ok \u201cbayku\u015f tipi\u201d insan karakterine sahipti. Geceleri \u00e7al\u0131\u015fmaktan yorulmazd\u0131. Analitik d\u00fc\u015fenceye sahip, rasyonel, planl\u0131 ve m\u00fckemmeliyet\u00e7i ki\u015fili\u011fi a\u011f\u0131r basard\u0131.<\/p>\n<p>Benim bildi\u011fim, o kadar \u00e7ok ilke imza att\u0131 ki\u2026 T\u00fcrk Klinik Mikrobiyoloji ve \u0130nfeksiyon Hastal\u0131klar\u0131 Derne\u011fi (KL\u0130M\u0130K) ve T\u00fcrk Mikrobiyoloji Cemiyeti\u2019nin ortak y\u0131ll\u0131k toplant\u0131lar\u0131nda hep \u00f6n safta yer ald\u0131. Ulusal ve uluslararas\u0131 pek \u00e7ok toplant\u0131da d\u00fczenleyici olarak sorumluluk \u00fcstelendi\u011fini \u00e7o\u011fu meslekta\u015f\u0131m\u0131z bilir. \u201cS\u00f6z u\u00e7ar, yaz\u0131 kal\u0131r\u201d anlay\u0131\u015f\u0131yla, bu toplant\u0131lar\u0131n bildirilerinin ve sunumlar\u0131n\u0131n kongre kitab\u0131 olarak bas\u0131lmas\u0131n\u0131 \u00f6zellikle \u00f6nemserdi.<\/p>\n<p>Alan\u0131nda T\u00fcrkiye\u2019de bir ilk olan ve T\u00fcrk Mikrobiyoloji Cemiyeti\u2019nin resm\u00ee<span class=\"Apple-converted-space\">\u00a0 <\/span>yay\u0131n organ\u0131 olarak yay\u0131mlanan<span class=\"Apple-converted-space\">\u00a0 <\/span><i>\u0130nfeksiyon Dergisi<\/i>, 1987 y\u0131l\u0131n\u0131n Temmuz ay\u0131nda yay\u0131n hayat\u0131na ba\u015flad\u0131. Dergi, adeta bir \u201c\u0130nfeksiyon Okulu\u201d niteli\u011findeydi. Y\u0131lda d\u00f6rt say\u0131 olarak 23 y\u0131l boyunca kesintisiz yay\u0131mlanan derginin edit\u00f6rl\u00fc\u011f\u00fcn\u00fc de Emel Hoca yapt\u0131. Derginin bilimsel niteli\u011finin art\u0131r\u0131lmas\u0131 ve uluslararas\u0131 indekslere girmesi i\u00e7in yo\u011fun \u00e7aba g\u00f6sterdi. Derginin yaln\u0131zca s\u0131n\u0131rl\u0131 say\u0131daki cildi dijital ortama aktar\u0131labildi. Daha sonra de\u011fi\u015fen y\u00f6netim taraf\u0131ndan \u0130nfeksiyon Dergisi\u2019nin yay\u0131n hayat\u0131 sonland\u0131r\u0131ld\u0131.<br \/>\n<b><\/b><\/p>\n<h2><b>EMEL T\u00dcMBAY \u0130LE \u00c7ALI\u015eMAK<\/b><\/h2>\n<p>Asistanl\u0131k s\u0131navlar\u0131n\u0131n k\u00fcrs\u00fcler taraf\u0131ndan yap\u0131ld\u0131\u011f\u0131 y\u0131llard\u0131. O d\u00f6nem ba\u015fka alanlar da akl\u0131mdan ge\u00e7iyordu; ancak \u0130ntaniye K\u00fcrs\u00fcs\u00fc\u2019ne girdim. Bu tercih, Emel T\u00fcmbay ile uzun soluklu bir ili\u015fkinin de ba\u015flang\u0131c\u0131 oldu. Asistanl\u0131k y\u0131llar\u0131 h\u0131zla ge\u00e7ti; k\u00fcrs\u00fcler ayr\u0131ld\u0131\u011f\u0131nda yoluma Mikrobiyoloji\u2019de devam ettim.<\/p>\n<div id=\"attachment_31229\" style=\"width: 546px\" class=\"wp-caption alignright\"><a href=\"https:\/\/www.klimikdergisi.org\/wp-content\/uploads\/2025\/12\/KLM.C38.S4_5472_Resim3.png\"><img loading=\"lazy\" decoding=\"async\" aria-describedby=\"caption-attachment-31229\" class=\"size-full wp-image-31229\" src=\"https:\/\/www.klimikdergisi.org\/wp-content\/uploads\/2025\/12\/KLM.C38.S4_5472_Resim3.png\" alt=\"\" width=\"536\" height=\"764\" srcset=\"https:\/\/www.klimikdergisi.org\/wp-content\/uploads\/2025\/12\/KLM.C38.S4_5472_Resim3.png 536w, https:\/\/www.klimikdergisi.org\/wp-content\/uploads\/2025\/12\/KLM.C38.S4_5472_Resim3-182x260.png 182w, https:\/\/www.klimikdergisi.org\/wp-content\/uploads\/2025\/12\/KLM.C38.S4_5472_Resim3-379x540.png 379w\" sizes=\"auto, (max-width: 536px) 100vw, 536px\" \/><\/a><p id=\"caption-attachment-31229\" class=\"wp-caption-text\"><strong>Resim 3.<\/strong> <i>Pratik T\u0131p Mikolojisi<\/i><\/p><\/div>\n<div id=\"attachment_31231\" style=\"width: 525px\" class=\"wp-caption alignright\"><a href=\"https:\/\/www.klimikdergisi.org\/wp-content\/uploads\/2025\/12\/KLM.C38.S4_5472_Resim4.png\"><img loading=\"lazy\" decoding=\"async\" aria-describedby=\"caption-attachment-31231\" class=\"size-full wp-image-31231\" src=\"https:\/\/www.klimikdergisi.org\/wp-content\/uploads\/2025\/12\/KLM.C38.S4_5472_Resim4.png\" alt=\"\" width=\"515\" height=\"765\" srcset=\"https:\/\/www.klimikdergisi.org\/wp-content\/uploads\/2025\/12\/KLM.C38.S4_5472_Resim4.png 515w, https:\/\/www.klimikdergisi.org\/wp-content\/uploads\/2025\/12\/KLM.C38.S4_5472_Resim4-175x260.png 175w, https:\/\/www.klimikdergisi.org\/wp-content\/uploads\/2025\/12\/KLM.C38.S4_5472_Resim4-364x540.png 364w\" sizes=\"auto, (max-width: 515px) 100vw, 515px\" \/><\/a><p id=\"caption-attachment-31231\" class=\"wp-caption-text\"><strong>Resim 4.<\/strong> <i>T\u0131bbi Mikoloji<\/i><\/p><\/div>\n<p>Emel T\u00fcmbay, Almanya\u2019da Prof. Heinz P.R. Seeliger\u2019in k\u00fcrs\u00fcs\u00fcnde edindi\u011fi bilgi ve deneyimle Ege \u00dcniversitesi T\u0131p Fak\u00fcltesi b\u00fcnyesinde modern bir Mikoloji laboratuvar\u0131 kurmu\u015ftu. Prof. Seeliger, Almanya\u2019da kalmas\u0131 i\u00e7in kadro dahi sa\u011flam\u0131\u015ft\u0131; ancak o, \u00fclkesine olan sevgisi ve Mustafa Kemal Atat\u00fcrk\u2019e olan sayg\u0131s\u0131 nedeniyle T\u00fcrkiye\u2019ye d\u00f6nmeyi se\u00e7mi\u015fti. Almanya\u2019dan kalan mavi Vosvosu, o d\u00f6nemin bir hat\u0131ras\u0131yd\u0131.<\/p>\n<p>Daha sonraki y\u0131llarda Prof. Seeliger bir\u00e7ok kez T\u00fcrkiye\u2019ye geldi; tam anlam\u0131yla bir T\u00fcrk dostuydu. Bu ziyaretler kapsam\u0131nda ortak bilimsel toplant\u0131lar d\u00fczenlendi; <i>Listeria<\/i> konulu toplant\u0131 bunlardan birisiydi. Almanya\u2019dan getirilen farkl\u0131 mantar k\u00f6kenleriyle Ege \u00dcniversitesi\u2019nde bir k\u00fclt\u00fcr koleksiyonu olu\u015fturuldu. O y\u0131llarda bu k\u00fclt\u00fcrleri d\u00fczenli olarak pasajlayarak canl\u0131 tutuyorduk.<\/p>\n<div id=\"attachment_31233\" style=\"width: 1078px\" class=\"wp-caption alignright\"><a href=\"https:\/\/www.klimikdergisi.org\/wp-content\/uploads\/2025\/12\/KLM.C38.S4_5472_Resim5.png\"><img loading=\"lazy\" decoding=\"async\" aria-describedby=\"caption-attachment-31233\" class=\"size-full wp-image-31233\" src=\"https:\/\/www.klimikdergisi.org\/wp-content\/uploads\/2025\/12\/KLM.C38.S4_5472_Resim5.png\" alt=\"\" width=\"1068\" height=\"906\" srcset=\"https:\/\/www.klimikdergisi.org\/wp-content\/uploads\/2025\/12\/KLM.C38.S4_5472_Resim5.png 1068w, https:\/\/www.klimikdergisi.org\/wp-content\/uploads\/2025\/12\/KLM.C38.S4_5472_Resim5-306x260.png 306w, https:\/\/www.klimikdergisi.org\/wp-content\/uploads\/2025\/12\/KLM.C38.S4_5472_Resim5-637x540.png 637w, https:\/\/www.klimikdergisi.org\/wp-content\/uploads\/2025\/12\/KLM.C38.S4_5472_Resim5-768x652.png 768w\" sizes=\"auto, (max-width: 1068px) 100vw, 1068px\" \/><\/a><p id=\"caption-attachment-31233\" class=\"wp-caption-text\"><strong>Resim 5.<\/strong> Uluslararas\u0131 Klinik Mikoloji Master Class 2 Toplant\u0131s\u0131: \u0130nvaziv Fungal Hastal\u0131klar\u0131n Tan\u0131 ve Y\u00f6netimindeki Zorluklar (23\u201325 Kas\u0131m 2017)<\/p><\/div>\n<p>Ben Emel T\u00fcmbay\u2019\u0131n ilk tez asistan\u0131y\u0131m. Onunla \u00e7al\u0131\u015fman\u0131n en yo\u011fun ve \u00f6\u011fretici d\u00f6nemlerinden biri bu s\u00fcre\u00e7ti. Tez konum \u201cYan\u0131k Yaralar\u0131nda Mantarlar\u201d idi. K\u00fcf ve mayalar d\u00e2hil her t\u00fcr mantarla \u00e7al\u0131\u015f\u0131yorduk. O d\u00f6nemde T\u00fcrk\u00e7e mikoloji kaynaklar\u0131 yok denecek kadar azd\u0131. Bu bo\u015flu\u011fu, 1983\u2019te yay\u0131mlanan <i>Pratik T\u0131p Mikoloji<\/i> kitab\u0131 doldurdu. Kitaptaki \u00e7izimlerin tamam\u0131 Emel T\u00fcmbay\u2019a aitti; T\u00fcrk\u00e7e t\u0131p terminolojisinin \u00f6zenle kullan\u0131lmas\u0131 eseri ayr\u0131cal\u0131kl\u0131 k\u0131ld\u0131.<\/p>\n<p>Kitab\u0131n \u00fcniversite matbaas\u0131nda bas\u0131m\u0131 i\u00e7in ba\u015fvurdu\u011funda bu talebi \u00e7e\u015fitli gerek\u00e7elerle reddedilmi\u015fti. T\u00fcm maddi zorluklar\u0131na ra\u011fmen kitab\u0131 Bilgehan Bas\u0131mevi\u2019nde Cemal Usta\u2019n\u0131n deste\u011fiyle bast\u0131rd\u0131. Bilim \u00fcretiminde engelleri kabullenmeyen, sorumluluk alan bir karakteri vard\u0131.<\/p>\n<p>1980\u2019li y\u0131llar \u00fcniversiteler i\u00e7in zor d\u00f6nemlerdi. Akademide bask\u0131n\u0131n yo\u011fun oldu\u011fu bu d\u00f6nemde Emel Hoca\u2019n\u0131n ad\u0131n\u0131n da bu listelerde oldu\u011funu \u00f6\u011frendi\u011fimde \u201cnas\u0131l olur\u201d demi\u015ftim. O zaman cesaretin, korkusuzluk de\u011fil; korkuya ra\u011fmen do\u011fru olan\u0131 yapabilmek oldu\u011funu anlad\u0131m. Bunun \u00f6tesinde do\u011fruyu savunmay\u0131 ve bunu da \u00f6zg\u00fcvenle yapabilmeyi \u00f6\u011frendim.<\/p>\n<p>\u0130nsan ili\u015fkilerinde \u00e7ok s\u0131cakt\u0131; herkesi kucaklayan, \u00e7ok y\u00f6nl\u00fc bir ki\u015fili\u011fi vard\u0131. Herkesin yeni y\u0131l\u0131n\u0131 kutlar, odas\u0131n\u0131n duvarlar\u0131 yeni y\u0131l kartlar\u0131yla dolard\u0131. Ulusal bayramlar ve T\u0131p Bayram\u0131 da onun i\u00e7in \u00e7ok \u00f6nemliydi. Kurdu\u011fu dostluklar bakiydi. \u00c7ocukluk d\u00f6neminden kalan ili\u015fkileri vard\u0131; e\u011fitim ve akademik ya\u015fam\u0131 boyunca edindi\u011fi dostluklar\u0131yla birlikte geni\u015f bir sosyal \u00e7evreye sahipti. \u00c7evresindeki ihtiya\u00e7 sahibi herkese elinden gelen her t\u00fcrl\u00fc yard\u0131m\u0131 yapard\u0131.<span class=\"Apple-converted-space\">\u00a0<\/span><\/p>\n<p>Mesleki ileti\u015fimde son derece yetkindi. Meslekta\u015flar\u0131na ve hastalar\u0131na ba\u011fl\u0131yd\u0131. Ulusal ve uluslararas\u0131 d\u00fczeyde kolayl\u0131kla ili\u015fki kurar, bilimsel i\u015f birlikleri geli\u015ftirirdi. Uzun y\u0131llar boyunca zihninde olgunla\u015fan T\u0131bbi Mikoloji Derne\u011fi\u2019ni, 2011 y\u0131l\u0131n\u0131n sonunda birlikte kurduk. B\u00f6ylece T\u00fcrkiye, Avrupa T\u0131bbi Mikoloji Konfederasyonu (European Confederation of Medical Mycology, ECMM)\u2019nda temsil edilmeye ba\u015fland\u0131. Bu s\u00fcre\u00e7te \u00fclkemizde ileri d\u00fczey \u201cMaster Class\u201d ad\u0131 verilen e\u011fitim toplant\u0131lar\u0131 d\u00fczenlendi ve Balkan Mikoloji Toplulu\u011fu\u2019nun kurulmas\u0131na katk\u0131da bulunuldu.<span class=\"Apple-converted-space\">\u00a0<\/span><\/p>\n<p>T\u0131bbi Mikoloji Derne\u011fi yay\u0131n\u0131 olarak bas\u0131lan <i>T\u0131bbi Mikoloji<\/i> kitab\u0131, asistan ve konunun uzmanlar\u0131 i\u00e7in temel bir ba\u015fvuru kayna\u011f\u0131 niteli\u011fi ta\u015f\u0131yordu ve yay\u0131mland\u0131ktan k\u0131sa bir s\u00fcre sonra t\u00fckendi. Emel hoca kitab\u0131n yeniden bas\u0131m\u0131 i\u00e7in son g\u00fcnlerine kadar \u00e7al\u0131\u015ft\u0131. Kitab\u0131n yeniden bas\u0131lmas\u0131 onun vasiyeti gibiydi; bu iste\u011fini, ilgili belgelerin bilgisayar\u0131nda hangi dosyada yer ald\u0131\u011f\u0131n\u0131 \u00f6zellikle belirterek dile getirmi\u015fti.<\/p>\n<p>\u00d6te yandan <i>Mikrobiyoloji ve \u0130nfeksiyon Hastal\u0131klar\u0131<\/i> bibliyografyas\u0131 haz\u0131rl\u0131\u011f\u0131 i\u00e7indeydi. Akademik \u00fcretimin yaln\u0131zca \u00f6zg\u00fcn \u00e7al\u0131\u015fmalarla s\u0131n\u0131rl\u0131 kalmamas\u0131 gerekti\u011fine inanarak bilimsel kitap \u00e7evirileri de yapt\u0131. Irwin W. Sherman\u2019\u0131n <i>D\u00fcnyam\u0131z\u0131 De\u011fi\u015ftiren On \u0130ki Hastal\u0131k<\/i> adl\u0131 eseri, bu anlay\u0131\u015f\u0131n somut \u00f6rneklerinden biri olarak geni\u015f bir okur kitlesine ula\u015ft\u0131.<\/p>\n<h2><b>EMEKL\u0130L\u0130K VE KARABURUN G\u00dcNLER\u0130<\/b><\/h2>\n<p>Emeklilik, Emel T\u00fcmbay i\u00e7in akademik hayattan \u00e7ekilmek anlam\u0131na gelmedi. Gaziantep\u2019ten Urfa, Diyarbak\u0131r, Elaz\u0131\u011f ve Van\u2019a; Edirne\u2019den \u00c7anakkale, Samsun, K\u0131r\u0131kkale\u2019ye ve K\u0131br\u0131s\u2019a kadar bir\u00e7ok okuldan lisans ve lisans\u00fcst\u00fc d\u00fczeyde mikoloji dersleri vermek \u00fczere davet ald\u0131. Bu \u00e7a\u011fr\u0131lara b\u00fcy\u00fck bir sorumluluk duygusuyla, \u00e7o\u011fu zaman kendi imk\u00e2nlar\u0131yla gitti. Bir yolculuk s\u0131ras\u0131nda havaalan\u0131nda d\u00fc\u015ferek kolunu k\u0131rmas\u0131na ra\u011fmen, alelacele yap\u0131lan bir al\u00e7\u0131yla ders anlatma s\u00f6z\u00fcn\u00fc tutmak \u00fczere yola devam etti\u011fine bizzat tan\u0131\u011f\u0131m.<\/p>\n<p>Sadece teorik de\u011fil, b\u00f6l\u00fcmden ta\u015f\u0131d\u0131\u011f\u0131m\u0131z mantar k\u00fclt\u00fcrleri ile uygulamal\u0131 dersler yap\u0131yorduk; ba\u015fka fak\u00fcltelerden mikoloji rotasyonu i\u00e7in gelen asistanlar da bu s\u00fcrece d\u00e2hil ediliyordu. Ege \u00dcniversitesi T\u0131p Fak\u00fcltesi Mikoloji Bilim Dal\u0131 ger\u00e7ek bir Mikoloji Okulu idi; T\u00fcrkiye\u2019de bu alan\u0131n yayg\u0131nla\u015fmas\u0131nda ve ilerlemesinde b\u00fcy\u00fck rol oynad\u0131. Emel Hoca bu anlamda tam bir mikoloji g\u00f6n\u00fcll\u00fcs\u00fcyd\u00fc.<\/p>\n<div id=\"attachment_31235\" style=\"width: 1023px\" class=\"wp-caption alignright\"><a href=\"https:\/\/www.klimikdergisi.org\/wp-content\/uploads\/2025\/12\/KLM.C38.S4_5472_Resim6.png\"><img loading=\"lazy\" decoding=\"async\" aria-describedby=\"caption-attachment-31235\" class=\"size-full wp-image-31235\" src=\"https:\/\/www.klimikdergisi.org\/wp-content\/uploads\/2025\/12\/KLM.C38.S4_5472_Resim6.png\" alt=\"\" width=\"1013\" height=\"1132\" srcset=\"https:\/\/www.klimikdergisi.org\/wp-content\/uploads\/2025\/12\/KLM.C38.S4_5472_Resim6.png 1013w, https:\/\/www.klimikdergisi.org\/wp-content\/uploads\/2025\/12\/KLM.C38.S4_5472_Resim6-233x260.png 233w, https:\/\/www.klimikdergisi.org\/wp-content\/uploads\/2025\/12\/KLM.C38.S4_5472_Resim6-483x540.png 483w, https:\/\/www.klimikdergisi.org\/wp-content\/uploads\/2025\/12\/KLM.C38.S4_5472_Resim6-768x858.png 768w\" sizes=\"auto, (max-width: 1013px) 100vw, 1013px\" \/><\/a><p id=\"caption-attachment-31235\" class=\"wp-caption-text\"><strong>Resim 6.<\/strong> Karaburun (16 Ocak 2023)<\/p><\/div>\n<p>Karaburun emeklilik y\u0131llar\u0131nda onun s\u0131\u011f\u0131na\u011f\u0131 oldu. \u0130zmir\u2019deki evine zorunlu kalmad\u0131k\u00e7a gelmez, dostlar\u0131n\u0131 s\u0131k s\u0131k Karaburun\u2019a davet ederdi. Do\u011fum g\u00fcnlerinde\u201419 Ocak\u2019ta\u2014yapt\u0131\u011f\u0131m\u0131z ziyaretlerde bizi her zaman \u00f6zenle haz\u0131rlanm\u0131\u015f sofralar kar\u015f\u0131lard\u0131. Bir vejetaryendi; en sevdi\u011fi yemek mant\u0131yd\u0131. Kutu kutu peynirli mant\u0131lar derin dondurucusunda eksik olmazd\u0131. \u015eak\u015fukay\u0131 ve her t\u00fcrl\u00fc salatay\u0131 da \u00e7ok severdi. Kahvesi gece g\u00fcnd\u00fcz masas\u0131ndan eksik olmazd\u0131. Bir de yemek \u00fczerine keyif i\u00e7in bir sigara tellendirip, \u201chayat\u0131n tad\u0131n\u0131 \u00e7\u0131karmaya \u00e7al\u0131\u015f\u0131rd\u0131.\u201d<\/p>\n<p>Cenaze t\u00f6renine yurdun d\u00f6rt bir yan\u0131nda gelen \u00e7ok say\u0131da dostu ve meslekta\u015f\u0131 kat\u0131ld\u0131. Kat\u0131lamayanlar mesajlar\u0131 ile duygular\u0131n\u0131 ilettiler. Ne zaman mezarl\u0131\u011f\u0131n\u0131 ziyaret etsem \u201cburada, bu d\u00fcnyadaki g\u00f6revini ve misyonunu hakk\u0131yla tamamlam\u0131\u015f bir insan yat\u0131yor!\u201d derim.<\/p>\n<p>Emel T\u00fcmbay\u2019\u0131n ayd\u0131nl\u0131\u011f\u0131, insanl\u0131\u011f\u0131 ve dostlu\u011fu anlat\u0131larak de\u011fil, ancak ya\u015fanarak kavranabilirdi. \u00c7ok uzun olmasa da onunla birlikte \u00e7al\u0131\u015fabilme mutlulu\u011funu ya\u015fad\u0131m. Ard\u0131nda b\u0131rakt\u0131\u011f\u0131 as\u0131l miras, bilime sadakatle ba\u011fl\u0131, sorumluluk alan ve d\u00fcnyada kal\u0131c\u0131 bir iz b\u0131rakmaya \u00e7al\u0131\u015fan bir ya\u015famd\u0131r. B\u00f6yle insanlar\u0131n say\u0131s\u0131 maalesef \u00e7ok de\u011fil; Emel Hoca onlardan biriydi.<\/p>\n<p>Bu d\u00fcnyadan bir Emel Hoca ge\u00e7ti; bilgisiyle, eme\u011fiyle ve insanl\u0131\u011f\u0131yla. Ama hep kalbimizde ve zihnimizde kalacak, <i>Varl\u0131k ve Hi\u00e7lik<\/i> ile\u2026 Onu \u00e7ok \u00f6zl\u00fcyoruz.<\/p>\n","protected":false},"excerpt":{"rendered":"<p>Eyl\u00fcl ay\u0131nda bir g\u00fcn telefonum \u00e7ald\u0131. Arayan k\u0131ymetli meslekta\u015f\u0131m, KL\u0130M\u0130K Dergisi ba\u015f edit\u00f6r\u00fc ve T\u00fcrk Tabipler Birli\u011fi Ba\u015fkan\u0131 Prof. Dr. Alpay Azap\u2019t\u0131. Sevgili Alpay\u2019\u0131n benden iste\u011fi Prof. Dr. Emel T\u00fcmbay hakk\u0131nda bir anma yaz\u0131yd\u0131. Alpay\u2019la konu\u015fmam\u0131zda \u201cNe yazay\u0131m, ne anlatay\u0131m ben \u015fimdi?\u201d sorusu g\u00fcndeme geldi elbette. Alpay, \u201cseni anl\u0131yorum!\u201d dedi ve ekledi: \u201cEmel Hoca i\u00e7in [&hellip;]<\/p>\n","protected":false},"author":5,"featured_media":31367,"comment_status":"closed","ping_status":"closed","sticky":false,"template":"","format":"standard","meta":{"_acf_changed":false,"footnotes":""},"categories":[5621],"tags":[],"class_list":["post-31171","post","type-post","status-publish","format-standard","has-post-thumbnail","hentry","category-anma"],"acf":[],"_links":{"self":[{"href":"https:\/\/www.klimikdergisi.org\/tr\/wp-json\/wp\/v2\/posts\/31171","targetHints":{"allow":["GET"]}}],"collection":[{"href":"https:\/\/www.klimikdergisi.org\/tr\/wp-json\/wp\/v2\/posts"}],"about":[{"href":"https:\/\/www.klimikdergisi.org\/tr\/wp-json\/wp\/v2\/types\/post"}],"author":[{"embeddable":true,"href":"https:\/\/www.klimikdergisi.org\/tr\/wp-json\/wp\/v2\/users\/5"}],"replies":[{"embeddable":true,"href":"https:\/\/www.klimikdergisi.org\/tr\/wp-json\/wp\/v2\/comments?post=31171"}],"version-history":[{"count":4,"href":"https:\/\/www.klimikdergisi.org\/tr\/wp-json\/wp\/v2\/posts\/31171\/revisions"}],"predecessor-version":[{"id":31407,"href":"https:\/\/www.klimikdergisi.org\/tr\/wp-json\/wp\/v2\/posts\/31171\/revisions\/31407"}],"wp:featuredmedia":[{"embeddable":true,"href":"https:\/\/www.klimikdergisi.org\/tr\/wp-json\/wp\/v2\/media\/31367"}],"wp:attachment":[{"href":"https:\/\/www.klimikdergisi.org\/tr\/wp-json\/wp\/v2\/media?parent=31171"}],"wp:term":[{"taxonomy":"category","embeddable":true,"href":"https:\/\/www.klimikdergisi.org\/tr\/wp-json\/wp\/v2\/categories?post=31171"},{"taxonomy":"post_tag","embeddable":true,"href":"https:\/\/www.klimikdergisi.org\/tr\/wp-json\/wp\/v2\/tags?post=31171"}],"curies":[{"name":"wp","href":"https:\/\/api.w.org\/{rel}","templated":true}]}}