{"id":30895,"date":"2025-09-27T15:24:26","date_gmt":"2025-09-27T12:24:26","guid":{"rendered":"https:\/\/www.klimikdergisi.org\/?p=30895"},"modified":"2025-09-29T14:51:09","modified_gmt":"2025-09-29T11:51:09","slug":"antimikrobiyal-direncle-mucadelede-guncel-durum-ve-klimik-dergisinden-yeni-acilimlar","status":"publish","type":"post","link":"https:\/\/www.klimikdergisi.org\/tr\/2025\/09\/27\/antimikrobiyal-direncle-mucadelede-guncel-durum-ve-klimik-dergisinden-yeni-acilimlar\/","title":{"rendered":"Antimikrobiyal Diren\u00e7le M\u00fccadelede G\u00fcncel Durum ve Klimik Dergisi\u2019nden Yeni A\u00e7\u0131l\u0131mlar"},"content":{"rendered":"<p class=\"p1\"><span class=\"s1\"><i>Klimik Dergisi<\/i><\/span> yeni say\u0131s\u0131yla kar\u015f\u0131n\u0131zda. Bu say\u0131da ara\u015ft\u0131rma makaleleri ve olgu sunumlar\u0131n\u0131n yan\u0131 s\u0131ra, \u0130nfeksiyon Hastal\u0131klar\u0131 ve Klinik Mikrobiyoloji alan\u0131nda \u00e7al\u0131\u015fan meslekta\u015flar\u0131m\u0131za ve sa\u011fl\u0131k y\u00f6neticilerine g\u00fcnl\u00fck pratikte yol g\u00f6sterecek yaz\u0131lar bulacaks\u0131n\u0131z.<\/p>\n<p class=\"p3\">Hacettepe \u00dcniversitesi T\u0131p Fak\u00fcltesi\u2019nden Prof. Dr. \u00d6mr\u00fcm Uzun, antimikrobiyal y\u00f6neti\u015fim program\u0131 ba\u015flatmak isteyen merkezlere \u00f6rnek olabilecek, yol haritas\u0131 olu\u015fturmalar\u0131na yard\u0131mc\u0131 olacak bir <span class=\"s1\"><b>Rapor\/G\u00f6r\u00fc\u015f<\/b><\/span> yaz\u0131s\u0131 haz\u0131rlad\u0131. Antimikrobiyal diren\u00e7 (AMD), COVID-19 pandemisi \u00f6ncesinde en \u00f6nemli sa\u011fl\u0131k g\u00fcndemiydi. Sa\u011fl\u0131k otoriteleri ve konuyla ilgili uzmanlar dikkat ve enerjilerini AMD\u2019nin \u00f6nlemesine yo\u011funla\u015ft\u0131rm\u0131\u015ft\u0131. Pandemi bu odaklanmay\u0131 bozdu ve bu dergide yer alan baz\u0131 \u00e7al\u0131\u015fmalar\u0131n da g\u00f6sterdi\u011fi \u00fczere AMD art\u0131\u015f\u0131na yol a\u00e7t\u0131. Pandeminin etkisinin azalmas\u0131yla birlikte bu b\u00fcy\u00fck sorunla tekrar y\u00fczle\u015fmek zorunda kald\u0131k.<\/p>\n<p class=\"p3\">Washington \u00dcniversitesi\u2019nin Uluslararas\u0131 Sa\u011fl\u0131k Verileri ve Analizi Enstit\u00fcs\u00fc\u2019n\u00fcn (Institute for Health Metrics and Evaluation, IHME) verilerine g\u00f6re 2021 y\u0131l\u0131nda d\u00fcnya genelinde 1.14 milyon insan do\u011frudan AMD nedeniyle hayat\u0131n\u0131 kaybetmi\u015ftir (1). Ayn\u0131 kurum, AMD\u2019nin \u00fclke baz\u0131nda sa\u011fl\u0131k sistemlerine getirdi\u011fi y\u00fckleri de verilerle ortaya koymaktad\u0131r. Bu verilere g\u00f6re, \u00fclkemizde 1990\u2019dan bu yana her y\u0131l 8000\u2019den fazla ki\u015fi AMD nedeniyle hayat\u0131n\u0131 kaybetmektedir (2). \u00dclkemizde ba\u015far\u0131yla s\u00fcrd\u00fcr\u00fclen Ulusal Antimikrobiyal Diren\u00e7 S\u00fcrveyans (UAMDS) A\u011f\u0131 2022\u20132023 Y\u0131ll\u0131k Raporu\u2019nda, <span class=\"s1\"><i>Klebsiella <\/i><\/span>su\u015flar\u0131nda karbapenem direnci %55 olarak bildirilmi\u015ftir (3). Bu oran, 2021\u2019de %49.1, 2022\u2019de ise %52 idi. Bu art\u0131\u015f e\u011filimi kayg\u0131 vericidir. D\u00fcnya Sa\u011fl\u0131k \u00d6rg\u00fct\u00fc, 25 Eyl\u00fcl 2025\u2019te K\u00fcresel Antimikrobiyal Diren\u00e7 S\u00fcrveyans Sistemi\u2019ni (Global Antimicrobial Resistance and Use Surveillance System, GLASS) g\u00fcncellendi (4). Sistemin kapsad\u0131\u011f\u0131 141 \u00fclke verileri incelendi\u011finde, T\u00fcrkiye\u2019de AMD ile m\u00fccadelede \u00f6nemli eksiklikler oldu\u011fu anla\u015f\u0131lmaktad\u0131r. Sa\u011fl\u0131k hizmetlerinin niteli\u011fini ciddi \u015fekilde bozan, b\u00fcy\u00fck ekonomik ve t\u0131bbi y\u00fck getiren bu soruna y\u00f6nelik m\u00fccadeleyi g\u00fc\u00e7lendirmemiz gerekmektedir. Bu noktada, infeksiyon hastal\u0131klar\u0131 ve klinik mikrobiyoloji uzmanlar\u0131 olarak bizlere b\u00fcy\u00fck sorumluluk d\u00fc\u015f\u00fcyor.<\/p>\n<p class=\"p3\"><span class=\"s2\">Yeni t\u00fcrdeki bir yaz\u0131da, <\/span><span class=\"s3\"><b>KL\u0130M\u0130K Mobil<\/b><\/span><span class=\"s2\"> uygulamas\u0131n\u0131n \u2018<\/span><span class=\"s3\"><b>Uzman\u0131na <\/b><\/span><span class=\"s1\"><b>Sor<\/b><\/span>\u2019 mod\u00fcl\u00fc arac\u0131l\u0131\u011f\u0131yla sizlerden gelen toplum k\u00f6kenli ve sa\u011fl\u0131k bak\u0131m\u0131 ili\u015fkili infeksiyonlara y\u00f6nelik pratik sorulara verilen uzman yan\u0131tlar\u0131n\u0131 derledik. S\u00f6z konusu yaz\u0131da, tart\u0131\u015fmal\u0131 alanlarda, bilgiye eri\u015fimin zor oldu\u011fu konularda uzmanlar\u0131m\u0131z\u0131n bilgi ve tecr\u00fcbeleriyle haz\u0131rlad\u0131klar\u0131 en g\u00fcncel bilimsel \u00f6neriler sizlerle bulu\u015fuyor. Yo\u011fun i\u015f y\u00fck\u00fcne ra\u011fmen, gece g\u00fcnd\u00fcz demeden gelen sorular\u0131 h\u0131zla yan\u0131tlayan meslekta\u015flar\u0131m\u0131za \u00e7ok te\u015fekk\u00fcr ederiz. Bu mod\u00fclde biriken bilgileri belli aral\u0131klarla yaz\u0131l\u0131 olarak payla\u015fmaya devam edece\u011fiz. B\u00f6ylelikle \u00f6nemli bir ba\u015fvuru kayna\u011f\u0131 olu\u015fmas\u0131n\u0131 hedefliyoruz. <span class=\"s1\"><b>KL\u0130M\u0130K Mobil<\/b><\/span> uygulamas\u0131n\u0131n \u00fcyelerimiz taraf\u0131ndan giderek daha \u00e7ok kullan\u0131ld\u0131\u011f\u0131n\u0131 g\u00f6rmek bizi mutlu ediyor; bu uygulamaya emek veren herkese camiam\u0131za ve alan\u0131m\u0131za sa\u011flad\u0131klar\u0131 de\u011ferli katk\u0131lar\u0131 i\u00e7in \u00e7ok te\u015fekk\u00fcr ediyoruz.<\/p>\n<p class=\"p3\"><span class=\"s1\"><i>Klimik Dergisi<\/i><\/span>, yeni yaz\u0131 t\u00fcrleri ile \u00f6n\u00fcm\u00fczdeki say\u0131larda da bilimsel \u00fcretimlerinizi en uygun ve h\u0131zl\u0131 \u015fekilde bilim camias\u0131na ula\u015ft\u0131rmaya gayret edecek. \u00d6n\u00fcm\u00fczdeki say\u0131dan itibaren <span class=\"s1\"><b>G\u00f6r\u00fcnt\u00fcden Tan\u0131ya <\/b><\/span>ba\u015fl\u0131kl\u0131 yeni bir b\u00f6l\u00fcm\u00fcm\u00fcz daha olacak. Bu b\u00f6l\u00fcmde, hastalar\u0131n\u0131zda kar\u015f\u0131la\u015ft\u0131\u011f\u0131n\u0131z ilgin\u00e7 patolojilere ait g\u00f6r\u00fcnt\u00fcleri (radyolojik, mikroskobik veya makroskobik g\u00f6r\u00fcnt\u00fcler olabilir) y\u00fcksek \u00e7\u00f6z\u00fcn\u00fcrl\u00fckl\u00fc foto\u011fraf veya video \u015feklinde bize g\u00f6ndermenizi istiyoruz. G\u00f6r\u00fcnt\u00fcyle birlikte hastan\u0131n ve patolojinin k\u0131sa tan\u0131m\u0131n\u0131 i\u00e7eren bir paragrafl\u0131k mini olgu sunumu ve ard\u0131ndan konunun \u00f6nemli noktalar\u0131n\u0131 vurgulayan k\u0131sa bir bilgi \u00f6zeti haz\u0131rlaman\u0131z\u0131 bekliyoruz. \u00d6zellikle gen\u00e7 meslekta\u015flar\u0131m\u0131z\u0131n deneyim kazanmas\u0131n\u0131 destekleyecek <span class=\"s1\"><b>G\u00f6r\u00fcnt\u00fcden Tan\u0131ya<\/b><\/span> b\u00f6l\u00fcm\u00fc i\u00e7in katk\u0131lar\u0131n\u0131z\u0131 heyecanla bekliyoruz.<\/p>\n<p class=\"p3\">Bilim, sa\u011fl\u0131k ve \u00fcretimle dolu g\u00fczel g\u00fcnler dile\u011fiyle.<\/p>\n","protected":false},"excerpt":{"rendered":"<p>Klimik Dergisi yeni say\u0131s\u0131yla kar\u015f\u0131n\u0131zda. Bu say\u0131da ara\u015ft\u0131rma makaleleri ve olgu sunumlar\u0131n\u0131n yan\u0131 s\u0131ra, \u0130nfeksiyon Hastal\u0131klar\u0131 ve Klinik Mikrobiyoloji alan\u0131nda \u00e7al\u0131\u015fan meslekta\u015flar\u0131m\u0131za ve sa\u011fl\u0131k y\u00f6neticilerine g\u00fcnl\u00fck pratikte yol g\u00f6sterecek yaz\u0131lar bulacaks\u0131n\u0131z. Hacettepe \u00dcniversitesi T\u0131p Fak\u00fcltesi\u2019nden Prof. Dr. \u00d6mr\u00fcm Uzun, antimikrobiyal y\u00f6neti\u015fim program\u0131 ba\u015flatmak isteyen merkezlere \u00f6rnek olabilecek, yol haritas\u0131 olu\u015fturmalar\u0131na yard\u0131mc\u0131 olacak bir Rapor\/G\u00f6r\u00fc\u015f yaz\u0131s\u0131 [&hellip;]<\/p>\n","protected":false},"author":2,"featured_media":0,"comment_status":"closed","ping_status":"closed","sticky":false,"template":"","format":"standard","meta":{"_acf_changed":false,"footnotes":""},"categories":[5137],"tags":[],"class_list":["post-30895","post","type-post","status-publish","format-standard","hentry","category-editor-gorusu"],"acf":[],"_links":{"self":[{"href":"https:\/\/www.klimikdergisi.org\/tr\/wp-json\/wp\/v2\/posts\/30895","targetHints":{"allow":["GET"]}}],"collection":[{"href":"https:\/\/www.klimikdergisi.org\/tr\/wp-json\/wp\/v2\/posts"}],"about":[{"href":"https:\/\/www.klimikdergisi.org\/tr\/wp-json\/wp\/v2\/types\/post"}],"author":[{"embeddable":true,"href":"https:\/\/www.klimikdergisi.org\/tr\/wp-json\/wp\/v2\/users\/2"}],"replies":[{"embeddable":true,"href":"https:\/\/www.klimikdergisi.org\/tr\/wp-json\/wp\/v2\/comments?post=30895"}],"version-history":[{"count":2,"href":"https:\/\/www.klimikdergisi.org\/tr\/wp-json\/wp\/v2\/posts\/30895\/revisions"}],"predecessor-version":[{"id":30964,"href":"https:\/\/www.klimikdergisi.org\/tr\/wp-json\/wp\/v2\/posts\/30895\/revisions\/30964"}],"wp:attachment":[{"href":"https:\/\/www.klimikdergisi.org\/tr\/wp-json\/wp\/v2\/media?parent=30895"}],"wp:term":[{"taxonomy":"category","embeddable":true,"href":"https:\/\/www.klimikdergisi.org\/tr\/wp-json\/wp\/v2\/categories?post=30895"},{"taxonomy":"post_tag","embeddable":true,"href":"https:\/\/www.klimikdergisi.org\/tr\/wp-json\/wp\/v2\/tags?post=30895"}],"curies":[{"name":"wp","href":"https:\/\/api.w.org\/{rel}","templated":true}]}}