{"id":30774,"date":"2025-09-27T15:25:15","date_gmt":"2025-09-27T12:25:15","guid":{"rendered":"https:\/\/www.klimikdergisi.org\/?p=30774"},"modified":"2025-09-27T16:07:01","modified_gmt":"2025-09-27T13:07:01","slug":"antimikrobiyal-yonetisim-kurulum-ve-akreditasyon","status":"publish","type":"post","link":"https:\/\/www.klimikdergisi.org\/tr\/2025\/09\/27\/antimikrobiyal-yonetisim-kurulum-ve-akreditasyon\/","title":{"rendered":"T\u00fcrkiye\u2019de Bir Hastanede Ad\u0131m Ad\u0131m Antimikrobiyal Y\u00f6neti\u015fim Program\u0131 Kurulmas\u0131 ve Akreditasyon"},"content":{"rendered":"<h2>G\u0130R\u0130\u015e<\/h2>\n<p>Bu yaz\u0131da D\u00fcnya Sa\u011fl\u0131k \u00d6rg\u00fct\u00fc (DS\u00d6)\u2019n\u00fcn <i>D\u00fc\u015f\u00fck ve Orta Gelirli \u00dclkelerde Antimikrobiyal Y\u00f6neti\u015fim Programlar\u0131 K\u0131lavuzu <\/i>ile Amerikan \u0130nfeksiyon Hastal\u0131klar\u0131 Derne\u011fi (The Infectious Diseases Society of America, IDSA) ve Amerikan Sa\u011fl\u0131k Hizmeti Epidemiyolojisi Derne\u011fi (The Society for Healthcare Epidemiology of America, SHEA)\u2019nin <i>Antimikrobiyal Y\u00f6neti\u015fim i\u00e7in Kurumsal Bir Program Geli\u015ftirme K\u0131lavuzu <\/i>temel al\u0131nm\u0131\u015ft\u0131r. Ama\u00e7, Hacettepe Eri\u015fkin ve Onkoloji Hastanelerinin Antimikrobiyal Y\u00f6neti\u015fim Program\u0131 (AYP) deneyimlerini de dikkate alarak, kendi hastanesinde bu program\u0131 kurmak isteyen gen\u00e7 infeksiyon hastal\u0131klar\u0131 uzmanlar\u0131na yard\u0131mc\u0131 olmakt\u0131r. Bu nedenle yaz\u0131, soru-yan\u0131t tarz\u0131nda haz\u0131rlanm\u0131\u015f ve yap\u0131lmas\u0131 gerekenler \u201cad\u0131mlar\u201d \u015feklinde \u00f6zetlenmi\u015ftir.<span class=\"Apple-converted-space\">\u00a0<\/span><\/p>\n<p>Hacettepe \u0130nfeksiyon Hastal\u0131klar\u0131 ve Klinik Mikrobiyoloji Anabilim Dal\u0131\u2019n\u0131n yerel tan\u0131 ve tedavi algoritmalar\u0131na <a href=\"https:\/\/enfeksiyon.hacettepe.edu.tr\">https:\/\/enfeksiyon.hacettepe.edu.tr<\/a> adresinden, AYP ile ilgili di\u011fer belgelere ise <a href=\"https:\/\/enfeksiyon.hacettepe.edu.tr\/tr\/menu\/antibiyotik_yonetisim_birimi-227\">https:\/\/enfeksiyon.hacettepe.edu.tr\/tr\/menu\/antibiyotik_yonetisim_birimi-227<\/a> adresinden ula\u015fabilir.<\/p>\n<h2>TANIM<\/h2>\n<p>Antimikrobiyal y\u00f6neti\u015fim (Antimicrobial stewardship) (AMY), antimikrobiyallerin uygun kullan\u0131m\u0131n\u0131 destekleyen, b\u00f6ylelikle hastalar\u0131n iyile\u015fmesini art\u0131rmaya, diren\u00e7 geli\u015fimini \u00f6nlemeye ve \u00e7oklu ilaca diren\u00e7li organizmalar\u0131n yay\u0131lmas\u0131n\u0131 kontrol alt\u0131na almaya y\u00f6nelik koordine bir programd\u0131r. \u0130lkeleri \u201cak\u0131lc\u0131 antibiyotik kullan\u0131m\u0131\u201d ile ayn\u0131d\u0131r; ancak en \u00f6nemli fark, bu ilkelerin uygulanmas\u0131n\u0131n ki\u015filerin inisiyatifine b\u0131rak\u0131lmam\u0131\u015f olmas\u0131d\u0131r.<\/p>\n<h2>ANT\u0130M\u0130KROB\u0130YAL Y\u00d6NET\u0130\u015e\u0130M PROGRAMININ GEREK\u00c7ES\u0130<\/h2>\n<h2>D\u00fcnyada Durum<\/h2>\n<p>Alexander Fleming\u2019in 1928\u2019de penisilini ke\u015ffetmesinden sonra, b\u00fcy\u00fck miktarlarda \u00fcretim 1940\u2019lar\u0131n ba\u015f\u0131nda m\u00fcmk\u00fcn olmu\u015f ve 1943\u2019te m\u00fcttefik askerleri taraf\u0131ndan yayg\u0131n bi\u00e7imde kullanmaya ba\u015flanm\u0131\u015ft\u0131r. Bundan 2 y\u0131l sonra, 1945\u2019te Nobel T\u0131p \u00d6d\u00fcl\u00fc konu\u015fmas\u0131nda Fleming \u201cLaboratuvarda mikroplar\u0131 \u00f6ld\u00fcrmeyecek dozda penisiline maruz b\u0131rakarak diren\u00e7 geli\u015ftirmek m\u00fcmk\u00fcnd\u00fcr; ayn\u0131 \u015fey bazen insanda da olmaktad\u0131r. Penisilinin d\u00fckk\u00e2nlardan serbest\u00e7e sat\u0131n al\u0131nabilece\u011fi bir zaman gelebilir. \u0130\u015fte o zaman cahil ki\u015fi penisilini az dozda kulland\u0131\u011f\u0131nda, mikroplar \u00f6ld\u00fcr\u00fcc\u00fc d\u00fczeyde olmayan ila\u00e7la kar\u015f\u0131la\u015ft\u0131\u011f\u0131 i\u00e7in diren\u00e7 geli\u015febilir\u201d diyerek bu soruna dikkat \u00e7ekmi\u015ftir (1).<span class=\"Apple-converted-space\">\u00a0<\/span><\/p>\n<p>Zaman Fleming\u2019i hakl\u0131 \u00e7\u0131karm\u0131\u015ft\u0131r; diren\u00e7 geli\u015fmemi\u015f tek bir antibiyotik yoktur. D\u00fcnya Sa\u011fl\u0131k \u00d6rg\u00fct\u00fc\u2019n\u00fcn 2024 y\u0131l\u0131 <i>kritik \u00f6ncelikli patojenler <\/i>listesinde ilk \u00fc\u00e7 s\u0131ray\u0131, karbapenem diren\u00e7li <i>Enterobacterales<\/i>, \u00fc\u00e7\u00fcnc\u00fc ku\u015fak sefalosporin diren\u00e7li <i>Enterobacterales <\/i>ve karbapenem diren\u00e7li <i>Acinetobacter baumanii <\/i>almaktad\u0131r (2). Yine DS\u00d6 verilerine g\u00f6re, y\u0131lda 1.27 milyon ki\u015fi do\u011frudan diren\u00e7li infeksiyonlar nedeniyle ya\u015fam\u0131n\u0131 yitirmekte, 2050 y\u0131l\u0131nda ise diren\u00e7 nedeniyle y\u0131lda 10 milyon insan\u0131n \u00f6lebilece\u011fi \u00f6ng\u00f6r\u00fclmektedir (3). Diren\u00e7 art\u0131\u015f\u0131n\u0131n temel nedenlerinden biri antibiyotiklerin yanl\u0131\u015f kullan\u0131m\u0131d\u0131r. Genel olarak, re\u00e7ete edilen antibiyotiklerin yakla\u015f\u0131k %50\u2019si gereksizdir. Bu durum, COVID-19 pandemisinde daha da belirginlemi\u015ftir.<\/p>\n<p>Diren\u00e7 tablosu bu kadar ciddi iken, yeni antibiyotik geli\u015ftirilmesi b\u00fcy\u00fck oranda geride kalm\u0131\u015ft\u0131r. D\u00fcnya Sa\u011fl\u0131k \u00d6rg\u00fct\u00fc\u2019n\u00fcn 2023 raporuna g\u00f6re, 2017\u2019den bu yana sadece 12 yeni antibiyotik onaylanm\u0131\u015ft\u0131r ve bunlar\u0131n sadece ikisi kritik \u00f6ncelikli patojen listesindeki bakterileri hedef almaktad\u0131r (4). Yeni antibiyotik geli\u015ftirilmesindeki bu yava\u015fl\u0131\u011f\u0131n birden fazla nedeni olmakla birlikte, temel sorun antibiyotiklerin ekonomik getirisinin \u00e7ok d\u00fc\u015f\u00fck olmas\u0131d\u0131r. Yeni bir tedavi molek\u00fcl\u00fcn\u00fcn bulunmas\u0131ndan klinik kullan\u0131ma girmesine kadar ge\u00e7en s\u00fcre\u00e7te 1 milyar Amerikan dolar\u0131ndan fazla harcama yap\u0131lmaktad\u0131r. Ancak piyasaya \u00e7\u0131kan antibiyoti\u011fe k\u0131sa s\u00fcrede diren\u00e7 geli\u015fmesi, ilac\u0131n kullan\u0131m\u0131n\u0131 azaltmakta ve maddi getirisini d\u00fc\u015f\u00fcrmektedir. K\u0131sacas\u0131, t\u00fcnelin ucundaki \u0131\u015f\u0131k giderek zay\u0131flamaktad\u0131r.<\/p>\n<p>Antibiyotik direncinin ekonomik sonu\u00e7lar\u0131 da \u00e7ok ciddi boyuttad\u0131r. D\u00fcnya Bankas\u0131\u2019n\u0131n 2024 verilerine g\u00f6re, 2050 y\u0131l\u0131nda sa\u011fl\u0131k hizmetleri i\u00e7in fazladan 1.5 trilyon Amerikan dolar\u0131 harcanmas\u0131 gerekecektir (5). G\u00fcn\u00fcm\u00fczde diren\u00e7li mikroorganizmalarla geli\u015fen infeksiyonlar\u0131n tedavisi Amerika Birle\u015fik Devletleri (ABD)\u2019nde y\u0131lda 20 milyar dolar, Avrupa Birli\u011fi ve Avrupa Ekonomik Alan\u0131\u2019nda ise 1.5 milyar Avro ekstra maliyet y\u00fck\u00fcne neden olmaktad\u0131r. Diren\u00e7li infeksiyonlar\u0131n tedavi maliyeti, diren\u00e7li olmayanlara k\u0131yasla 2\u20133 kat\u0131 daha fazlad\u0131r. D\u00fcnya Bankas\u0131 ve DS\u00d6, herhangi bir m\u00fcdahale yap\u0131lmazsa 2030 y\u0131l\u0131nda 24 milyon ki\u015finin yaln\u0131zca bu nedenle yoksullu\u011fa s\u00fcr\u00fcklenece\u011fini; s\u0131n\u0131rl\u0131 tan\u0131 ve tedavi olanaklar\u0131n\u0131n bulundu\u011fu d\u00fc\u015f\u00fck gelirli \u00fclkelerde, direncin neden oldu\u011fu maliyetin \u00e7ok daha etkili olaca\u011f\u0131n\u0131 \u00f6ng\u00f6rmektedir.<\/p>\n<h2>T\u00fcrkiye\u2019de Durum<\/h2>\n<p>T\u00fcrkiye\u2019de, 2005 y\u0131l\u0131nda geni\u015f spektrumlu antimikrobiyaller i\u00e7in infeksiyon hastal\u0131klar\u0131 uzman\u0131 onay\u0131 uygulamas\u0131na ba\u015flanm\u0131\u015f, 2013 y\u0131l\u0131nda ise t\u00fcm antibiyotikler i\u00e7in re\u00e7ete zorunlulu\u011fu getirilmi\u015ftir. Ancak bu d\u00fczenlemelere ra\u011fmen, antibiyotik direnci \u00f6nemli bir sorun olmaya devam etmektedir.<span class=\"Apple-converted-space\">\u00a0<\/span><\/p>\n<div id=\"attachment_30860\" style=\"width: 2200px\" class=\"wp-caption alignright\"><a href=\"https:\/\/www.klimikdergisi.org\/wp-content\/uploads\/2025\/09\/KLM.C38.S3_5293_Tablo1.png\"><img loading=\"lazy\" decoding=\"async\" aria-describedby=\"caption-attachment-30860\" class=\"size-full wp-image-30860\" src=\"https:\/\/www.klimikdergisi.org\/wp-content\/uploads\/2025\/09\/KLM.C38.S3_5293_Tablo1.png\" alt=\"\" width=\"2190\" height=\"958\" srcset=\"https:\/\/www.klimikdergisi.org\/wp-content\/uploads\/2025\/09\/KLM.C38.S3_5293_Tablo1.png 2190w, https:\/\/www.klimikdergisi.org\/wp-content\/uploads\/2025\/09\/KLM.C38.S3_5293_Tablo1-390x171.png 390w, https:\/\/www.klimikdergisi.org\/wp-content\/uploads\/2025\/09\/KLM.C38.S3_5293_Tablo1-810x354.png 810w, https:\/\/www.klimikdergisi.org\/wp-content\/uploads\/2025\/09\/KLM.C38.S3_5293_Tablo1-768x336.png 768w\" sizes=\"auto, (max-width: 2190px) 100vw, 2190px\" \/><\/a><p id=\"caption-attachment-30860\" class=\"wp-caption-text\"><strong>Tablo 1.<\/strong> Ulusal Sa\u011fl\u0131k Hizmeti \u0130li\u015fkili Enfeksiyonlar Su\u0308rveyans A\u011f\u0131 (USH\u0130ESA) Kan Dola\u015f\u0131m\u0131 \u0130nfeksiyonlar\u0131 Genel Diren\u00e7 Rakamlar\u0131<\/p><\/div>\n<p>Ulusal Sa\u011fl\u0131k Hizmeti \u0130li\u015fkili Enfeksiyonlar S\u00fcrveyans A\u011f\u0131 (USH\u0130ESA) verilerine g\u00f6re, kan dola\u015f\u0131m\u0131 infeksiyonlar\u0131nda vankomisin diren\u00e7li <i>Enterococcus faecium<\/i> oran\u0131 %25\u2019e, metisilin diren\u00e7li <i>Staphylococcus aureus<\/i> (MRSA) oran\u0131 ise %56\u2019ya ula\u015fm\u0131\u015ft\u0131r (6). <i>Escherichia coli<\/i>\u2019de \u00fc\u00e7\u00fcnc\u00fc ku\u015fak sefalosporinlere diren\u00e7 %65\u2019i ge\u00e7mi\u015f, meropenem direnci %14\u2019e ula\u015fm\u0131\u015ft\u0131r. <i>Acinetobacter baumannii<\/i>\u2019de meropenem direnci %90\u2019\u0131n \u00fczerindedir. Meropenem direnci <i>Klebsiella pneumoniae<\/i>\u2019da %80, <i>Pseudomonas aeruginosa<\/i>\u2019da %52\u2019dir (Tablo 1). Ekonomik \u0130\u015fbirli\u011fi ve Kalk\u0131nma \u00d6rg\u00fct\u00fc (Organisation for Economic Co-operation and Development, OECD) \u00f6ng\u00f6r\u00fclerine g\u00f6re 2050 y\u0131l\u0131nda diren\u00e7li infeksiyonlara ba\u011fl\u0131 \u00f6l\u00fcm say\u0131s\u0131nda ilk s\u0131rada ABD (24 000 \u00f6l\u00fcm), ikinci s\u0131rada ise T\u00fcrkiye (23 000 \u00f6l\u00fcm) yer alacakt\u0131r (7).<span class=\"Apple-converted-space\">\u00a0<\/span><\/p>\n<h2>KISA TAR\u0130H\u00c7E<\/h2>\n<p>1990\u2019l\u0131 y\u0131llarda Avrupa\u2019da, hastane \u00e7ap\u0131nda antibiyotiklerin uygun kullan\u0131m\u0131na y\u00f6nelik uygulamalar ba\u015flat\u0131lm\u0131\u015ft\u0131r (Fransa\u2019da <i>Programme de<\/i> <i>Bon Usage des Antibiotiques<\/i> &#8211; \u0130yi Antibiyotik Kullan\u0131m\u0131 Program\u0131; Almanya\u2019da <i>Strategien zum Rationalen Einsatz von Antiinfektiva<\/i> &#8211; Antiinfektiflerin Ak\u0131lc\u0131 Kullan\u0131m\u0131na Y\u00f6nelik Stratejiler; Hollanda\u2019da <i>Rationeel antibiotica beleid\/gebruik<\/i> &#8211; Ak\u0131lc\u0131 Antibiyotik Politikas\u0131\/Kullan\u0131m\u0131).<span class=\"Apple-converted-space\">\u00a0<\/span><\/p>\n<p><a href=\"https:\/\/www.klimikdergisi.org\/wp-content\/uploads\/2025\/09\/KLM.C38.S3_5293_Sekil.png\"><img loading=\"lazy\" decoding=\"async\" class=\"alignright size-full wp-image-30858\" src=\"https:\/\/www.klimikdergisi.org\/wp-content\/uploads\/2025\/09\/KLM.C38.S3_5293_Sekil.png\" alt=\"\" width=\"1069\" height=\"631\" srcset=\"https:\/\/www.klimikdergisi.org\/wp-content\/uploads\/2025\/09\/KLM.C38.S3_5293_Sekil.png 1069w, https:\/\/www.klimikdergisi.org\/wp-content\/uploads\/2025\/09\/KLM.C38.S3_5293_Sekil-390x230.png 390w, https:\/\/www.klimikdergisi.org\/wp-content\/uploads\/2025\/09\/KLM.C38.S3_5293_Sekil-810x478.png 810w, https:\/\/www.klimikdergisi.org\/wp-content\/uploads\/2025\/09\/KLM.C38.S3_5293_Sekil-768x453.png 768w\" sizes=\"auto, (max-width: 1069px) 100vw, 1069px\" \/><\/a>Literat\u00fcrde \u201cantimikrobiyal y\u00f6neti\u015fim\u201d terimini ilk kez 1996 y\u0131l\u0131nda McGowan ve Gerding kullanm\u0131\u015ft\u0131r. Uzun s\u00fcre \u00e7ok d\u00fc\u015f\u00fck say\u0131da kalan yay\u0131nlar, 2007 y\u0131l\u0131nda belirgin bir art\u0131\u015f g\u00f6stermeye ba\u015flam\u0131\u015f ve g\u00fcn\u00fcm\u00fcze dek logaritmik olarak y\u00fckselmi\u015ftir. Bu k\u0131r\u0131lma noktas\u0131n\u0131n, IDSA ve SHEA taraf\u0131ndan ortakla\u015fa geli\u015ftirilen k\u0131lavuzun yay\u0131mlanmas\u0131 ile ili\u015fkili oldu\u011fu d\u00fc\u015f\u00fcn\u00fclmektedir (8). Bu tarihten itibaren, bir \u00e7ok \u00fclkede hastane ve\/veya ulusal d\u00fczeyde AYP haz\u0131rlanm\u0131\u015f ve uygulanmaya konulmu\u015ftur. Bu programlar\u0131n antibiyotik t\u00fcketimi, antibiyotik direnci ve hasta y\u00f6netim prati\u011findeki etkilerini de\u011ferlendiren yay\u0131nlar birbirinin ard\u0131 s\u0131ra gelmi\u015ftir. G\u00fcn\u00fcm\u00fczde 20\u2019ye yak\u0131n \u00fclkenin ulusal AYP, 145 \u00fclkenin antimikrobiyal diren\u00e7 eylem plan\u0131 vard\u0131r. T\u00fcrkiye\u2019de ulusal program geli\u015ftirme \u00e7al\u0131\u015fmalar\u0131 halen devam etmekte olup kendi \u00e7ap\u0131nda AYP olu\u015fturmu\u015f ya da olu\u015fturma s\u00fcrecinde olan hastane say\u0131s\u0131 giderek artmaktad\u0131r.<span class=\"Apple-converted-space\">\u00a0<\/span><\/p>\n<h2>B\u0130R HASTANEDE ANT\u0130M\u0130KROB\u0130YAL Y\u00d6NET\u0130\u015e\u0130M PROGRAMININ PLANLANMASI<\/h2>\n<p><b>SORU 1: <\/b>H\u00e2len yasal bir d\u00fczenleme yok iken hastanede AYP olu\u015fturulabilir mi?<\/p>\n<p><b>YANIT 1: <\/b>Hastane \u00e7ap\u0131nda AYP uygulamas\u0131n\u0131 ve d\u00fczenlemesini engelleyen bir durum yoktur. Bu konuda \u00e7al\u0131\u015fmalara en k\u0131sa s\u00fcrede ba\u015flamak gerekir. Nitekim, infeksiyon kontrol programlar\u0131 da \u00f6nce baz\u0131 hastanelerde uygulanmaya ba\u015flanm\u0131\u015f, yasal s\u00fcre\u00e7 ise bunu izlemi\u015ftir.<\/p>\n<p><b>SORU 2:<\/b> Bir hastanenin AYP\u2019sinin ana unsurlar\u0131 nedir?<\/p>\n<p><b>Y<\/b><b>ANIT 2:<\/b> Program\u0131n ana unsurlar\u0131 (core elements), DS\u00d6\u2019n\u00fcn <i>D\u00fc\u015f\u00fck ve Orta Gelirli \u00dclkelerde AYP Kurulmas\u0131 K\u0131lavuzu<\/i>\u2019nda \u015fu \u015fekilde tan\u0131mlanm\u0131\u015ft\u0131r (9):<\/p>\n<p><b><i>1. Hastane Y\u00f6netiminin Programa Ba\u011fl\u0131l\u0131\u011f\u0131 (Leadership Committment)<span class=\"Apple-converted-space\">\u00a0<\/span><\/i><\/b><\/p>\n<ul>\n<li>Antimikrobiyal y\u00f6neti\u015fim i\u00e7in maliyetin \u00f6ng\u00f6r\u00fclmesi ve insan kaynaklar\u0131n\u0131n ayr\u0131lmas\u0131,<span class=\"Apple-converted-space\">\u00a0<\/span><\/li>\n<li>Hastanenin eylem plan\u0131n\u0131n, mevcut ulusal ve uluslararas\u0131 k\u0131lavuzlara g\u00f6re uygun olarak antibiyotik kullan\u0131lmas\u0131na y\u00f6nelik faaliyetleri \u00f6nceliklendirmesi, ilerlemeyi ve sorumluluklar\u0131 \u00f6l\u00e7meyi hedeflemesi ve bu eylem plan\u0131n\u0131 gereken s\u0131kl\u0131kta g\u00fcncellenmesi,<\/li>\n<li>S\u00f6z konusu eylem plan\u0131 i\u00e7in ayr\u0131lm\u0131\u015f bir mali deste\u011fin bulunmas\u0131 (\u00f6rne\u011fin maa\u015f, e\u011fitim ve bili\u015fim deste\u011fi).<\/li>\n<\/ul>\n<p><b><i>2. Hesap Verebilirlik ve Sorumluluklar (Accountability and Responsibilities)<\/i><\/b><\/p>\n<ul>\n<li>G\u00f6rev tan\u0131m\u0131 yap\u0131lm\u0131\u015f multidisipliner bir AMY ekibi,<span class=\"Apple-converted-space\">\u00a0<\/span><\/li>\n<li>Sa\u011fl\u0131k kurulu\u015fu i\u00e7in tan\u0131mlanm\u0131\u015f bir AMY lideri (Bu ki\u015fi AYP\u2019nin y\u00fcr\u00fct\u00fclmesinde ekibe liderlik eder),<\/li>\n<li>Antimikrobiyal y\u00f6neti\u015fim faaliyetinde bulunacak ilgili sa\u011fl\u0131k personeli (\u00f6rne\u011fin yo\u011fun bak\u0131m \u00fcnitesi hizmetleri, i\u00e7 hastal\u0131klar\u0131 ve cerrahi uzmanl\u0131k alanlar\u0131, eczane, hem\u015firelik hizmetleri, vb),<\/li>\n<li>\u0130nfeksiyon Kontrol ve AMY ekipleri aras\u0131nda net bir \u015fekilde tan\u0131mlanm\u0131\u015f i\u015f birli\u011fi,<\/li>\n<li>Antimikrobiyal y\u00f6neti\u015fim program\u0131n\u0131n uygulanmas\u0131na ili\u015fkin haz\u0131rlanan d\u00fczenli ve tan\u0131mlay\u0131c\u0131 raporlar (Bu raporlar sa\u011fl\u0131k personeli, b\u00f6lgesel hastaneler ve ulusal AMY ekipleri ile payla\u015f\u0131l\u0131r. Raporlarda antibiyotik kullan\u0131m\u0131\/t\u00fcketimi verileri ve AMY ekibinin m\u00fcdahaleleri yer al\u0131r.),<\/li>\n<li>Antimikrobiyal y\u00f6neti\u015fim program\u0131n\u0131n uygulanmas\u0131na ili\u015fkin durum ve sonu\u00e7lar\u0131 i\u00e7eren d\u00fczenli faaliyet raporlar\u0131 (Yerel antibiyotik kullan\u0131m\u0131n\u0131n analizi ve y\u00f6neti\u015fim m\u00fcdahalelerinin etkisine dayanan k\u0131sa ve uzun vadeli hedeflerin zaman \u00e7izelgesi ve \u00f6l\u00e7\u00fclebilir sonu\u00e7lar\u0131n\u0131 i\u00e7eren bu raporlar sa\u011fl\u0131k personeli, b\u00f6lgesel hastaneler ve ulusal AMY ekipleri ile payla\u015f\u0131l\u0131r.).<\/li>\n<\/ul>\n<p><b><i>3. Antimikrobiyal Y\u00f6neti\u015fim Faaliyetleri (Antimicrobial Stewardship Actions)<\/i><\/b><\/p>\n<ul>\n<li>G\u00fcncel standart tedavi k\u0131lavuzlar\u0131,<\/li>\n<li>Hastanede baz\u0131 \u00f6zel antibiyotik tedavilerinin veya infeksiyonlar\u0131n AMY ekibi taraf\u0131ndan incelenmesi\/denetlenmesi,<\/li>\n<li>Antimikrobiyal y\u00f6neti\u015fim ekibinin \u00f6neri ve geri bildirimlerinin t\u00fcm re\u00e7ete yazan\/antibiyotik isteminde bulunanlara kolayl\u0131kla ula\u015f\u0131labilir durumda olmas\u0131,<\/li>\n<li>Sa\u011fl\u0131k kurulu\u015funda onaylanm\u0131\u015f bir antibiyotik listesi,<\/li>\n<li>Sa\u011fl\u0131k kurulu\u015funda onaylanm\u0131\u015f k\u0131s\u0131tl\u0131 antibiyotik listesi,<\/li>\n<li>Laboratuvar ve g\u00f6r\u00fcnt\u00fcleme hizmetlerinin AMY ekibi m\u00fcdahalelerini destekleyecek \u015fekilde ula\u015f\u0131labilir durumda olmas\u0131,<\/li>\n<li>Antimikrobiyal y\u00f6neti\u015fim faaliyetlerini destekleyecek bili\u015fim hizmetlerinin sa\u011flanmas\u0131,<\/li>\n<li>Standart ila\u00e7 istem ve izlem formlar\u0131 ile t\u0131bbi kay\u0131tlar\u0131n bulunmas\u0131,<\/li>\n<li>\u0130stemi verilen antibiyotiklerin belgelenmesi (\u0130stemi yapan hekimin, gerekti\u011finde ba\u015fka bir sa\u011fl\u0131k merkezi ile payla\u015f\u0131labilecek, endikasyonu ve ilac\u0131 \u2014 ilac\u0131n ad\u0131, dozu, verili\u015f yolu, aral\u0131\u011f\u0131 ve s\u00fcresi ve g\u00f6zden ge\u00e7irme tarihleri \u2014 i\u00e7eren formu doldurmas\u0131,<\/li>\n<\/ul>\n<p><b><i>4. E\u011fitim ve \u00d6\u011fretim (Education and Training)<\/i><\/b><\/p>\n<ul>\n<li>Sa\u011fl\u0131k personeline optimal antibiyotik kullan\u0131m\u0131 konusunda adaptasyon e\u011fitimi verilmesi,<\/li>\n<li>Sa\u011fl\u0131k personeline optimal antibiyotik kullan\u0131m\u0131 konusunda s\u00fcrekli e\u011fitim sa\u011flanmas\u0131,<\/li>\n<li>Antimikrobiyal y\u00f6neti\u015fim ekibi\/komitesi \u00fcyelerinin adaptasyonu s\u0131ras\u0131nda ve sonras\u0131nda d\u00fczenli olarak, infeksiyon y\u00f6netimindeki rolleri konusunda e\u011fitilmesi.<\/li>\n<\/ul>\n<p><b><i>5. Monitorizasyon ve S\u00fcrveyans (Monitoring and Surveillance)<\/i><\/b><\/p>\n<ul>\n<li>Antimikrobiyal y\u00f6neti\u015fim program\u0131 \u00e7al\u0131\u015fmalar\u0131n\u0131n d\u00fczenli bir \u015fekilde izlenmesi,<\/li>\n<li>Antibiyotik kullan\u0131m\u0131n\u0131n uygunlu\u011funun denetlenmesi (Hastanenin tamam\u0131nda veya belirli birimlerinde, belirli bir infeksiyonda ya da belirli bir hasta gruplar\u0131nda),<span class=\"Apple-converted-space\">\u00a0<\/span><\/li>\n<li>Antibiyotik t\u00fcketiminin monitorizasyonu (Hastane genelinde veya birim baz\u0131nda t\u00fcketilen\/sat\u0131n al\u0131nan\/istemi yap\u0131lan\/hastaya verilen antibiyotik miktar\u0131n\u0131n \u00f6l\u00e7\u00fclmesi),<\/li>\n<li>Anahtar indikat\u00f6r bakteriler i\u00e7in antibiyotik duyarl\u0131l\u0131k ve diren\u00e7 oranlar\u0131n\u0131n monitorizasyonu,<\/li>\n<li>Antimikrobiyal y\u00f6neti\u015fim m\u00fcdahalelerine uyumun izlenmesi.<\/li>\n<\/ul>\n<p><b><i>6. Raporlama ve Geri Bildirim (Reporting and Feedback)<\/i><\/b><\/p>\n<ul>\n<li>Antibiyotik t\u00fcketim ve diren\u00e7 verilerinin, antibiyotik kullan\u0131m\u0131n\u0131n uygunlu\u011funun d\u00fczenli olarak antibiyotik isteminde bulunanlarla payla\u015f\u0131lmas\u0131.<span class=\"Apple-converted-space\">\u00a0<\/span><\/li>\n<\/ul>\n<p class=\"p1\"><strong><span class=\"s1\">Birinci ad\u0131m,<\/span> hastane y\u00f6netimine antimikrobiyal y\u00f6neti\u015fimin \u00f6neminin, hastaneye ve hasta hizmetine potansiyel katk\u0131lar\u0131n\u0131n anlat\u0131lmas\u0131 ve deste\u011finin sa\u011flanmas\u0131d\u0131r. B\u00f6yle bir destek olmad\u0131k\u00e7a program\u0131n ba\u015far\u0131ya ula\u015fmas\u0131 m\u00fcmk\u00fcn de\u011fildir.<\/strong><\/p>\n<p>Y\u00f6netim antimikrobiyal y\u00f6neti\u015fimin, infeksiyonlar\u0131n \u00f6nlenmesi ve kontrol\u00fc konusunda oldu\u011fu gibi \u00f6ncelikli bir konu oldu\u011funu kabul etmeli, kurulacak ekibin \u00e7al\u0131\u015fmalar\u0131n\u0131 kolayla\u015ft\u0131rmak i\u00e7in yard\u0131mc\u0131 olmay\u0131 taahh\u00fct etmelidir.<\/p>\n<p class=\"p1\"><strong><span class=\"s1\">\u0130kinci ad\u0131m<\/span><span class=\"s2\">,<\/span> hastanede antimikrobiyal y\u00f6neti\u015fim program\u0131n\u0131 olu\u015fturacak ve uygulayacak AYP ekibinin olu\u015fturulmas\u0131d\u0131r. Bu ekip multidisipliner olmal\u0131d\u0131r. K\u00fc\u00e7\u00fck ve kaynaklar\u0131 k\u0131s\u0131tl\u0131 hastanelerde tek bir ki\u015fi bu g\u00f6revi \u00fcstlenebilir.<\/strong><\/p>\n<p><b>SORU 3: <\/b>Antimikrobiyal Y\u00f6neti\u015fim Program\u0131 ekibini\/komitesini kurarken nelere dikkat edilmelidir?<\/p>\n<p><b>YANIT 3: <\/b>Antimikrobiyal y\u00f6neti\u015fim program\u0131, multidisipliner bir \u00e7al\u0131\u015fma gerektirir. AMY komitesi, t\u0131pk\u0131 infeksiyon kontrol komitesinde oldu\u011fu gibi, hastane y\u00f6netimindeen temsilciler, kalite temsilcileri, yo\u011fun bak\u0131m v baz\u0131 departman temsilcilerini de kapsayan nisbeten geni\u015f bir yap\u0131d\u0131r. Genel kural olarak, esas i\u015fi \u00fcstlenen ekip k\u0131demden ziyade istekli ve yo\u011fun \u00e7al\u0131\u015fmaya g\u00f6n\u00fcll\u00fc ki\u015filerden olu\u015fturulmal\u0131d\u0131r. Bu ekibin liderli\u011fini infeksiyon hastal\u0131klar\u0131 uzman\u0131 bir hekim yapmal\u0131d\u0131r. Hastanenin yap\u0131s\u0131na g\u00f6re \u00fcye say\u0131s\u0131 ve nitelikleri de\u011fi\u015fiklik g\u00f6sterebilir. K\u00fc\u00e7\u00fck hastanelerde tek bir ki\u015fi bile bu g\u00f6revi \u00fcstlenebilir.<\/p>\n<p>Antimikrobiyal y\u00f6neti\u015fim komitesi \u00e7ekirdek \u00fcyeleri;<\/p>\n<ul>\n<li>\u0130nfeksiyon hastal\u0131klar\u0131 uzman\u0131,<\/li>\n<li>\u0130nfeksiyonlar\u0131n \u00f6nlenmesi ve \u0130nfeksiyonlardan korunmadan sorumlu hekim (\u0130nfeksiyon Kontrol Komitesi temsilcisi),<\/li>\n<li>Hastane eczac\u0131s\u0131,<\/li>\n<li>Hastane mikrobiyoloji laboratuvar sorumlusu,<\/li>\n<li>Varsa kalite y\u00f6netimi temsilcisi,<\/li>\n<li>Varsa infeksiyon e\u011filimli klinik eczac\u0131,<\/li>\n<li>Hastanede kay\u0131tlar elektronik ortamda tutuluyorsa ilgili yaz\u0131l\u0131m\/program temsilcisi,<\/li>\n<li>Hastane y\u00f6netimi (ba\u015fhekim, ba\u015fhekim yard\u0131mc\u0131s\u0131).<\/li>\n<\/ul>\n<p><strong><span class=\"s1\">\u00dc\u00e7\u00fcnc\u00fc ad\u0131m, <\/span>AYP ekibi veya komitesinin kurulu\u015f ve \u00e7al\u0131\u015fma esaslar\u0131, sorumluluklar\u0131, \u00fcyelerin i\u015f tan\u0131mlar\u0131 olu\u015fturulmal\u0131 ve hastane y\u00f6netimi taraf\u0131ndan onaylanmal\u0131d\u0131r.<\/strong><\/p>\n<p>Antimikrobiyal y\u00f6neti\u015fim program\u0131 ekibinin\/komitesinin yap\u0131s\u0131n\u0131n, sorumluluklar\u0131n\u0131n, \u00e7al\u0131\u015fma d\u00fczeninin ve her bir \u00fcyenin i\u015f tan\u0131mlar\u0131n\u0131n yaz\u0131l\u0131 bir belge ile yap\u0131land\u0131r\u0131lmas\u0131; \u00e7al\u0131\u015fmalar\u0131n belirli bir plan d\u00e2hilinde y\u00fcr\u00fct\u00fclmesi ve AYP\u2019nin ki\u015filerden ba\u011f\u0131ms\u0131z olarak s\u00fcreklili\u011finin sa\u011flanmas\u0131 \u00f6nemlidir.<\/p>\n<p class=\"p1\"><strong><span class=\"s1\">D\u00f6rd\u00fcnc\u00fc ad\u0131m, <\/span>AYP ekibi AYP y\u00f6n\u00fcnden hastanenin SWOT analizini yapmal\u0131d\u0131r.<\/strong><\/p>\n<div id=\"attachment_30862\" style=\"width: 2200px\" class=\"wp-caption alignright\"><a href=\"https:\/\/www.klimikdergisi.org\/wp-content\/uploads\/2025\/09\/KLM.C38.S3_5293_Tablo2.png\"><img loading=\"lazy\" decoding=\"async\" aria-describedby=\"caption-attachment-30862\" class=\"size-full wp-image-30862\" src=\"https:\/\/www.klimikdergisi.org\/wp-content\/uploads\/2025\/09\/KLM.C38.S3_5293_Tablo2.png\" alt=\"\" width=\"2190\" height=\"2120\" srcset=\"https:\/\/www.klimikdergisi.org\/wp-content\/uploads\/2025\/09\/KLM.C38.S3_5293_Tablo2.png 2190w, https:\/\/www.klimikdergisi.org\/wp-content\/uploads\/2025\/09\/KLM.C38.S3_5293_Tablo2-269x260.png 269w, https:\/\/www.klimikdergisi.org\/wp-content\/uploads\/2025\/09\/KLM.C38.S3_5293_Tablo2-558x540.png 558w, https:\/\/www.klimikdergisi.org\/wp-content\/uploads\/2025\/09\/KLM.C38.S3_5293_Tablo2-768x743.png 768w\" sizes=\"auto, (max-width: 2190px) 100vw, 2190px\" \/><\/a><p id=\"caption-attachment-30862\" class=\"wp-caption-text\"><strong>Tablo 2.<\/strong> Hacettepe Eri\u015fkin ve Onkoloji Hastanelerinde AYP Su\u0308recinin Ba\u015f\u0131nda Tu\u0308rkiye Geneli ve Hastane \u00d6zeline Y\u00f6nelik SWOT Analizi (2022)<\/p><\/div>\n<p>Antimikrobiyal y\u00f6neti\u015fim program\u0131 ekibi taraf\u0131ndan bir SWOT (Strengths, Weaknesses, Opportunities, Threats) analizi yap\u0131lmal\u0131 ve hastanenin g\u00fc\u00e7l\u00fc ve zay\u0131f yanlar\u0131, f\u0131rsatlar\u0131 ve tehditleri belirlenmelidir. Bu analizde, g\u00fc\u00e7l\u00fc yanlar ve f\u0131rsatlar sonuna kadar de\u011ferlendirmeli; AYP \u00f6n\u00fcnde engel olu\u015fturabilecek zay\u0131f yanlar ve tehditlerin etkisini azaltmak i\u00e7in \u00e7\u00f6z\u00fcm yollar\u0131 aranmal\u0131d\u0131r. B\u00f6ylelikle ger\u00e7ek\u00e7i bir eylem plan\u0131 olu\u015fturulabilir ve antimikrobiyal y\u00f6neti\u015fim stratejisi belirlenebilir. \u00d6rnek olarak Hacettepe \u00dcniversitesi Hastanelerinde yap\u0131lan SWOT analizi Tablo 2\u2019de sunulmu\u015ftur.<\/p>\n<p class=\"p1\"><strong><span class=\"s1\">Be\u015finci ad\u0131m, <\/span><span class=\"s2\">antimikrobiyal y\u00f6neti\u015fim faaliyetlerinin y\u00fcr\u00fct\u00fclmesi i\u00e7in zorunlu olan sacaya\u011f\u0131n\u0131n bile\u015fenlerinin olu\u015fturulmas\u0131d\u0131r.<\/span><\/strong><\/p>\n<p class=\"p1\"><b>SORU 4:<\/b> Antimikrobiyal y\u00f6neti\u015fim program\u0131 geli\u015ftirmek i\u00e7in olmazsa olmaz faaliyetler nelerdir?<\/p>\n<p><b>YANIT 4:<\/b> Bu faaliyetler \u015eekil 1\u2019de sunulmu\u015f olup yerel tan\u0131 ve tedavi k\u0131lavuzlar\u0131, k\u00fcm\u00fclatif antibiyogramlar ve antibiyotik t\u00fcketim raporlar\u0131 temel bile\u015fenlerdir.<\/p>\n<p><b>Yerel (Kurumsal) \u0130nfeksiyon Tan\u0131 ve Tedavi K\u0131lavuzlar\u0131<\/b><\/p>\n<p>Bir\u00e7ok infeksiyon hastal\u0131\u011f\u0131n\u0131n tan\u0131 ve tedavisi i\u00e7in geli\u015ftirilmi\u015f uluslararas\u0131 ve ulusal k\u0131lavuzlar temel al\u0131narak, kurumun ko\u015fullar\u0131na, kaynaklar\u0131na ve \u00e7al\u0131\u015fma d\u00fczenine uygun yerel k\u0131lavuzlar\u0131n haz\u0131rlanmas\u0131; hem kurumda verilen hasta hizmetinin kan\u0131ta dayal\u0131 bilgi ve uygulamalar \u0131\u015f\u0131\u011f\u0131nda standardizasyonunu sa\u011flar hem de gen\u00e7 infeksiyon hastal\u0131klar\u0131 uzmanlar\u0131n\u0131n e\u011fitimine katk\u0131da bulunur.<\/p>\n<p><b>SORU 5: <\/b>Yerel tan\u0131 ve tedavi k\u0131lavuzunun haz\u0131rlanmas\u0131nda dikkate al\u0131nmas\u0131 gereken noktalar nelerdir?<\/p>\n<p><b>YANIT 5:<\/b> K\u0131lavuz haz\u0131rl\u0131\u011f\u0131na ba\u015flamadan \u00f6nce a\u015fa\u011f\u0131daki sorular s\u0131ras\u0131yla yan\u0131tlanmal\u0131d\u0131r:<\/p>\n<p><b><i>1. Kurumunuzda neden k\u0131lavuz haz\u0131rlamak istiyorsunuz?<\/i><\/b><\/p>\n<p>Hastanedeki infeksiyon hastal\u0131klar\u0131 prati\u011fi, k\u0131lavuzun kapsam\u0131n\u0131 belirler. N\u00f6betlerde g\u00f6rev yapan gen\u00e7 ara\u015ft\u0131rma g\u00f6revlileri i\u00e7in \u201ctan\u0131 ve ilk ampirik tedavi\u201d k\u0131lavuzlar\u0131 olduk\u00e7a faydal\u0131d\u0131r. Hasta tedavi s\u00fcre\u00e7leri, infeksiyon hastal\u0131klar\u0131nda yetkinle\u015fmi\u015f, donan\u0131ml\u0131 hekimler taraf\u0131ndan d\u00fczenli olarak izlenemiyorsa, \u201cizlem\u201d k\u0131lavuzlar\u0131 da haz\u0131rlanmal\u0131d\u0131r.<span class=\"Apple-converted-space\">\u00a0<\/span><\/p>\n<p><b><i>2. Haz\u0131rlanacak k\u0131lavuzlar\u0131n \u00f6ncelik s\u0131ras\u0131 nedir?<\/i><\/b><\/p>\n<ul>\n<li>Her sa\u011fl\u0131k kurulu\u015funun k\u0131lavuz y\u00f6n\u00fcnden \u00f6ncelikleri farkl\u0131d\u0131r. \u00d6nceliklerin belirlenmesinde \u015fu etkenler g\u00f6z \u00f6n\u00fcnde bulundurulmal\u0131d\u0131r:<\/li>\n<li>S\u0131k rastlanan infeksiy\u00f6z durumlar,<\/li>\n<li>Yanl\u0131\u015f uygulaman\u0131n hastada yol a\u00e7abilece\u011fi ciddi sonu\u00e7lar,<\/li>\n<li>Gereksiz antibiyotik kullan\u0131lan infeksiyonlar,<\/li>\n<li>Tan\u0131 i\u00e7in gereksiz tetkik isteminin yo\u011fun oldu\u011fu durumlar,<\/li>\n<li>Nadir kar\u015f\u0131la\u015f\u0131lan infeksiyonlar,<\/li>\n<li>\u0130nfeksiyon hastal\u0131klar\u0131 prati\u011finin d\u0131\u015f\u0131nda kalan alanlar (\u00f6rne\u011fin profilaksi).<\/li>\n<\/ul>\n<p><b><i>3. K\u0131lavuzun hedef kullan\u0131c\u0131lar\u0131 kimlerdir?<\/i><\/b><\/p>\n<p>Bir hastanede k\u0131lavuzu kullanacak ki\u015filer aras\u0131nda infeksiyon hastal\u0131klar\u0131 ara\u015ft\u0131rma g\u00f6revlileri, cerrahlar veya anestezistler (cerrahi profilaksi), acil servis hekimleri, hematologlar ve onkologlar (hematolojik malign hastal\u0131klarda profilaksi) ile yo\u011fun bak\u0131m ekibi yer alabilir. \u0130nfeksiyon hastal\u0131klar\u0131 d\u0131\u015f\u0131ndaki hekimlerin kullanaca\u011f\u0131 k\u0131lavuzlar\u0131n haz\u0131rlanmas\u0131nda mutlaka ilgili b\u00f6l\u00fcmden temsilci(ler) bulunmal\u0131d\u0131r.<span class=\"Apple-converted-space\">\u00a0<\/span><\/p>\n<p><b>SORU 6: <\/b>Haz\u0131rlanan tan\u0131 ve tedavi k\u0131lavuzlar\u0131na uyumu art\u0131ran nitelikler nelerdir?<\/p>\n<p><b>YANIT 6:<\/b> Bir k\u0131lavuzun ba\u015far\u0131ya ula\u015fmas\u0131 i\u00e7in a\u015fa\u011f\u0131daki pratik noktalara dikkat edilmelidir (10):<\/p>\n<ul>\n<li><b>K\u0131lavuzun dili:<\/b> K\u0131sa, \u00f6z ve net olmal\u0131d\u0131r.<\/li>\n<li><b>Tasar\u0131m:<\/b> Pratik uygulamaya uygun, ad\u0131m ad\u0131m ilerleyen ve anla\u015f\u0131l\u0131r \u015fema format\u0131nda haz\u0131rlanmal\u0131d\u0131r.<\/li>\n<li><b>Kapsam:<\/b> Olas\u0131 t\u00fcm se\u00e7enekleri kapsamal\u0131d\u0131r.<\/li>\n<li><b>Tedavi se\u00e7enekleri:<\/b> Birden fazla ve s\u0131ral\u0131 \u015fekilde (1. se\u00e7enek, 2. se\u00e7enek) sunulmal\u0131; bu s\u0131ralama antibiyotik teminindeki olas\u0131 belirsizlikleri de dikkate almal\u0131d\u0131r.<\/li>\n<li><b>Eri\u015filebilirlik:<\/b> Kolay ula\u015f\u0131labilir ve kullan\u0131c\u0131 dostu olmal\u0131d\u0131r.<\/li>\n<li><b>G\u00fcncelleme:<\/b> Ko\u015fullar\u0131n gerektirdi\u011fi s\u0131kl\u0131kta g\u00fcncellenmelidir.<\/li>\n<\/ul>\n<p><b>SORU 7: <\/b>Yerel tan\u0131 ve tedavi k\u0131lavuzu haz\u0131rlama s\u00fcreci nas\u0131l olmal\u0131d\u0131r?<\/p>\n<p><b>YANIT 7:<\/b> K\u0131lavuz haz\u0131rlama uzun bir s\u00fcre\u00e7tir ve a\u015fa\u011f\u0131daki hususlara dikkat edilmelidir:<\/p>\n<ul>\n<li>Haz\u0131rlanan k\u0131lavuzlar d\u00fczenli aral\u0131klarla g\u00f6zden ge\u00e7irilerek gerekli g\u00fcncellemeler ve d\u00fczeltmeler yap\u0131lmal\u0131d\u0131r.<\/li>\n<li>Multidisipliner k\u0131lavuzlar\u0131n haz\u0131rlanmas\u0131nda ekibin i\u00e7inde mutlaka ilgili b\u00f6l\u00fcm(ler)den temsilci(ler) bulunmal\u0131d\u0131r.<\/li>\n<li>Taslak k\u0131lavuz, ilgili ki\u015filere ve b\u00f6l\u00fcmlere g\u00f6nderilerek t\u00fcm taraflar\u0131n g\u00f6r\u00fc\u015f ve \u00f6nerileri al\u0131nmal\u0131d\u0131r.<span class=\"Apple-converted-space\">\u00a0<\/span><\/li>\n<li>Gelen \u00f6neriler do\u011frultusunda g\u00fcncellenen k\u0131lavuz, b\u00f6l\u00fcm toplant\u0131s\u0131nda ya da ilgili t\u00fcm hekimlerin kat\u0131ld\u0131\u011f\u0131 y\u00fcz y\u00fcze bir toplant\u0131da son haline getirilmelidir.<\/li>\n<\/ul>\n<p><b>SORU 8: <\/b>Yerel tan\u0131 ve tedavi k\u0131lavuzu kesinle\u015ftikten sonra izlenmesi gereken ad\u0131mlar nelerdir?<\/p>\n<p><b>YANIT 8:<\/b> K\u0131lavuz onayland\u0131ktan sonra \u015fu sorulara yan\u0131t aranmal\u0131 ve hareket plan\u0131 olu\u0131\u015fturulmal\u0131d\u0131r:<\/p>\n<ul>\n<li>K\u0131lavuz nas\u0131l uygulanacak?<\/li>\n<li>K\u0131lavuz nas\u0131l yayg\u0131nla\u015ft\u0131r\u0131lacak?<\/li>\n<li>\u00c7al\u0131\u015fanlar yeni k\u0131lavuz konusunda nas\u0131l e\u011fitilecek?<\/li>\n<li>K\u0131lavuzun ba\u015far\u0131s\u0131 nas\u0131l de\u011ferlendirilecek?<span class=\"Apple-converted-space\">\u00a0<\/span><\/li>\n<\/ul>\n<p><b>SORU 9:<\/b> Yerel tan\u0131 ve tedavi k\u0131lavuzlar\u0131n\u0131n haz\u0131rlanmas\u0131ndan sonra ba\u015far\u0131ya ula\u015fmas\u0131 i\u00e7in ne yap\u0131lmal\u0131d\u0131r?<\/p>\n<p><b>YANIT 9:<\/b> K\u0131lavuzlar\u0131nlar\u0131n yo\u011fun emek harcanarak geli\u015ftirilip kullan\u0131m d\u0131\u015f\u0131 kalmamas\u0131 i\u00e7in \u015fu ad\u0131mlar\u0131n uygulanmas\u0131 gerekir:<\/p>\n<ul>\n<li>\u0130lgili t\u00fcm personel k\u0131lavuzun i\u00e7eri\u011fi kapsam\u0131nda a d\u00fczenli e\u011fitim almal\u0131d\u0131r.<\/li>\n<li>K\u0131lavuzu bizzat uygulayanlardan d\u00fczenli geri bildirim al\u0131nmas\u0131 zaruridir; bunun i\u00e7in geri bildirim formlar\u0131 kullan\u0131l\u0131p y\u00fcz y\u00fcze toplant\u0131lar yap\u0131labilir.<\/li>\n<li>K\u0131lavuz eldeki mevcut ko\u015fullara uygun olarak eri\u015fimi en kolay olacak \u015fekilde yay\u0131lmal\u0131d\u0131r; bunun i\u00e7in cep kartlar\u0131, posterler, mobil uygulamalar, elektronik klinik karar destek sistemleri kullan\u0131labilir.<\/li>\n<\/ul>\n<p><b>SORU 10: <\/b>K\u0131lavuzlar\u0131n uygulanmas\u0131n\u0131n \u00f6n\u00fcndeki ba\u015fl\u0131ca engeller nelerdir?<\/p>\n<p><b>YANIT 10: <\/b>K\u0131lavuzlar\u0131n uygulanmas\u0131; ki\u015fisel fakt\u00f6rler, k\u0131lavuza ili\u015fkin fakt\u00f6rler veya d\u0131\u015f fakt\u00f6rler nedeniyle engellenebilir.<\/p>\n<p><b><i>1. Ki\u015fisel fakt\u00f6rler<\/i><\/b><\/p>\n<p><i>&#8211; Uygulay\u0131c\u0131lar\u0131n bilgi eksikli\u011fi<\/i><\/p>\n<p><i>Fark\u0131ndal\u0131k eksikli\u011fi: <\/i>K\u0131lavuzlar yayg\u0131n bi\u00e7imde duyurulmal\u0131d\u0131r.<\/p>\n<p><i>A\u015final\u0131k eksikli\u011fi: <\/i>E\u011fitici posterler ve videolar, e\u011fitim toplant\u0131lar\u0131, k\u0131lavuz konusunda bilgili personelin deste\u011fi, bireysel geri bildirim ve grup performans denetimleriyle a\u015final\u0131k art\u0131r\u0131lmal\u0131d\u0131r.<\/p>\n<p><i>&#8211; Uygulay\u0131c\u0131lar\u0131n k\u0131lavuza kar\u015f\u0131 olumsuz tutumlar\u0131<\/i><\/p>\n<p><i>Uzla\u015f\u0131 eksikli\u011fi: <\/i>K\u0131lavuzun haz\u0131rl\u0131k a\u015famas\u0131nda fikir liderleri ve k\u0131demli hekimlerin g\u00f6r\u00fc\u015fleri al\u0131nmal\u0131, deste\u011fi sa\u011flanmal\u0131d\u0131r.<\/p>\n<p><i>Yetkinlik eksikli\u011fi:<\/i> Bireysel denetim ve geri bildirim (audit and feedback), interaktif e\u011fitimler ve \u00f6\u011fretim gruplar\u0131 ile hekimlerin yetkinlileri art\u0131r\u0131lmal\u0131d\u0131r.<\/p>\n<p><i>Beklenti eksikli\u011fi: <\/i>K\u0131lavuzla ilgili hasta denetim ve geri bildirimleri birebir hekimlerle payla\u015f\u0131lmal\u0131; k\u0131lavuz uygulamas\u0131n\u0131n etkisi \u00f6l\u00e7\u00fclerek duyurulmal\u0131d\u0131r.<\/p>\n<p><i>Motivasyon eksikli\u011fi: <\/i>Hekimlerin geri bildirimleri arac\u0131l\u0131\u011f\u0131yla ve d\u00fczenli aral\u0131klarla (\u00f6rne\u011fin ayda veya \u00fc\u00e7 ayda bir) \u201cen iyi k\u0131lavuz uygulay\u0131c\u0131s\u0131\u201d gibi \u00f6d\u00fcller verilerek motivasyon art\u0131r\u0131labilir.<\/p>\n<p><b><i>K\u0131lavuza ili\u015fkin fakt\u00f6rler<\/i><\/b><\/p>\n<ul>\n<li><i>Bilimsel kan\u0131t eksikli\u011fi:<\/i> Haz\u0131rl\u0131k a\u015famas\u0131nda sistematik ve g\u00fcncel bilimsel verilere dayal\u0131 \u00e7al\u0131\u015f\u0131lmal\u0131; k\u0131lavuzlar d\u00fczenli olarak g\u00fcncellenmelidir.<span class=\"Apple-converted-space\">\u00a0<\/span><\/li>\n<li><i>Uygulanabilirlik sorunlar\u0131:<\/i> Haz\u0131rl\u0131k a\u015famas\u0131nda yerel ko\u015fullar mutlaka dikkate al\u0131nmal\u0131; \u00f6neriler i\u00e7in kontrol listeleri (checklists) haz\u0131rlanmal\u0131d\u0131r.<\/li>\n<li><i>Karma\u015f\u0131k veya k\u00f6t\u00fc tasar\u0131m:<\/i> D\u00fcz bir metin yerine madde madde, k\u0131sa ve net bir \u015fekilde \u00f6neriler s\u0131ralanmal\u0131; algoritmalar haz\u0131rlan\u0131rken kutucuklar\u0131n yerle\u015fimi ve y\u00f6nlendirme oklar\u0131 m\u00fcmk\u00fcn oldu\u011funca basit tutulmal\u0131, ifadeler a\u00e7\u0131k ve anla\u015f\u0131l\u0131r olmal\u0131d\u0131r.<\/li>\n<li><i>Eri\u015fim zorluklar\u0131: <\/i>K\u0131lavuzun kolay ula\u015f\u0131labilir olmas\u0131 sa\u011flanmal\u0131d\u0131r.<span class=\"Apple-converted-space\">\u00a0<\/span><\/li>\n<li><i>Tek tip hasta modeline odaklanma:<\/i> Tan\u0131 ve tedaviyi etkileyebilecek hasta fakt\u00f6rleri (altta yatan hastal\u0131klar, imm\u00fcns\u00fcpresyon durumu, ila\u00e7 alerjileri, organ yetmezlikleri, vb.) g\u00f6z\u00f6n\u00fcnde bulundurulmal\u0131d\u0131r.<\/li>\n<li><i>Diren\u00e7 olas\u0131l\u0131\u011f\u0131: <\/i>Diren\u00e7 olas\u0131l\u0131\u011f\u0131n\u0131 art\u0131rabilecek fakt\u00f6rlere yer verilmelidir (\u00f6nceden antibiyotik kullan\u0131m\u0131, yak\u0131n d\u00f6nemde hastane yat\u0131\u015f\u0131, belirli imm\u00fcns\u00fcpresif tedaviler, vb.)<\/li>\n<\/ul>\n<p><b><i>3. D\u0131\u015f fakt\u00f6rler<\/i><\/b><\/p>\n<ul>\n<li>Yap\u0131sal sorunlar, kaynak yetersizli\u011fi, payda\u015flar aras\u0131nda i\u015f birli\u011fi eksikli\u011fi, baz\u0131 toplumsal ve klinik normlar gibi unsurlar dikkate al\u0131nmal\u0131d\u0131r.<span class=\"Apple-converted-space\">\u00a0<\/span><\/li>\n<li>\u00c7\u00f6z\u00fcm, her hastanenin \u00f6zg\u00fcn durumuna g\u00f6re planlanmal\u0131d\u0131r.<\/li>\n<\/ul>\n<p><b>SORU 11: <\/b>K\u0131lavuzlar\u0131 haz\u0131rlad\u0131k, duyurduk, ilgili ki\u015fileri e\u011fittik; art\u0131k i\u015f bitti mi?<\/p>\n<p><b>YANIT 11:<\/b> \u00d6l\u00e7medi\u011finiz bir \u015feyi iyile\u015ftiremezsiniz. K\u0131lavuzlara uyum oran\u0131 mutlaka denetlenmelidir. Bu ama\u00e7la a\u015fa\u011f\u0131daki y\u00f6ntemler kullan\u0131labilir:<\/p>\n<ul>\n<li>K\u0131lavuz \u00f6ncesi d\u00f6nemin \u00f6l\u00e7\u00fcm\u00fc (retrospektif veya k\u0131lavuz yay\u0131nlanmadan \u00f6nce prospektif),<\/li>\n<li>K\u0131lavuz uygulama d\u00f6nemi \u00f6l\u00e7\u00fcmleri (e\u011fitimler, geri bildirimler vb.),<\/li>\n<li>K\u0131lavuz sonras\u0131 d\u00f6nemin \u00f6l\u00e7\u00fcm\u00fc (prospektif denetim\/audit)<\/li>\n<li>Sonu\u00e7lar\u0131n ilgili personel ile payla\u015f\u0131lmas\u0131 ve gerekli ek \u00f6nlemlerin al\u0131nmas\u0131,<\/li>\n<li>Yeniden denetim yap\u0131lmas\u0131.<\/li>\n<\/ul>\n<p>Sonu\u00e7 olarak, k\u0131lavuzlar\u0131n hasta bak\u0131m kalitesine etkisi rakamlarla ortaya konulmal\u0131 ve bu sonu\u00e7lar mutlaka duyurulmal\u0131d\u0131r.<\/p>\n<h3>Periyodik K\u00fcm\u00fclatif Antibiyogram Raporlar\u0131<\/h3>\n<p>Hastanenin periyodik k\u00fcm\u00fclatif antibiyogram raporlar\u0131, diren\u00e7teki de\u011fi\u015fimlere dikkat \u00e7ekerek antibiyotiklerin do\u011fru kullan\u0131lmas\u0131n\u0131 sa\u011flar. Diren\u00e7 durumu bilinmeden tahminlere dayanarak yola \u00e7\u0131kmak do\u011fru de\u011fildir.<span class=\"Apple-converted-space\">\u00a0<\/span><\/p>\n<p>Mikrobiyoloji laboratuvar sorumlusunun liderli\u011finde, kabul edilebilir nitelikte bir diren\u00e7 raporu haz\u0131rlanmal\u0131d\u0131r. Rapor haz\u0131rlan\u0131rken;<\/p>\n<ul>\n<li>Hangi bakterilerin ve hangi antibiyotiklerin rapora dahil edilece\u011fi,<span class=\"Apple-converted-space\">\u00a0<\/span><\/li>\n<li>Hangi k\u00fclt\u00fcrlerin esas al\u0131naca\u011f\u0131,<\/li>\n<li>Her bir hasta i\u00e7in tekrarlayan \u00fcremelerden hangisinin hesaba kat\u0131laca\u011f\u0131na,<span class=\"Apple-converted-space\">\u00a0<\/span><\/li>\n<li>T\u00fcm hastanenin genel sonu\u00e7lar\u0131 m\u0131 yoksa diren\u00e7 profili a\u00e7\u0131s\u0131ndan farkl\u0131 birimlerin (\u00f6rne\u011fin servisler, acil servis, yo\u011fun bak\u0131m \u00fcniteleri, vb.) ayr\u0131 ayr\u0131 m\u0131 raporlanaca\u011f\u0131n\u0131n kararla\u015ft\u0131r\u0131lmas\u0131 gerekir.<\/li>\n<\/ul>\n<p>Bu konuda Klinik Mikrobiyoloji Uzmanl\u0131k Derne\u011fi (KL\u0130MUD) k\u0131lavuzu yol g\u00f6stericidir (11).<\/p>\n<p>Haz\u0131rlanan raporlar t\u00fcm hastane hekimlerine da\u011f\u0131t\u0131lmal\u0131, gerekirse baz\u0131 birimlerle ortak toplant\u0131 yap\u0131larak sonu\u00e7lar tart\u0131\u015f\u0131lmal\u0131d\u0131r.<\/p>\n<h3>Periyodik Antibiyotik T\u00fcketim Raporlar\u0131<span class=\"Apple-converted-space\">\u00a0<\/span><\/h3>\n<p><b>SORU 12: <\/b>Antibiyotik t\u00fcketim raporu i\u00e7in en do\u011fru veri hangisidir?<\/p>\n<div id=\"attachment_30865\" style=\"width: 2196px\" class=\"wp-caption alignright\"><a href=\"https:\/\/www.klimikdergisi.org\/wp-content\/uploads\/2025\/09\/KLM.C38.S3_5293_Tablo3.png\"><img loading=\"lazy\" decoding=\"async\" aria-describedby=\"caption-attachment-30865\" class=\"size-full wp-image-30865\" src=\"https:\/\/www.klimikdergisi.org\/wp-content\/uploads\/2025\/09\/KLM.C38.S3_5293_Tablo3.png\" alt=\"\" width=\"2186\" height=\"1324\" srcset=\"https:\/\/www.klimikdergisi.org\/wp-content\/uploads\/2025\/09\/KLM.C38.S3_5293_Tablo3.png 2186w, https:\/\/www.klimikdergisi.org\/wp-content\/uploads\/2025\/09\/KLM.C38.S3_5293_Tablo3-390x236.png 390w, https:\/\/www.klimikdergisi.org\/wp-content\/uploads\/2025\/09\/KLM.C38.S3_5293_Tablo3-810x491.png 810w, https:\/\/www.klimikdergisi.org\/wp-content\/uploads\/2025\/09\/KLM.C38.S3_5293_Tablo3-768x465.png 768w\" sizes=\"auto, (max-width: 2186px) 100vw, 2186px\" \/><\/a><p id=\"caption-attachment-30865\" class=\"wp-caption-text\"><strong>Tablo 3.<\/strong> Antibiyotik Tu\u0308ketimini \u00d6l\u00e7me ve Bildirme Y\u00f6ntemleri<\/p><\/div>\n<p><b>YANIT 12:<\/b> Antibiyotik t\u00fcketimini izlemek i\u00e7in farkl\u0131 y\u00f6ntemler tan\u0131mlanm\u0131\u015ft\u0131r (Tablo 3). Literat\u00fcrdeki \u00e7al\u0131\u015fmalar\u0131n \u00f6nemli bir k\u0131sm\u0131nda, uygulanmas\u0131 daha kolay oldu\u011fundan tan\u0131lanm\u0131\u015f g\u00fcnl\u00fck doz ( defined daily dose, DDD) kullan\u0131lm\u0131\u015ft\u0131r. Ancak, antimikrobiyal y\u00f6neti\u015fim a\u00e7\u0131s\u0131ndan tedavi g\u00fcn say\u0131s\u0131 (days of therapy, DOT) hesaplanmas\u0131 daha yararl\u0131d\u0131r.<span class=\"Apple-converted-space\">\u00a0<\/span><\/p>\n<p>T\u00fcketim raporlar\u0131 6 ayl\u0131k veya y\u0131ll\u0131k periyotlarla haz\u0131rlanabilir.<\/p>\n<h2>HASTANEDE AYP\u2019N\u0130N UYGULANMASI<\/h2>\n<p>Antimikrobiyal y\u00f6neti\u015fim program\u0131 kapsam\u0131ndaki m\u00fcdahaleler; \u00f6zg\u00fcn, \u00f6l\u00e7\u00fclebilir, elde edilebilir, ge\u00e7erli ve zaman s\u0131n\u0131rl\u0131 hedefler (Specific, Measurable, Achievable, Relevant, Time-bound \u2013 SMART) i\u00e7ermelidir.<span class=\"Apple-converted-space\">\u00a0<\/span><\/p>\n<p>Her hastanede \u00f6ncelikli sorunlar farkl\u0131d\u0131r. Bu sorunlar, AYP ekibi veya komitesi toplant\u0131lar\u0131nda birlikte tart\u0131\u015f\u0131larak \u00f6ncelik s\u0131ras\u0131na konulmal\u0131d\u0131r. \u0130yile\u015ftirme gereken her bir alan i\u00e7in bir sorumlu belirlenir. Sorumlu ki\u015fi, tek ba\u015f\u0131na veya k\u00fc\u00e7\u00fck bir ekiple \u00e7al\u0131\u015farak \u00e7\u00f6z\u00fcm \u00f6nerilerini geli\u015ftirir. \u00d6neriler ekip veya komite toplant\u0131s\u0131nda tart\u0131\u015f\u0131l\u0131r; son \u015fekli verildikten sonra bir \u00e7al\u0131\u015fma takvimi haz\u0131rlan\u0131r ve uygulamaya konulur.<span class=\"Apple-converted-space\">\u00a0<\/span><\/p>\n<p>Geli\u015fmeler hakk\u0131nda d\u00fczenli olarak ekip\/komite toplant\u0131lar\u0131nda bilgilendirme yap\u0131lmal\u0131d\u0131r. Y\u0131l sonunda ise faaliyet raporu haz\u0131rlanarak hastane y\u00f6netimi ve ilgili birimlerle payla\u015f\u0131lmal\u0131d\u0131r.<\/p>\n<h2>AKRED\u0130TASYON<\/h2>\n<p>Hastanede AYP kurulup, uygulamalar ba\u015flat\u0131l\u0131p \u00e7al\u0131\u015fma prati\u011fi i\u015flerlik kazand\u0131ktan sonra program\u0131n akreditasyonu g\u00fcndeme gelebilir.<span class=\"Apple-converted-space\">\u00a0<\/span><\/p>\n<p>Akreditasyon, AYP uygulamas\u0131na birden fazla a\u00e7\u0131dan katk\u0131 sa\u011flar:<\/p>\n<p>&#8211; T\u00fcm faaliyetler deneyimli ve ba\u011f\u0131ms\u0131z bir d\u0131\u015f g\u00f6zlemci taraf\u0131ndan nesnel olarak de\u011ferlendirilir,<\/p>\n<p>&#8211; Program\u0131n geli\u015ftirilmesi i\u00e7in ihtiya\u00e7 duyulan destek sa\u011flan\u0131r,<\/p>\n<p>Program ki\u015filere ba\u011fl\u0131 olmaktan \u00e7\u0131karak kurumsall\u0131k ve s\u00fcrd\u00fcrebilirlik sa\u011flan\u0131r.<\/p>\n<p>G\u00fcn\u00fcm\u00fczde AMY akreditasyonunu yapan iki uluslararas\u0131 kurulu\u015f bulunmaktad\u0131r:<span class=\"Apple-converted-space\">\u00a0<\/span><\/p>\n<p>&#8211; Amerikan \u0130nfeksiyon Hastal\u0131klar\u0131 Derne\u011fi (Infectious Diseases Society of America, IDSA),<\/p>\n<p>&#8211; \u0130ngiltere Antimikrobiyal Kemoterapi Derne\u011fi\u2019nin (British Society for Antimicrobial Chemotherapy, BSAC) liderli\u011finde kurulmu\u015f \u201cGlobal Antimicrobial Stewardship Accreditation Scheme\u201d<br \/>\n(GAMSAS, <a href=\"https:\/\/ams-accredit.com\">https:\/\/ams-accredit.com<\/a>).<span class=\"Apple-converted-space\">\u00a0<\/span><\/p>\n<p>Hacettepe Eri\u015fkin ve Onkoloji Hastaneleri AYP, \u015eubat 2025\u2019te GAMSAS taraf\u0131ndan akredite edilmi\u015ftir. Bu s\u00fcre\u00e7, zahmetli olmakla birlikte son derece yararl\u0131 olmu\u015f; eksikliklerin g\u00f6r\u00fclmesini, \u00e7\u00f6z\u00fclemeyen konular\u0131n tart\u0131\u015f\u0131lmas\u0131n\u0131, g\u00f6zden ka\u00e7\u0131r\u0131lan veya akla gelmeyen y\u00f6ntem ve uygulamalara y\u00f6nelinmesini sa\u011flam\u0131\u015f, ayr\u0131ca akreditasyon sonras\u0131ndaki s\u00fcre\u00e7te g\u00fc\u00e7l\u00fc bir i\u015f birli\u011fi geli\u015ftirilmesine katk\u0131da bulunmu\u015ftur.<\/p>\n<p>Akreditasyon de\u011ferlendirme parametreleri, DS\u00d6 k\u0131lavuzundaki unsurlarla b\u00fcy\u00fck \u00f6l\u00e7\u00fcde \u00f6rt\u00fc\u015fmektedir.<\/p>\n<p>Hastanesinde AYP yap\u0131lanmas\u0131n\u0131 tamamlam\u0131\u015f, AMY ekibini\/komitesini etkin bi\u00e7imde \u00e7al\u0131\u015ft\u0131ran ve program\u0131n ilk sonu\u00e7lar\u0131n\u0131 elde eden meslekta\u015flar\u0131m\u0131zla GAMSAS akreditasyonu konusundaki deneyimlerimizi payla\u015fmaya ve s\u00fcrece destek vermeye haz\u0131r\u0131z.<\/p>\n<h2>SONU\u00c7LAR<\/h2>\n<ul>\n<li>G\u00fcn\u00fcm\u00fczde d\u00fcnya \u00e7ap\u0131nda bir sorun haline gelen ve \u00fclkemizde de yak\u0131ndan g\u00f6zlemledi\u011fimiz antimikrobiyal diren\u00e7 sorunu ile m\u00fccadelenin iki temel arac\u0131, infeksiyonlar\u0131n \u00f6nlenmesi ve kontrol\u00fc ile antimikrobiyal y\u00f6neti\u015fim programlar\u0131d\u0131r.<span class=\"Apple-converted-space\">\u00a0<\/span><\/li>\n<li>Hastanede AYP geli\u015ftirmek ve uygulamak i\u00e7in hastane y\u00f6netiminin deste\u011fi sa\u011flanmal\u0131, infeksiyon hastal\u0131klar\u0131 uzman\u0131 liderli\u011finde multidisipliner bir ekip olu\u015fturulmal\u0131d\u0131r.<\/li>\n<li>\u00d6ncelikli ad\u0131mlar\u0131n ba\u015f\u0131nda yerel k\u0131lavuzlar\u0131n olu\u015fturulmas\u0131, d\u00fczenli k\u00fcm\u00fclatif antibiyogram raporlar\u0131 ile antibiyotik t\u00fcketim raporlar\u0131n\u0131n olu\u015fturulmas\u0131 ve yayg\u0131nla\u015ft\u0131r\u0131lmas\u0131 yer al\u0131r.<\/li>\n<li>Hastanede sorun alanlar\u0131 ve konular \u00f6ncelik s\u0131ras\u0131na g\u00f6re ele al\u0131nmal\u0131; geli\u015ftirilen \u00e7\u00f6z\u00fcmlerin uygulanmas\u0131n\u0131n etkisi mutlaka \u00f6l\u00e7\u00fclmelidir.<\/li>\n<li>Antimikrobiyallerin do\u011fru kullan\u0131m\u0131 i\u00e7in d\u00fczenli e\u011fitim \u015fartt\u0131r. Ancak d\u00fczenlenen e\u011fitimler, denetim ve geri bildirimlerle desteklenmedi\u011fi takdirde etkileri s\u0131n\u0131rl\u0131 kalacakt\u0131r.<\/li>\n<\/ul>\n","protected":false},"excerpt":{"rendered":"<p>G\u0130R\u0130\u015e Bu yaz\u0131da D\u00fcnya Sa\u011fl\u0131k \u00d6rg\u00fct\u00fc (DS\u00d6)\u2019n\u00fcn D\u00fc\u015f\u00fck ve Orta Gelirli \u00dclkelerde Antimikrobiyal Y\u00f6neti\u015fim Programlar\u0131 K\u0131lavuzu ile Amerikan \u0130nfeksiyon Hastal\u0131klar\u0131 Derne\u011fi (The Infectious Diseases Society of America, IDSA) ve Amerikan Sa\u011fl\u0131k Hizmeti Epidemiyolojisi Derne\u011fi (The Society for Healthcare Epidemiology of America, SHEA)\u2019nin Antimikrobiyal Y\u00f6neti\u015fim i\u00e7in Kurumsal Bir Program Geli\u015ftirme K\u0131lavuzu temel al\u0131nm\u0131\u015ft\u0131r. Ama\u00e7, Hacettepe Eri\u015fkin [&hellip;]<\/p>\n","protected":false},"author":5,"featured_media":0,"comment_status":"closed","ping_status":"closed","sticky":false,"template":"","format":"standard","meta":{"_acf_changed":false,"footnotes":""},"categories":[5783],"tags":[6165,6163,6164,6166],"class_list":["post-30774","post","type-post","status-publish","format-standard","hentry","category-gorus-rapor","tag-antibiyotik-tuketim-raporu","tag-antimikrobiyal-yonetisim-programi","tag-kumulatif-antibiyogram-raporu","tag-kurumsal-kilavuzlar"],"acf":[],"_links":{"self":[{"href":"https:\/\/www.klimikdergisi.org\/tr\/wp-json\/wp\/v2\/posts\/30774","targetHints":{"allow":["GET"]}}],"collection":[{"href":"https:\/\/www.klimikdergisi.org\/tr\/wp-json\/wp\/v2\/posts"}],"about":[{"href":"https:\/\/www.klimikdergisi.org\/tr\/wp-json\/wp\/v2\/types\/post"}],"author":[{"embeddable":true,"href":"https:\/\/www.klimikdergisi.org\/tr\/wp-json\/wp\/v2\/users\/5"}],"replies":[{"embeddable":true,"href":"https:\/\/www.klimikdergisi.org\/tr\/wp-json\/wp\/v2\/comments?post=30774"}],"version-history":[{"count":4,"href":"https:\/\/www.klimikdergisi.org\/tr\/wp-json\/wp\/v2\/posts\/30774\/revisions"}],"predecessor-version":[{"id":30959,"href":"https:\/\/www.klimikdergisi.org\/tr\/wp-json\/wp\/v2\/posts\/30774\/revisions\/30959"}],"wp:attachment":[{"href":"https:\/\/www.klimikdergisi.org\/tr\/wp-json\/wp\/v2\/media?parent=30774"}],"wp:term":[{"taxonomy":"category","embeddable":true,"href":"https:\/\/www.klimikdergisi.org\/tr\/wp-json\/wp\/v2\/categories?post=30774"},{"taxonomy":"post_tag","embeddable":true,"href":"https:\/\/www.klimikdergisi.org\/tr\/wp-json\/wp\/v2\/tags?post=30774"}],"curies":[{"name":"wp","href":"https:\/\/api.w.org\/{rel}","templated":true}]}}