{"id":29837,"date":"2024-12-29T11:42:43","date_gmt":"2024-12-29T08:42:43","guid":{"rendered":"https:\/\/www.klimikdergisi.org\/?p=29837"},"modified":"2024-12-30T13:25:37","modified_gmt":"2024-12-30T10:25:37","slug":"2025e-girerken-klimik-dernegi-ve-klimik-dergisi","status":"publish","type":"post","link":"https:\/\/www.klimikdergisi.org\/tr\/2024\/12\/29\/2025e-girerken-klimik-dernegi-ve-klimik-dergisi\/","title":{"rendered":"2025\u2019e Girerken Klimik Derne\u011fi ve Klimik Dergisi"},"content":{"rendered":"<p class=\"p1\"><span class=\"s1\">\u0130nfeksiyon Hastal\u0131klar\u0131 ve Klinik Mikrobiyoloji alan\u0131n\u0131n en b\u00fcy\u00fck ve k\u00f6kl\u00fc derne\u011fi Klimik, 2024 y\u0131l\u0131nda bilim ve sa\u011fl\u0131kla ge\u00e7en 38 y\u0131l\u0131 geride b\u0131rakm\u0131\u015f oldu. Derne\u011fimiz 38 y\u0131lda bilim, e\u011fitim ve halk sa\u011fl\u0131\u011f\u0131n\u0131n korunmas\u0131, geli\u015ftirilmesi i\u00e7in yapt\u0131\u011f\u0131 \u00fcretimler sayesinde kurumsal olarak g\u00fc\u00e7lendi. Siz de\u011ferli \u00fcyelerimizin deste\u011fi ve katk\u0131lar\u0131yla ger\u00e7ekle\u015ftirilen e\u011fitim programlar\u0131, bilimsel etkinlikler ve halk sa\u011fl\u0131\u011f\u0131na y\u00f6nelik \u00e7al\u0131\u015fmalar ile \u00f6nc\u00fc bir rol \u00fcstlendi. Hem genel kamuoyu hem sa\u011fl\u0131k alan\u0131nda g\u00fcven duyulan, takip edilen bir odak olman\u0131n yan\u0131 s\u0131ra \u00e7e\u015fitli komisyonlar ve kurullarda yer alan \u00fcyeleri arac\u0131l\u0131\u011f\u0131yla sa\u011fl\u0131k otoritesinin politikalar\u0131na bilimsel a\u00e7\u0131dan y\u00f6n vermeye \u00e7al\u0131\u015ft\u0131. \u00dcyelerin mesleki ve akademik geli\u015fimleri i\u00e7in toplant\u0131lar, kurslar, simpozyumlar, web konferanslar\u0131 d\u00fczenledi, dijital ses yay\u0131nlar\u0131 (podcast) haz\u0131rlad\u0131, y\u0131ll\u0131k kongre ve okullar\u0131 (K\u0130DOK, KUTEP) ger\u00e7ekle\u015ftirdi. T\u00fcrk Tabipleri Birli\u011fi Uzmanl\u0131k Dernekleri E\u015fg\u00fcd\u00fcm Kurulu (TTB-UDEK)\u2019nda alan\u0131m\u0131z\u0131 temsil eden tek dernek olarak yeterlilik s\u0131navlar\u0131n\u0131 yapt\u0131 ve ba\u015far\u0131l\u0131 olan \u00fcyelere belgelerini verdi. Y\u0131lda 4\u2019er say\u0131 yay\u0131mlanan Klimik Dergisi ve IDCM\u2019in yan\u0131 s\u0131ra her hafta yay\u0131nlanan Klimik B\u00fclteni ve i\u00e7eri\u011fi s\u00fcrekli geli\u015ftirilen Klimik Mobil uygulamas\u0131 arac\u0131l\u0131\u011f\u0131yla \u00fcyelerimize bilimsel deste\u011fini s\u00fcrd\u00fcrd\u00fc.\u00a0<\/span><\/p>\n<p class=\"p1\">Derne\u011fimiz t\u00fcm faaliyetlerini, siz de\u011ferli \u00fcyelerimizin g\u00f6n\u00fcll\u00fc katk\u0131lar\u0131 ve emekleriyle ger\u00e7ekle\u015ftiriyor. 2024 y\u0131l\u0131nda \u00c7al\u0131\u015fma Gruplar\u0131m\u0131za iki yenisi eklendi: Cinsel Yolla Bula\u015fan \u0130nfeksiyonlar \u00c7al\u0131\u015fma Grubu (CYB\u0130\u00c7G) ve Paraziter \u0130nfeksiyonlar \u00c7al\u0131\u015fma Grubu (PAR\u0130\u00c7G)\u2019nun Derne\u011fimize ve alan\u0131m\u0131za b\u00fcy\u00fck katk\u0131lar\u0131 olaca\u011f\u0131ndan eminiz. Derne\u011fimiz bu bilimsel \u00e7al\u0131\u015fmalar\u0131n ve e\u011fitimlerin yan\u0131 s\u0131ra alan\u0131m\u0131za ve hekimli\u011fin etik de\u011ferlerine sahip \u00e7\u0131kmak g\u00f6revini de yerine getirmeye gayret ediyor. Alan\u0131m\u0131z\u0131n \u00e7ekirdek e\u011fitim m\u00fcfredat\u0131n\u0131n haz\u0131rlanmas\u0131nda aktif olarak g\u00f6rev al\u0131yor, e\u011fitim kurumlar\u0131n\u0131n akreditasyon \u00e7al\u0131\u015fmalar\u0131n\u0131 s\u00fcrd\u00fcr\u00fcyor, etik ihlallerle ilgili meslek \u00f6rg\u00fct\u00fc TTB ve Tabip Odalar\u0131n\u0131n ba\u015fvurular\u0131nda bilirki\u015filik yap\u0131yor ve ayr\u0131ca kendi Etik Kurulu ve Onur Kurulu arac\u0131l\u0131\u011f\u0131yla hem \u00fcyelerimizin hem de derne\u011fin etik de\u011ferlere uygun bir \u015fekilde faaliyet g\u00f6stermesini sa\u011flamaya, mesleki standartlar\u0131 y\u00fckseltmeye ve toplum nezdinde g\u00fcvenilirli\u011fi art\u0131rmaya \u00e7al\u0131\u015f\u0131yor. Nadiren de olsa verilmek zorunda kal\u0131nan \u00fcyelikten \u00e7\u0131karma cezalar\u0131n\u0131n bu sorumlulu\u011fun bir gere\u011fi oldu\u011funu hat\u0131rlatmak isteriz.<\/p>\n<p class=\"p1\">Derne\u011fimiz, t\u00fcz\u00fc\u011f\u00fcn\u00fcn 4. maddesinde tan\u0131mlanan amac\u0131 ve alt\u0131 ba\u015fl\u0131kta sunulan \u00e7al\u0131\u015fma konular\u0131yla (1), uzmanl\u0131k derne\u011fi olman\u0131n gereklerini en iyi \u015fekilde yerine getirmeye \u00e7al\u0131\u015f\u0131rken \u00fcyelerimizden gelen \u00f6zl\u00fck haklar\u0131na ili\u015fkin ba\u015fvurular\u0131 da ilgili meslek-kitle \u00f6rg\u00fctleriyle birlikte \u00e7\u00f6zmeye \u00e7al\u0131\u015f\u0131yor, \u00fcyelerini y\u00f6nlendiriyor, hukuksal dan\u0131\u015fmanl\u0131k i\u00e7in yol g\u00f6steriyor. Bu y\u0131l i\u00e7erisinde, daha g\u00fc\u00e7l\u00fc ve etkin \u00fcretimde bulunabilmek ve b\u00fct\u00fcnl\u00fc\u011f\u00fc sa\u011flamak amac\u0131yla 2006 y\u0131l\u0131nda Derne\u011fimizden ayr\u0131lan \u00fcyelerin kurmu\u015f oldu\u011fu EKMUD ile y\u00f6netim kurullar\u0131 nezdinde g\u00f6r\u00fc\u015fmeler yap\u0131ld\u0131. Yap\u0131lan g\u00f6r\u00fc\u015fmelerde 2025\u2019te ger\u00e7ekle\u015ftirilecek ilk genel kurulda tek \u00e7at\u0131 alt\u0131nda birle\u015fmek \u00f6nerimiz kabul g\u00f6rmedi. Yeterlik kurulunu ortakla\u015ft\u0131rmak \u00f6nerimiz de uygun bulunmay\u0131nca g\u00f6r\u00fc\u015fmelerden sonu\u00e7 al\u0131namam\u0131\u015f oldu. Klimik Derne\u011fi bug\u00fcne kadar oldu\u011fu gibi bundan sonra da alan\u0131m\u0131z\u0131n iyili\u011fi ve gelece\u011fi i\u00e7in tek \u00e7at\u0131 alt\u0131nda \u00e7al\u0131\u015fma kararl\u0131l\u0131\u011f\u0131n\u0131 s\u00fcrd\u00fcrmeye ve her olumlu yakla\u015f\u0131m\u0131 desteklemeye devam edecektir.<\/p>\n<p class=\"p1\">Gelelim dergilerimize. T\u00fcrk\u00e7e olarak 1988\u2019den beri aral\u0131ks\u0131z olarak yay\u0131mlanan Klimik Dergisi ve yay\u0131n hayat\u0131na 2019\u2019da ba\u015flayan, \u0130ngilizce yay\u0131mlanan Infectious Diseases &amp; Clinical Microbiology (IDCM) Dergisi ile \u00fclkemiz ve d\u00fcnya bilim ortam\u0131na katk\u0131da bulunmaya devam ediyoruz. IDCM 2024 y\u0131l\u0131nda, PubMed ve Scopus\u2019ta da taranmaya ba\u015flad\u0131. Klimik Dergisi\u2019nin de \u201cWeb of Science-Emerging Sources Citation Index\u201d, Scopus ve T\u00dcB\u0130TAK ULAKB\u0130M TR Dizin\u2019den sonra PubMed\u2019de taranmaya ba\u015flanmas\u0131 konusunda ciddi bir yol ald\u0131\u011f\u0131m\u0131z\u0131 gururla duyurmak isteriz. \u00dclkemizde alan\u0131nda iki bilimsel dergi yay\u0131mlayabilen \u00e7ok az uzmanl\u0131k derne\u011fi oldu\u011funu hat\u0131rlat\u0131rken b\u00fcy\u00fck emek, zaman ve maddi kaynak gerektiren dergi \u00e7al\u0131\u015fmalar\u0131na yay\u0131m kurullar\u0131nda yer alarak, dan\u0131\u015fmanl\u0131k yaparak, yapt\u0131klar\u0131 bilimsel \u00e7al\u0131\u015fmalar\u0131 g\u00f6ndererek destek veren t\u00fcm \u00fcyelerimize te\u015fekk\u00fcr ediyoruz.<span class=\"s1\">\u00a0<\/span><\/p>\n<p class=\"p1\">Dergimizin bu say\u0131s\u0131nda yine g\u00fczel ara\u015ft\u0131rmalar ve ilgin\u00e7 olgu sunumlar\u0131n\u0131 bulacaks\u0131n\u0131z. Bu say\u0131da her zaman sayg\u0131 ve minnetle anaca\u011f\u0131m\u0131z, 2024 y\u0131l\u0131nda aram\u0131zdan ayr\u0131lan de\u011ferli hocam\u0131z, derne\u011fimizin \u00f6nceki ba\u015fkanlar\u0131ndan Prof. Dr. Osman \u015eadi Yenen ile ilgili biyografiyi okuma \u015fans\u0131n\u0131z olacak (2). Prof. Dr. Osman \u015eadi Yenen\u2019in alan\u0131m\u0131za katk\u0131lar\u0131n\u0131 anlatan, hepimize \u00f6rnek olacak \u00e7al\u0131\u015fmalar\u0131n\u0131 hat\u0131rlatan, tarihe d\u00fc\u015f\u00fclen \u00f6nemli bir not niteli\u011findeki biyografi yaz\u0131s\u0131n\u0131, Derne\u011fimiz \u00f6nceki ba\u015fkanlar\u0131ndan Klimik Dergisi\u2019nin \u00f6nceki ba\u015fedit\u00f6r\u00fc ve Prof. Dr. Osman \u015eadi Yenen\u2019in yak\u0131n \u00e7al\u0131\u015fma ve yol arkada\u015f\u0131 Prof. Dr. Haluk Eraksoy\u2019un titiz kaleminden okuyabilirsiniz.<\/p>\n<p class=\"p1\">2025 y\u0131l\u0131 i\u00e7in umut doluyuz, \u00e7\u00fcnk\u00fc Klimik ailesi olarak derne\u011fimizin 30. y\u0131l\u0131nda belirledi\u011fimiz ilkelerin (3) \u0131\u015f\u0131\u011f\u0131nda g\u00fc\u00e7l\u00fc bir dayan\u0131\u015fma i\u00e7inde \u00e7al\u0131\u015fmaya devam ediyoruz. Sizlerin katk\u0131lar\u0131yla bilimsel etkinliklerimizi \u00e7e\u015fitlendirecek, e\u011fitim programlar\u0131m\u0131z\u0131 geli\u015ftirecek, \u00fclkemizin sa\u011fl\u0131k sistemine olan katk\u0131lar\u0131m\u0131z\u0131 art\u0131racak ve Derne\u011fimizi daha ileriye ta\u015f\u0131yaca\u011f\u0131z. Yeni y\u0131l\u0131n hepimize sa\u011fl\u0131k, mutluluk ve ba\u015far\u0131 getirmesini diliyor sayg\u0131lar\u0131m\u0131z\u0131 sunuyoruz.<\/p>\n","protected":false},"excerpt":{"rendered":"<p>\u0130nfeksiyon Hastal\u0131klar\u0131 ve Klinik Mikrobiyoloji alan\u0131n\u0131n en b\u00fcy\u00fck ve k\u00f6kl\u00fc derne\u011fi Klimik, 2024 y\u0131l\u0131nda bilim ve sa\u011fl\u0131kla ge\u00e7en 38 y\u0131l\u0131 geride b\u0131rakm\u0131\u015f oldu. Derne\u011fimiz 38 y\u0131lda bilim, e\u011fitim ve halk sa\u011fl\u0131\u011f\u0131n\u0131n korunmas\u0131, geli\u015ftirilmesi i\u00e7in yapt\u0131\u011f\u0131 \u00fcretimler sayesinde kurumsal olarak g\u00fc\u00e7lendi. Siz de\u011ferli \u00fcyelerimizin deste\u011fi ve katk\u0131lar\u0131yla ger\u00e7ekle\u015ftirilen e\u011fitim programlar\u0131, bilimsel etkinlikler ve halk sa\u011fl\u0131\u011f\u0131na y\u00f6nelik [&hellip;]<\/p>\n","protected":false},"author":2,"featured_media":0,"comment_status":"closed","ping_status":"closed","sticky":false,"template":"","format":"standard","meta":{"_acf_changed":false,"footnotes":""},"categories":[5137],"tags":[],"class_list":["post-29837","post","type-post","status-publish","format-standard","hentry","category-editor-gorusu"],"acf":[],"_links":{"self":[{"href":"https:\/\/www.klimikdergisi.org\/tr\/wp-json\/wp\/v2\/posts\/29837","targetHints":{"allow":["GET"]}}],"collection":[{"href":"https:\/\/www.klimikdergisi.org\/tr\/wp-json\/wp\/v2\/posts"}],"about":[{"href":"https:\/\/www.klimikdergisi.org\/tr\/wp-json\/wp\/v2\/types\/post"}],"author":[{"embeddable":true,"href":"https:\/\/www.klimikdergisi.org\/tr\/wp-json\/wp\/v2\/users\/2"}],"replies":[{"embeddable":true,"href":"https:\/\/www.klimikdergisi.org\/tr\/wp-json\/wp\/v2\/comments?post=29837"}],"version-history":[{"count":3,"href":"https:\/\/www.klimikdergisi.org\/tr\/wp-json\/wp\/v2\/posts\/29837\/revisions"}],"predecessor-version":[{"id":30056,"href":"https:\/\/www.klimikdergisi.org\/tr\/wp-json\/wp\/v2\/posts\/29837\/revisions\/30056"}],"wp:attachment":[{"href":"https:\/\/www.klimikdergisi.org\/tr\/wp-json\/wp\/v2\/media?parent=29837"}],"wp:term":[{"taxonomy":"category","embeddable":true,"href":"https:\/\/www.klimikdergisi.org\/tr\/wp-json\/wp\/v2\/categories?post=29837"},{"taxonomy":"post_tag","embeddable":true,"href":"https:\/\/www.klimikdergisi.org\/tr\/wp-json\/wp\/v2\/tags?post=29837"}],"curies":[{"name":"wp","href":"https:\/\/api.w.org\/{rel}","templated":true}]}}