{"id":29795,"date":"2024-12-29T11:46:45","date_gmt":"2024-12-29T08:46:45","guid":{"rendered":"https:\/\/www.klimikdergisi.org\/?p=29795"},"modified":"2024-12-29T19:11:44","modified_gmt":"2024-12-29T16:11:44","slug":"prof-dr-osman-sadi-yenen","status":"publish","type":"post","link":"https:\/\/www.klimikdergisi.org\/tr\/2024\/12\/29\/prof-dr-osman-sadi-yenen\/","title":{"rendered":"Prof. Dr. Osman \u015eadi Yenen (1950-2024): Se\u00e7kin Bir Bilim \u0130nsan\u0131 ve Yurtsever Bir Ayd\u0131n\u0131n Ard\u0131ndan"},"content":{"rendered":"<h2 class=\"p1\">G\u0130R\u0130\u015e<\/h2>\n<p class=\"p2\">\u00c7ok yak\u0131nlarda yitirdi\u011fimiz Prof. Dr. Osman \u015eadi Yenen, T\u00fcrk Klinik Mikrobiyoloji ve \u0130nfeksiyon Hastal\u0131klar\u0131 (Klimik) Derne\u011fi\u2019nin, iki d\u00f6nem Genel Sekreterli\u011fini, sonra iki d\u00f6nem Ba\u015fkanl\u0131\u011f\u0131n\u0131, daha sonra yedi d\u00f6nem Onur Kurulu \u00fcyeli\u011fini yapm\u0131\u015f; Derne\u011fin tarihinde derin izler b\u0131rakm\u0131\u015f, \u00e7ok se\u00e7kin bir bilim insan\u0131yd\u0131.<span class=\"Apple-converted-space\">\u00a0 <\/span>Hi\u00e7 ku\u015fku yok ki, onun <i>\u0130nfeksiyon Hastal\u0131klar\u0131 ve Klinik Mikrobiyoloji<\/i> alan\u0131 i\u00e7in b\u00fcy\u00fck bir \u00f6zveriyle yapt\u0131\u011f\u0131 hizmetler unutulmayacakt\u0131r. O, gerek Kan Bankac\u0131l\u0131\u011f\u0131 ve Transf\u00fczyon T\u0131bb\u0131, gerekse T\u0131bbi Mikrobiyoloji disiplinlerine yapt\u0131\u011f\u0131 \u00e7ok \u00f6nemli katk\u0131larla da an\u0131lacakt\u0131r. Askeri T\u0131bbiyelilerin parlak bir temsilcisi olarak, yeti\u015fti\u011fi oca\u011f\u0131n mensuplar\u0131 onu \u00f6v\u00fcn\u00e7le an\u0131msayacaklard\u0131r. Bu yaz\u0131da, uzun y\u0131llar yak\u0131n\u0131nda bulunmu\u015f birisi olarak, onun ya\u015fam \u00f6yk\u00fcs\u00fcn\u00fc \u00f6zetlemeye ve T\u00fcrk t\u0131bb\u0131na hizmetlerini tan\u0131tmaya \u00e7al\u0131\u015faca\u011f\u0131m.<\/p>\n<h2 class=\"p3\">\u00d6\u011eREN\u0130M YA\u015eAMI<\/h2>\n<p class=\"p2\">O. \u015eadi Yenen, 11 Nisan 1950 tarihinde Kahramanmara\u015f\u2019ta do\u011fdu. \u0130lkokul ve ortaokulu Bilecik \u0130li Boz\u00fcy\u00fck \u0130l\u00e7esi\u2019nde okudu. Lise \u00f6\u011frenimini \u0130stanbul\u2019da Haydarpa\u015fa Lisesi\u2019nde tamamlad\u0131ktan sonra 1966 y\u0131l\u0131nda \u0130stanbul \u00dcniversitesi T\u0131p Fak\u00fcltesi\u2019ne girdi. \u00d6\u011frenimini Deniz Kuvvetleri Komutanl\u0131\u011f\u0131 ad\u0131na askeri \u00f6\u011frenci olarak s\u00fcrd\u00fcrd\u00fc ve 1974 y\u0131l\u0131nda \u0130stanbul \u00dcniversitesi \u0130stanbul T\u0131p Fak\u00fcltesi\u2019nden <i>T\u0131p Doktoru<\/i> unvan ve diplomas\u0131n\u0131 ald\u0131.<\/p>\n<h2 class=\"p3\">ASKER\u0130 HEK\u0130ML\u0130K D\u00d6NEM\u0130<\/h2>\n<p class=\"p2\">O. \u015eadi Yenen, 1974-1975 y\u0131llar\u0131nda Dz. Tbp. T\u011fm.<b> <\/b>olarak<b> <\/b>Ankara\u2019da G\u00fclhane Askeri T\u0131p Akademisi (GATA)\u2019nde staj\u0131n\u0131 tamamlad\u0131. 1975-1978 y\u0131llar\u0131 aras\u0131nda Deniz Kuvvetleri Komutanl\u0131\u011f\u0131\u2019n\u0131n \u00e7e\u015fitli gemi ve kurulu\u015flar\u0131nda Dz. Tbp. \u00dct\u011fm.<b> <\/b>olarak \u00e7al\u0131\u015ft\u0131ktan sonra, 1978\u2019de GATA\u2019da uzmanl\u0131k e\u011fitimine ba\u015flad\u0131 ve 1981 y\u0131l\u0131nda <i>\u0130nfeksiyon Hastal\u0131klar\u0131 ve Klinik Mikrobiyoloji Uzman\u0131<\/i> oldu. Dz. Tbp. Yzb. r\u00fctbesine terfi eden<b> <\/b>O. \u015eadi Yenen, 1981-1983 y\u0131llar\u0131nda Kocaeli G\u00f6lc\u00fck Deniz Hastanesi\u2019nde Uzman Hekim olarak g\u00f6revlendirildi. 1983\u2019te GATA\u2019ya d\u00f6nerek M\u00fc\u015favir Uzman Hekim ve Kan Bankas\u0131 M\u00fcd\u00fcr\u00fc olarak \u00e7al\u0131\u015ft\u0131. 1985 y\u0131l\u0131nda Dz. Tbp. Bnb.<b> <\/b>r\u00fctbesine terfi etti ve<b> <\/b>atand\u0131\u011f\u0131 \u0130stanbul \u00c7aml\u0131ca Asker Hastanesi\u2019nde 1986 y\u0131l\u0131na kadar Uzman Hekim olarak g\u00f6rev yapt\u0131.<\/p>\n<h2 class=\"p3\">ERKEN AKADEM\u0130K D\u00d6NEM\u0130<\/h2>\n<div id=\"attachment_29853\" style=\"width: 1450px\" class=\"wp-caption alignright\"><a href=\"https:\/\/www.klimikdergisi.org\/wp-content\/uploads\/2024\/12\/KLM-5184-01.jpg\"><img loading=\"lazy\" decoding=\"async\" aria-describedby=\"caption-attachment-29853\" class=\"wp-image-29853 size-full\" src=\"https:\/\/www.klimikdergisi.org\/wp-content\/uploads\/2024\/12\/KLM-5184-01.jpg\" alt=\"\" width=\"1440\" height=\"990\" srcset=\"https:\/\/www.klimikdergisi.org\/wp-content\/uploads\/2024\/12\/KLM-5184-01.jpg 1440w, https:\/\/www.klimikdergisi.org\/wp-content\/uploads\/2024\/12\/KLM-5184-01-378x260.jpg 378w, https:\/\/www.klimikdergisi.org\/wp-content\/uploads\/2024\/12\/KLM-5184-01-785x540.jpg 785w, https:\/\/www.klimikdergisi.org\/wp-content\/uploads\/2024\/12\/KLM-5184-01-768x528.jpg 768w\" sizes=\"auto, (max-width: 1440px) 100vw, 1440px\" \/><\/a><p id=\"caption-attachment-29853\" class=\"wp-caption-text\"><strong>Resim 1.<\/strong> 1983 y\u0131l\u0131nda G\u00fclhane\u2019de \u0130nfeksiyon Hastal\u0131klar\u0131 ve Klinik Mikrobiyoloji Uzman\u0131 arkada\u015flar\u0131yla birlikte (soldan sa\u011fa: Hv. Tbp. Yzb. Zeki K\u00fc\u00e7\u00fckyavuz, Tbp. Yzb. Mustafa Akkaya, Tbp. Bnb. \u00d6mer Can, Dz. Tbp. Yzb. O. \u015eadi Yenen).<\/p><\/div>\n<p class=\"p2\">O. \u015eadi Yenen, akademisyenli\u011fe Dz. Tbp. Bnb.<b> <\/b>iken<b> <\/b>1986 y\u0131l\u0131nda \u0130stanbul\u2019da GATA Haydarpa\u015fa E\u011fitim Hastanesi\u2019nde Yard\u0131mc\u0131 Do\u00e7ent kadrosuna ve Mikrobiyoloji ve Klinik Mikrobiyoloji Servis \u015eefli\u011fine atanarak ba\u015flad\u0131. \u0130nfeksiyon Hastal\u0131klar\u0131 ve Klinik Mikrobiyoloji Servis \u015eefi Yrd. Do\u00e7. Dz. Tbp. Kd. Alb. Vural G\u00fcven 1988 y\u0131l\u0131nda ayr\u0131l\u0131nca, vekaleten \u0130nfeksiyon Hastal\u0131klar\u0131 ve Klinik Mikrobiyoloji Servis \u015eefli\u011fini de \u00fcstlendi. 1989 y\u0131l\u0131nda girdi\u011fi Do\u00e7entlik S\u0131nav\u0131\u2019n\u0131 ba\u015fararak<b> <\/b><i>Klinik Bakteriyoloji ve \u0130nfeksiyon Hastal\u0131klar\u0131 Anabilim Dal\u0131\u2019nda Do\u00e7ent<\/i> unvan ve yetkisini ald\u0131.<\/p>\n<p class=\"p4\">GATA Haydarpa\u015fa E\u011fitim Hastanesi\u2019nin onun yan\u0131nda uzmanl\u0131k e\u011fitimine ba\u015flayan ilk \u0130nfeksiyon Hastal\u0131klar\u0131 ve Klinik Mikrobiyoloji asistanlar\u0131, Dz. Tbp. \u00dct\u011fm.<span class=\"Apple-converted-space\">\u00a0 <\/span>\u015eaban \u00c7avu\u015flu (1985), Svl. Tbp. Fatma \u00c7uhadar (1986), Tbp. \u00dct\u011fm.<span class=\"Apple-converted-space\">\u00a0 <\/span>Serhan Sakarya (1989) ve Hv. Tbp. \u00dct\u011fm.<b> <\/b> H\u00fcsn\u00fc Altunay (1989); ilk Mikrobiyoloji ve Klinik Mikrobiyoloji asistan\u0131 ise Tbp. \u00dct\u011fm. Hakan \u00d6zt\u00fcrkeri (1989) oldu.<\/p>\n<p class=\"p4\">1990 y\u0131l\u0131nda Do\u00e7. Dz. Tbp. Yb. r\u00fctbesine terfi eden O. \u015eadi Yenen,<b> <\/b>\u0130nfeksiyon Hastal\u0131klar\u0131 ve Klinik Mikrobiyoloji Servis \u015eefli\u011fine asaleten atand\u0131. Mikrobiyoloji ve Klinik Mikrobiyoloji Servis \u015eefli\u011fini Do\u00e7. Vet. Hek. Kd. Alb. \u00d6mer Kocabeyo\u011flu\u2019na devretti.<\/p>\n<h2 class=\"p3\"><span class=\"s1\">KL\u0130M\u0130K DERNE\u011e\u0130 Y\u00d6NET\u0130M\u0130NDE G\u00d6REV ALI\u015eI<\/span><\/h2>\n<div id=\"attachment_29856\" style=\"width: 1451px\" class=\"wp-caption alignright\"><a href=\"https:\/\/www.klimikdergisi.org\/wp-content\/uploads\/2024\/12\/KLM-5184-02.jpg\"><img loading=\"lazy\" decoding=\"async\" aria-describedby=\"caption-attachment-29856\" class=\"wp-image-29856 size-full\" src=\"https:\/\/www.klimikdergisi.org\/wp-content\/uploads\/2024\/12\/KLM-5184-02.jpg\" alt=\"\" width=\"1441\" height=\"1035\" srcset=\"https:\/\/www.klimikdergisi.org\/wp-content\/uploads\/2024\/12\/KLM-5184-02.jpg 1441w, https:\/\/www.klimikdergisi.org\/wp-content\/uploads\/2024\/12\/KLM-5184-02-362x260.jpg 362w, https:\/\/www.klimikdergisi.org\/wp-content\/uploads\/2024\/12\/KLM-5184-02-752x540.jpg 752w, https:\/\/www.klimikdergisi.org\/wp-content\/uploads\/2024\/12\/KLM-5184-02-768x552.jpg 768w\" sizes=\"auto, (max-width: 1441px) 100vw, 1441px\" \/><\/a><p id=\"caption-attachment-29856\" class=\"wp-caption-text\"><strong>Resim 2<\/strong>XXV. T\u00fcrk Mikrobiyoloji Kongresi (8-11 Eyl\u00fcl 1992, Bursa)\u2019ne kat\u0131lan emekli ve muvazzaf G\u00fclhaneliler\u2019le birlikte (ilk s\u0131ra, soldan sa\u011fa: O. \u015eadi Yenen, Sabri G\u00fcng\u00f6r, Kaya K\u0131l\u0131\u00e7turgay, \u0130smail Hakk\u0131 D\u00fcndar, Feridun G\u00f6k\u0131rmak, Okan T\u00f6re; ikinci s\u0131ra, soldan sa\u011fa: Ayhan Kubar, Fikret T\u00fcbl\u00fck, B\u00fclent Baysal, Nam\u0131k Kemal Sar\u0131g\u00fcl, Mehmet Tany\u00fcksel, M. Fevzi \u00d6zsoy; \u00fc\u00e7\u00fcnc\u00fc s\u0131ra, soldan sa\u011fa: Nafiz Ko\u00e7ak, Mustafa \u00d6zyurt).<\/p><\/div>\n<div id=\"attachment_29859\" style=\"width: 2404px\" class=\"wp-caption alignright\"><a href=\"https:\/\/www.klimikdergisi.org\/wp-content\/uploads\/2024\/12\/KLM-5184-03.jpg\"><img loading=\"lazy\" decoding=\"async\" aria-describedby=\"caption-attachment-29859\" class=\"wp-image-29859 size-full\" src=\"https:\/\/www.klimikdergisi.org\/wp-content\/uploads\/2024\/12\/KLM-5184-03.jpg\" alt=\"\" width=\"2394\" height=\"1116\" srcset=\"https:\/\/www.klimikdergisi.org\/wp-content\/uploads\/2024\/12\/KLM-5184-03.jpg 2394w, https:\/\/www.klimikdergisi.org\/wp-content\/uploads\/2024\/12\/KLM-5184-03-390x182.jpg 390w, https:\/\/www.klimikdergisi.org\/wp-content\/uploads\/2024\/12\/KLM-5184-03-810x378.jpg 810w, https:\/\/www.klimikdergisi.org\/wp-content\/uploads\/2024\/12\/KLM-5184-03-768x358.jpg 768w\" sizes=\"auto, (max-width: 2394px) 100vw, 2394px\" \/><\/a><p id=\"caption-attachment-29859\" class=\"wp-caption-text\"><strong>Resim 3<\/strong> Kongre Ba\u015fkan\u0131 Do\u00e7. Dz. Tbp. Alb. O. \u015eadi Yenen (solda), 5. \u0130nfeksiyon Hastal\u0131klar\u0131 Kongresi (4-6 Eyl\u00fcl 1995, \u0130stanbul)\u2019nin A\u00e7\u0131l\u0131\u015f T\u00f6reni\u2019nde Kongre Genel Sekreteri Do\u00e7. Dr. Haluk Eraksoy (sa\u011fda)\u2019la birlikte.<\/p><\/div>\n<div id=\"attachment_29861\" style=\"width: 1727px\" class=\"wp-caption alignright\"><a href=\"https:\/\/www.klimikdergisi.org\/wp-content\/uploads\/2024\/12\/KLM-5184-04.jpg\"><img loading=\"lazy\" decoding=\"async\" aria-describedby=\"caption-attachment-29861\" class=\"wp-image-29861 size-full\" src=\"https:\/\/www.klimikdergisi.org\/wp-content\/uploads\/2024\/12\/KLM-5184-04.jpg\" alt=\"\" width=\"1717\" height=\"1183\" srcset=\"https:\/\/www.klimikdergisi.org\/wp-content\/uploads\/2024\/12\/KLM-5184-04.jpg 1717w, https:\/\/www.klimikdergisi.org\/wp-content\/uploads\/2024\/12\/KLM-5184-04-377x260.jpg 377w, https:\/\/www.klimikdergisi.org\/wp-content\/uploads\/2024\/12\/KLM-5184-04-784x540.jpg 784w, https:\/\/www.klimikdergisi.org\/wp-content\/uploads\/2024\/12\/KLM-5184-04-768x529.jpg 768w\" sizes=\"auto, (max-width: 1717px) 100vw, 1717px\" \/><\/a><p id=\"caption-attachment-29861\" class=\"wp-caption-text\"><strong>Resim 4.<\/strong>Do\u00e7. Dr. O. \u015eadi Yenen (sa\u011f ba\u015fta), 5. \u0130nfeksiyon Hastal\u0131klar\u0131 Kongresi (4-6 Eyl\u00fcl 1995, \u0130stanbul) haz\u0131rl\u0131klar\u0131 s\u0131ras\u0131nda T\u00fcrk Mikrobiyoloji Cemiyeti Ba\u015fkan\u0131 Prof. Dr. \u00d6zdem An\u011f (ortada) ve Do\u00e7. Dr. Haluk Eraksoy (sol ba\u015fta)\u2019la birlikte.<\/p><\/div>\n<div id=\"attachment_29863\" style=\"width: 597px\" class=\"wp-caption alignright\"><a href=\"https:\/\/www.klimikdergisi.org\/wp-content\/uploads\/2024\/12\/KLM-5184-05.jpg\"><img loading=\"lazy\" decoding=\"async\" aria-describedby=\"caption-attachment-29863\" class=\"wp-image-29863 size-full\" src=\"https:\/\/www.klimikdergisi.org\/wp-content\/uploads\/2024\/12\/KLM-5184-05.jpg\" alt=\"\" width=\"587\" height=\"644\" srcset=\"https:\/\/www.klimikdergisi.org\/wp-content\/uploads\/2024\/12\/KLM-5184-05.jpg 587w, https:\/\/www.klimikdergisi.org\/wp-content\/uploads\/2024\/12\/KLM-5184-05-237x260.jpg 237w, https:\/\/www.klimikdergisi.org\/wp-content\/uploads\/2024\/12\/KLM-5184-05-492x540.jpg 492w\" sizes=\"auto, (max-width: 587px) 100vw, 587px\" \/><\/a><p id=\"caption-attachment-29863\" class=\"wp-caption-text\"><strong>Resim 4.<\/strong> Do\u00e7. Dz. Tbp. Alb. O. \u015eadi Yenen, T\u00fcrk Silahl\u0131 Kuvvetleri\u2019nden emekli olmadan \u00f6nce.<\/p><\/div>\n<p class=\"p2\">1993 y\u0131l\u0131nda Do\u00e7. Dz. Tbp. Alb.<b> <\/b>r\u00fctbesine terfi eden O. \u015eadi Yenen,<b> <\/b>o y\u0131ldan itibaren<b> <\/b>T\u00fcrk Klinik Mikrobiyoloji ve \u0130nfeksiyon Hastal\u0131klar\u0131 Derne\u011fi\u2019nin y\u00f6netiminde yer alarak, D\u00f6rd\u00fcnc\u00fc (1993-1995) ve Be\u015finci (1995-1997) D\u00f6nem Genel Sekreterli\u011fini yapt\u0131. Bu iki d\u00f6nemde, \u0130nfeksiyon Hastal\u0131klar\u0131 ve Klinik Mikrobiyoloji Uzmanlar\u0131n\u0131n, 13 Haziran 1986 tarihinde kurulmu\u015f olan Derne\u011fe y\u00f6neli\u015fi belirgin bir bi\u00e7imde artt\u0131. Dernek de <i>\u0130nfeksiyon Hastal\u0131klar\u0131 ve Klinik Mikrobiyoloji <\/i>uzmanl\u0131k alan\u0131na sahip \u00e7\u0131kan bir nitelik kazanmaya ba\u015flad\u0131.<\/p>\n<p class=\"p5\">1995 y\u0131l\u0131nda T\u00fcrk Tabipleri Birli\u011fi (TTB) \u015femsiyesi alt\u0131nda TTB-Uzmanl\u0131k Dernekleri Koordinasyon (sonradan E\u015fg\u00fcd\u00fcm) Kurulu (TTB-UDKK)\u2019nun kurulmas\u0131, T\u00fcrkiye\u2019de \u201cuzmanl\u0131k derne\u011fi\u201d kavram\u0131n\u0131n yayg\u0131n olarak kabul g\u00f6rmesini sa\u011flad\u0131. O s\u0131ralarda Avrupa Birli\u011fi\u2019ne<span class=\"Apple-converted-space\">\u00a0 <\/span>\u00fcye olan \u00fclkeler aras\u0131nda i\u015fg\u00fcc\u00fc hareketlerinin kolayla\u015ft\u0131r\u0131lmas\u0131, \u00f6nemli bir hedef haline gelmi\u015f; Avrupa T\u0131p Uzmanlar\u0131 Birli\u011fi (UEMS)\u2019nin T\u00fcrkiye\u2019deki t\u0131p dallar\u0131n\u0131n ulusal otoritesi olarak tan\u0131d\u0131\u011f\u0131 TTB de kendisiyle uzmanl\u0131k dernekleri aras\u0131ndaki e\u015fg\u00fcd\u00fcm\u00fc sa\u011flamak \u00fczere, bu kurulu olu\u015fturmu\u015ftu. T\u00fcrk Klinik Mikrobiyoloji ve \u0130nfeksiyon Hastal\u0131klar\u0131 Derne\u011fi, yap\u0131lan \u00e7a\u011fr\u0131 \u00fczerine bu kurulda g\u00f6revlendirdi\u011fi temsilcileriyle <i>\u0130nfeksiyon Hastal\u0131klar\u0131 ve Klinik Mikrobiyoloji<\/i> uzmanl\u0131k dal\u0131n\u0131 temsil etmeye ba\u015flad\u0131. Ayr\u0131ca UEMS b\u00fcnyesinde kurulmak \u00fczere olan \u0130nfeksiyon Hastal\u0131klar\u0131 Seksiyonu i\u00e7in g\u00f6revlendirdi\u011fi temsilcilerini de TTB\u2019ye bildirdi.<\/p>\n<h3 class=\"p6\">\u0130nfeksiyon Hastal\u0131klar\u0131 ve Klinik Mikrobiyoloji\u2019nin B\u00fct\u00fcnl\u00fc\u011f\u00fcne Y\u00f6nelik Tehditler<\/h3>\n<p class=\"p2\">Bu s\u0131rada \u00fclkemizde <i>\u0130nfeksiyon Hastal\u0131klar\u0131 ve Klinik Mikrobiyoloji <\/i>uzmanl\u0131k e\u011fitimi veren birimlerin hemen hepsini, de\u011fi\u015fik derecelerde de olsa, olumsuz y\u00f6nde etkileyecek ve uzmanl\u0131k dal\u0131n\u0131n b\u00fct\u00fcnl\u00fc\u011f\u00fcn\u00fc tehdit eden bir s\u00fcre\u00e7 ba\u015flad\u0131. \u0130lk olarak, 6 Mart 1995 tarihinde 50. T.C. H\u00fck\u00fcmeti (I. \u00c7iller H\u00fck\u00fcmeti)\u2019nin Sa\u011fl\u0131k Bakan\u0131 Dr. Do\u011fan Baran\u2019\u0131n imzas\u0131yla sunulan, g\u00fcncellenmi\u015f Tababet Uzmanl\u0131k T\u00fcz\u00fc\u011f\u00fc Tasar\u0131s\u0131 tasla\u011f\u0131n\u0131n ekli \u00e7izelgesinde <i>\u0130nfeksiyon Hastal\u0131klar\u0131 ve Klinik Mikrobiyoloji <\/i>dal\u0131 yerine \u201c\u0130nfeksiyon Hastal\u0131klar\u0131\u201d bi\u00e7iminde bir ana dal g\u00f6sterildi. Bu s\u00fcrprizin ard\u0131ndan Dernek, kendisini iki y\u0131ldan uzun s\u00fcren bir m\u00fccadelenin ortas\u0131nda buldu ve yeni T\u0131pta Uzmanl\u0131k T\u00fcz\u00fc\u011f\u00fc\u2019n\u00fcn 11 Temmuz 1997 tarihinde Dan\u0131\u015ftay\u2019\u0131n onay\u0131ndan <i>\u0130nfeksiyon Hastal\u0131klar\u0131 ve Klinik Mikrobiyoloji<\/i> dal\u0131n\u0131n korundu\u011fu bi\u00e7imde ge\u00e7mesini sa\u011flad\u0131. Ancak bu t\u00fcz\u00fck y\u00fcr\u00fcrl\u00fc\u011fe konulmayacak ve i\u015fba\u015f\u0131na gelen 55. T.C. H\u00fck\u00fcmeti (III. Y\u0131lmaz H\u00fck\u00fcmeti) taraf\u0131ndan ask\u0131ya al\u0131nacakt\u0131r.<\/p>\n<h3 class=\"p7\">Kongre Enflasyonunun \u00d6n\u00fcne Ge\u00e7me Giri\u015fimleri<\/h3>\n<p class=\"p2\">1987 y\u0131l\u0131ndan beri, Ulusal Klinik Mikrobiyoloji ve \u0130nfeksiyon Hastal\u0131klar\u0131 Kongrelerini, T\u00fcrk Klinik Mikrobiyoloji ve \u0130nfeksiyon Hastal\u0131klar\u0131 Derne\u011fi; Ulusal \u0130nfeksiyon Hastal\u0131klar\u0131 Kongrelerini ise T\u00fcrk Mikrobiyoloji Cemiyeti d\u00fczenlemekteydi. Do\u00e7. Dr.<b> <\/b>O. \u015eadi Yenen,<b> <\/b>iki derne\u011fin uzla\u015f\u0131s\u0131yla son kez d\u00fczenlenmesine \u00f6nceden karar verilmi\u015f olan<i> 5. Ulusal \u0130nfeksiyon Hastal\u0131klar\u0131 Kongresi <\/i>(4-6 Eyl\u00fcl 1995, \u0130stanbul)\u2019nin D\u00fczenleme Kurulu Ba\u015fkanl\u0131\u011f\u0131n\u0131 \u00fcstlendi. Bu kongreden sonra iki dernek, kongrelerinin d\u00fczenlenmesiyle ilgili olarak 1996 y\u0131l\u0131ndan 2010 y\u0131l\u0131na kadar s\u00fcren bir i\u015fbirli\u011fi i\u00e7ine girecektir.<\/p>\n<h2 class=\"p3\">S\u0130V\u0130L \u00d6\u011eRET\u0130M \u00dcYEL\u0130\u011e\u0130NE GE\u00c7\u0130\u015e\u0130<\/h2>\n<p class=\"p2\">Do\u00e7. Dr.<b> <\/b>O. \u015eadi Yenen, 1997 y\u0131l\u0131nda Dz. Tbp. Kd. Alb. r\u00fctbesiyle<b> <\/b>T\u00fcrk Silahl\u0131 Kuvvetleri (TSK)\u2019nden emekli oldu ve \u0130stanbul \u00dcniversitesi \u0130stanbul T\u0131p Fak\u00fcltesi Mikrobiyoloji ve Klinik Mikrobiyoloji (sonradan T\u0131bbi Mikrobiyoloji) Anabilim Dal\u0131\u2019nda a\u00e7\u0131lan <i>Profes\u00f6r<\/i> kadrosuna atand\u0131. Burada Viroloji ve Temel \u0130mm\u00fcnoloji Bilim Dal\u0131\u2019nda g\u00f6rev ald\u0131.<span class=\"Apple-converted-space\">\u00a0 <\/span>Hastane \u0130nfeksiyonu Kontrol Komitesi Ba\u015fkanl\u0131\u011f\u0131n\u0131 da \u00fcstlendi.<\/p>\n<h2 class=\"p3\">KL\u0130M\u0130K DERNE\u011e\u0130\u2019NDE BA\u015eKANLIK D\u00d6NEM\u0130<\/h2>\n<div id=\"attachment_29866\" style=\"width: 2570px\" class=\"wp-caption alignright\"><a href=\"https:\/\/www.klimikdergisi.org\/wp-content\/uploads\/2024\/12\/KLM-5184-06-scaled.jpg\"><img loading=\"lazy\" decoding=\"async\" aria-describedby=\"caption-attachment-29866\" class=\"wp-image-29866 size-full\" src=\"https:\/\/www.klimikdergisi.org\/wp-content\/uploads\/2024\/12\/KLM-5184-06-scaled.jpg\" alt=\"\" width=\"2560\" height=\"1635\" srcset=\"https:\/\/www.klimikdergisi.org\/wp-content\/uploads\/2024\/12\/KLM-5184-06-scaled.jpg 2560w, https:\/\/www.klimikdergisi.org\/wp-content\/uploads\/2024\/12\/KLM-5184-06-390x249.jpg 390w, https:\/\/www.klimikdergisi.org\/wp-content\/uploads\/2024\/12\/KLM-5184-06-810x517.jpg 810w, https:\/\/www.klimikdergisi.org\/wp-content\/uploads\/2024\/12\/KLM-5184-06-500x320.jpg 500w, https:\/\/www.klimikdergisi.org\/wp-content\/uploads\/2024\/12\/KLM-5184-06-768x491.jpg 768w\" sizes=\"auto, (max-width: 2560px) 100vw, 2560px\" \/><\/a><p id=\"caption-attachment-29866\" class=\"wp-caption-text\"><strong>Resim 6.<\/strong> T\u00fcrk Klinik Mikrobiyoloji ve \u0130nfeksiyon Hastal\u0131klar\u0131 (Klimik) Derne\u011fi Ba\u015fkan\u0131 Prof. Dr. O. \u015eadi Yenen (sa\u011f ba\u015fta), (onun sa\u011f\u0131ndan itibaren) Genel Sekreter Prof. Dr. Haluk Eraksoy, Sayman Uzm. Dr. Serdar \u00d6zer, Yedinci D\u00f6nem (1999-2001) Y\u00f6netim Kurulu \u00fcyeleri Prof. Dr. Emin Tekeli, Prof. Dr. Ay\u015fe Willke ve Uzm. Dr. Engin Seber\u2019le birlikte.<\/p><\/div>\n<div id=\"attachment_29868\" style=\"width: 756px\" class=\"wp-caption alignright\"><a href=\"https:\/\/www.klimikdergisi.org\/wp-content\/uploads\/2024\/12\/KLM-5184-07.jpg\"><img loading=\"lazy\" decoding=\"async\" aria-describedby=\"caption-attachment-29868\" class=\"size-full wp-image-29868\" src=\"https:\/\/www.klimikdergisi.org\/wp-content\/uploads\/2024\/12\/KLM-5184-07.jpg\" alt=\"\" width=\"746\" height=\"1016\" srcset=\"https:\/\/www.klimikdergisi.org\/wp-content\/uploads\/2024\/12\/KLM-5184-07.jpg 746w, https:\/\/www.klimikdergisi.org\/wp-content\/uploads\/2024\/12\/KLM-5184-07-191x260.jpg 191w, https:\/\/www.klimikdergisi.org\/wp-content\/uploads\/2024\/12\/KLM-5184-07-396x540.jpg 396w\" sizes=\"auto, (max-width: 746px) 100vw, 746px\" \/><\/a><p id=\"caption-attachment-29868\" class=\"wp-caption-text\"><strong>Resim 7.<\/strong> VII. T\u0131pta Uzmanl\u0131k E\u011fitimi Kurultay\u0131 (1-2 Aral\u0131k 2001, \u0130stanbul)\u2019nda.<\/p><\/div>\n<div id=\"attachment_29870\" style=\"width: 2186px\" class=\"wp-caption alignright\"><a href=\"https:\/\/www.klimikdergisi.org\/wp-content\/uploads\/2024\/12\/KLM-5184-08.jpg\"><img loading=\"lazy\" decoding=\"async\" aria-describedby=\"caption-attachment-29870\" class=\"size-full wp-image-29870\" src=\"https:\/\/www.klimikdergisi.org\/wp-content\/uploads\/2024\/12\/KLM-5184-08.jpg\" alt=\"\" width=\"2176\" height=\"1336\" srcset=\"https:\/\/www.klimikdergisi.org\/wp-content\/uploads\/2024\/12\/KLM-5184-08.jpg 2176w, https:\/\/www.klimikdergisi.org\/wp-content\/uploads\/2024\/12\/KLM-5184-08-390x239.jpg 390w, https:\/\/www.klimikdergisi.org\/wp-content\/uploads\/2024\/12\/KLM-5184-08-810x497.jpg 810w, https:\/\/www.klimikdergisi.org\/wp-content\/uploads\/2024\/12\/KLM-5184-08-768x472.jpg 768w\" sizes=\"auto, (max-width: 2176px) 100vw, 2176px\" \/><\/a><p id=\"caption-attachment-29870\" class=\"wp-caption-text\"><strong>Resim 8.<\/strong> Klimik 2017 s\u0131ras\u0131nda kendisinden sonraki T\u00fcrk Klinik Mikrobiyoloji ve \u0130nfeksiyon Hastal\u0131klar\u0131 Derne\u011fi Ba\u015fkanlar\u0131yla birlikte (soldan sa\u011fa: Prof. Dr. Celal Ayaz, Prof. Dr. Haluk Eraksoy, Prof. Dr. O. \u015eadi Yenen, Prof. Dr. \u00d6nder Erg\u00f6n\u00fcl, Prof. Dr. Alpay Azap).<\/p><\/div>\n<p class=\"p2\">Prof. Dr. O. \u015eadi Yenen, T\u00fcrk Klinik Mikrobiyoloji ve \u0130nfeksiyon Hastal<span class=\"s2\">\u0131klar\u0131 Derne\u011fi\u2019nin Alt\u0131nc\u0131 (1997-1999) ve Yedinci (1999-2001) D\u00f6nem Ba\u015fkanl\u0131\u011f\u0131n\u0131 yapt\u0131. Art arda bu iki d\u00f6nemde Dernek bir uzmanl\u0131k derne\u011fi olma yolunda b\u00fcy\u00fck bir ivme yakalad\u0131. Alt\u0131nc\u0131 D\u00f6nem Y\u00f6netim Kurulu\u2019nca sunulan, Dernek t\u00fcz\u00fc\u011f\u00fcne \u201c\u0130nfeksiyon Hastal\u0131klar\u0131 ve Klinik Mikrobiyoloji Yeterlilik Kurulu kurulmas\u0131na ili\u015fkin\u201d bir f\u0131kra eklenmesi \u00f6nerisini, Dernek Genel Kurulu oybirli\u011fiyle kabul etti. T\u00fcrkiye\u2019nin bir\u00e7ok ilindeki \u00fcyeleri bir araya getirmek \u00fczere toplant\u0131lar ba\u015flat\u0131ld\u0131.<span class=\"Apple-converted-space\">\u00a0 <\/span>Bunlar aras\u0131nda \u00f6zellikle <i>Do\u011fru Antibiyotik Kullan\u0131m\u0131<\/i> ba\u015fl\u0131\u011f\u0131 alt\u0131nda 17 ayr\u0131 ilde zincir bi\u00e7iminde d\u00fczenlenmi\u015f monotematik toplant\u0131lara a\u011f\u0131rl\u0131k verildi. <i>Okul <\/i>ad\u0131 alt\u0131ndaki etkinliklerin ilkinin d\u00fczenlenmesi ve \u00c7al\u0131\u015fma Gruplar\u0131n\u0131n kurulmas\u0131, ya\u015fama ge\u00e7irilen yenilikler aras\u0131ndayd\u0131. \u0130stanbul\u2019dakilerin yan\u0131 s\u0131ra Ankara\u2019da da ayl\u0131k bilimsel toplant\u0131lar d\u00fczenlenmeye ba\u015fland\u0131.<\/span><\/p>\n<h3 class=\"p7\">Klimik B\u00fclteni\u2019nde Ses Getiren Ba\u015fyaz\u0131lar<\/h3>\n<p class=\"p2\">Ekim 1998\u2019de <i>\u0130leti\u015fimsiz \u00f6rg\u00fctl\u00fcl\u00fck olmaz!<\/i> d\u00fcsturuyla bir yandan T\u00fcrk Klinik Mikrobiyoloji ve \u0130nfeksiyon Hastal\u0131klar\u0131 Derne\u011fi \u00fcyeleri aras\u0131ndaki ba\u011flar\u0131 g\u00fc\u00e7lendirmek, bir yandan da <i>\u0130nfeksiyon Hastal\u0131klar\u0131 ve Klinik Mikrobiyoloji<\/i> dal\u0131yla ilgili Dernek g\u00f6r\u00fc\u015flerini savunmak \u00fczere <i>Klimik B\u00fclteni<\/i> yay\u0131mlanmaya ba\u015flad\u0131.<b> <\/b>Prof. Dr.<b> <\/b>O. \u015eadi Yenen, Derne\u011fin <i>Klimik Dergisi<\/i>\u2019nden sonraki bu ikinci yay\u0131n organ\u0131n\u0131n ba\u015fyaz\u0131lar\u0131n\u0131 ilk say\u0131dan itibaren kaleme ald\u0131.<span class=\"Apple-converted-space\">\u00a0 <\/span>Kendine \u00f6zg\u00fc \u00fcslubuyla renklendirdi\u011fi ba\u015fyaz\u0131lar\u0131n \u00e7arp\u0131c\u0131 ba\u015fl\u0131klar\u0131 vard\u0131.<\/p>\n<p class=\"p4\"><i>\u201c<\/i><span class=\"s2\"><i>Kendi durumunun fark\u0131nda olmak\u201d<\/i> ba\u015fl\u0131kl\u0131 makalesinde, geli\u015fmekte olan \u00fclkelerdeki bilimsel faaliyetlerin akt\u00f6r\u00fc olan uzmanlar\u0131n \u201ckendi durumlar\u0131n\u0131n fark\u0131nda olmay\u0131\u015flar\u0131n\u0131\u201d besleyen iki temel neden oldu\u011funu; bunlardan birinin bilim felsefesi yakla\u015f\u0131m\u0131 yoksunlu\u011fu, di\u011ferinin ise ulusal k\u00fclt\u00fcr ve tarih bilinci yoksunlu\u011fu oldu\u011funu vurgulam\u0131\u015ft\u0131. <i>\u201cAkl\u0131n evcille\u015ftirilmesi ya da uygulamalar\u0131n piyasala\u015ft\u0131r\u0131lmas\u0131\u201d <\/i>ba\u015fl\u0131kl\u0131 makalesinde de \u201cgeli\u015fmi\u015f Bat\u0131 \u00fclkelerinde haz\u0131rlanm\u0131\u015f k\u0131lavuzlar\u0131 temel almakla, \u00fclkemizdeki t\u0131p uygulamalar\u0131nda ba\u015far\u0131l\u0131 olunup olunamayaca\u011f\u0131n\u0131\u201d sorgulam\u0131\u015f, \u201cba\u015fka ko\u015fullar\u0131n \u00fcr\u00fcn\u00fc olan s\u00fcre\u00e7leri kopya etmenin, i\u015fe yaramayacak re\u00e7etelerle zaman yitirmek\u201d olaca\u011f\u0131n\u0131n alt\u0131n\u0131 \u00e7izmi\u015f ve bu duruma d\u00fc\u015fmeyi \u201cakl\u0131n evcille\u015ftirilmesi\u201d benzetmesiyle ele\u015ftirmi\u015fti. <i>\u201cBakterilerin antibiyotiklerle dans\u0131: M\u00fczi\u011fi kim \u00e7al\u0131yor\u201d <\/i>ba\u015fl\u0131kl\u0131 kapsaml\u0131 makalesinde ise \u201cantibiyotikler, herhangi bir \u2018mal\u2019 olarak de\u011ferlendirildikleri s\u00fcrece, diren\u00e7 sorunuyla ba\u015fa \u00e7\u0131k\u0131labilir mi?\u201d sorusunun yan\u0131t\u0131n\u0131 aram\u0131\u015ft\u0131. <i>Klimik B\u00fclteni<\/i>\u2019nin dolu dolu diyebilece\u011fimiz ilk 11 say\u0131s\u0131, Derne\u011fin internet sitesinden bug\u00fcn de ula\u015f\u0131labilir durumdad\u0131r. <\/span><\/p>\n<h3 class=\"p7\">Tehditlere Kar\u015f\u0131 Giri\u015filen \u00d6rg\u00fctl\u00fc M\u00fccadele<\/h3>\n<p class=\"p2\">Dan\u0131\u015ftay\u2019\u0131n onay\u0131ndan <i>\u0130nfeksiyon Hastal\u0131klar\u0131 ve Klinik Mikrobiyoloji <\/i>dal\u0131n\u0131n korundu\u011fu bi\u00e7imde ge\u00e7mesi sa\u011flanan t\u00fcz\u00fck tasar\u0131s\u0131, i\u015fba\u015f\u0131na gelen 55. T.C. H\u00fck\u00fcmeti (III. Y\u0131lmaz H\u00fck\u00fcmeti) taraf\u0131ndan ask\u0131ya al\u0131n\u0131nca Dernek, \u00fcyelerini de \u00f6rg\u00fctleyerek \u00e2deta sil ba\u015ftan m\u00fccadeleye ba\u015flad\u0131; ancak Derne\u011fin g\u00f6r\u00fcn\u00fc\u015fte \u201cresmi otoritelere kar\u015f\u0131\u201d y\u00fcr\u00fctt\u00fc\u011f\u00fc bu m\u00fccadele, hi\u00e7 de \u00e7abuk sonu\u00e7lanmayacakt\u0131r.<\/p>\n<p class=\"p4\"><span class=\"s3\">Bu arada Y\u00fcksek\u00f6\u011fretim Kurulu, alternatif bir uzmanl\u0131k t\u00fcz\u00fc\u011f\u00fc \u00e7al\u0131\u015fmas\u0131 ba\u015flatm\u0131\u015f; haz\u0131rlanan raporu inceleyen \u00dcniversiteleraras\u0131 Kurul\u2019un T\u0131p-Sa\u011fl\u0131k Bilimleri E\u011fitim Konseyi\u2019nin olu\u015fturdu\u011fu bir komisyon, 21 Haziran 1998\u2019de <i>\u0130nfeksiyon Hastal\u0131klar\u0131 ve Klinik Mikrobiyoloji<\/i> ana dal\u0131n\u0131n \u201c\u0130nfeksiyon Hastal\u0131klar\u0131\u201d halinde \u201c\u0130\u00e7 Hastal\u0131klar\u0131\u201d ana dal\u0131n\u0131n bir yan dal\u0131 haline getirilmesi y\u00f6n\u00fcnde bir karar alm\u0131\u015ft\u0131. Ancak Derne\u011fin e\u015fg\u00fcd\u00fcm\u00fcnde y\u00fcr\u00fct\u00fclen \u015fiddetli bir itiraz kampanyas\u0131 sonucunda bu konu rafa kalkt\u0131. <\/span><\/p>\n<p class=\"p5\">Prof. Dr.<b> <\/b>O. \u015eadi Yenen, 1999-2001 y\u0131llar\u0131 aras\u0131nda TTB-UDKK (sonradan TTB-UDEK)\u2019da Y\u00fcr\u00fctme Kurulu \u00fcyesi olarak g\u00f6rev ald\u0131.<\/p>\n<h3 class=\"p6\">\u0130nfeksiyon Hastal\u0131klar\u0131 ve Klinik Mikrobiyoloji Dal\u0131 Yine Hedefte!<\/h3>\n<p class=\"p2\">Bu arada 56. T.C. H\u00fck\u00fcmeti (IV. Ecevit H\u00fck\u00fcmeti) d\u00f6neminde y\u00fcr\u00fct\u00fclen m\u00fczakerelerde, <i>\u0130nfeksiyon Hastal\u0131klar\u0131 ve Klinik Mikrobiyoloji<\/i> ana dal\u0131n\u0131n b\u00fct\u00fcnl\u00fc\u011f\u00fc \u00fczerinde bir uzla\u015f\u0131 sa\u011flanm\u0131\u015fken, Sa\u011fl\u0131k Bakanl\u0131\u011f\u0131\u2019nca 1 Mart 1999\u2019da yeniden haz\u0131rlanan T\u0131pta Uzmanl\u0131k T\u00fcz\u00fc\u011f\u00fc Tasar\u0131s\u0131 tasla\u011f\u0131nda <i>\u0130nfeksiyon Hastal\u0131klar\u0131 ve Klinik Mikrobiyoloji <\/i>ana dal\u0131, bu kez de \u201c\u0130nfeksiyon Hastal\u0131klar\u0131\u201d ana dal\u0131 haline indirgendi. Daha sonraki 57. T.C. H\u00fck\u00fcmeti (V. Ecevit H\u00fck\u00fcmeti) d\u00f6neminde, verilen uzunca bir aradan sonra Ocak 2000\u2019de yeniden de\u011fi\u015ftirilen T\u0131pta Uzmanl\u0131k T\u00fcz\u00fc\u011f\u00fc Tasar\u0131s\u0131\u2019nda <i>\u0130nfeksiyon Hastal\u0131klar\u0131 ve Klinik Mikrobiyoloji<\/i> ana dal\u0131 yine \u201c\u0130nfeksiyon Hastal\u0131klar\u0131\u201d olarak g\u00f6sterildi.<\/p>\n<p class=\"p4\">Sonunda T\u0131pta Uzmanl\u0131k T\u00fcz\u00fc\u011f\u00fc, Derne\u011fin yedi y\u0131l\u0131 bulan b\u00fct\u00fcn \u00e7abalar\u0131na kar\u015f\u0131n, 14 May\u0131s 2002\u2019de bu \u201c\u00e7arp\u0131k\u201d haliyle kabul edilecektir. Ayr\u0131ca <i>\u0130nfeksiyon Hastal\u0131klar\u0131 ve Klinik Mikrobiyoloji<\/i>, ilk kez Haziran 2001\u2019de Do\u00e7entlik Bilim Alanlar\u0131 aras\u0131nda da b\u00fct\u00fcnle\u015fik bir alan olarak yer almayacakt\u0131r. Derne\u011fin giri\u015fece\u011fi yo\u011fun hukuk m\u00fccadelesinin sonu\u00e7lan\u0131p, <i>\u0130nfeksiyon Hastal\u0131klar\u0131 ve Klinik Mikrobiyoloji<\/i> dal\u0131n\u0131n \u00fczerinde gezinen kara bulutlar\u0131n da\u011f\u0131lmas\u0131 i\u00e7in, bir yedi y\u0131l daha ge\u00e7mesi gerekecektir.<span class=\"Apple-converted-space\">\u00a0 <\/span><i>\u0130nfeksiyon Hastal\u0131klar\u0131 ve Klinik Mikrobiyoloji<\/i> dal\u0131n\u0131n b\u00fct\u00fcnl\u00fc\u011f\u00fcn\u00fc yeniden teslim eden T\u0131pta ve Di\u015f Hekimli\u011finde Uzmanl\u0131k E\u011fitimi Y\u00f6netmeli\u011fi, ancak 60. T.C. H\u00fck\u00fcmeti (II. Erdo\u011fan H\u00fck\u00fcmeti) d\u00f6neminde 18 Temmuz 2009 tarihli Resm\u00ee Gazete\u2019de yay\u0131mlanarak y\u00fcr\u00fcrl\u00fc\u011fe girecektir. Do\u00e7entlik Bilim Alan\u0131n\u0131n, <i>\u0130nfeksiyon Hastal\u0131klar\u0131 ve Klinik Mikrobiyoloji <\/i>olarak, uzmanl\u0131k dal\u0131n\u0131n ad\u0131yla bire bir \u00f6rt\u00fc\u015fen, tek ve b\u00fct\u00fcn bir bi\u00e7imde d\u00fczenlenmesi ise Nisan 2011\u2019i bulacakt\u0131r.<\/p>\n<h2 class=\"p3\"><b>ANKARA\u2019DAK\u0130 Y\u00d6NET\u0130C\u0130L\u0130K D\u00d6NEM\u0130<\/b><\/h2>\n<p class=\"p2\">Dernek y\u00f6netimindeki g\u00f6rev s\u00fcresi 22 Mart 2001 tarihinde sona ermi\u015f olan Prof. Dr. O. \u015eadi Yenen, 2002-2003 y\u0131llar\u0131nda, TSK yarar\u0131na faaliyet g\u00f6steren vak\u0131flar\u0131n ortak oldu\u011fu, Ankara\u2019daki Kansa\u015f Kan ve Sa\u011fl\u0131k Hizmetleri A.\u015e. Genel M\u00fcd\u00fcr\u00fc ve Y\u00f6netim Kurulu \u00fcyesi olarak g\u00f6rev yapt\u0131. 2003 y\u0131l\u0131nda yine TSK yarar\u0131na faaliyet g\u00f6steren vak\u0131flar\u0131n ortak yat\u0131r\u0131m\u0131 olan Turkt\u0131psan A.\u015e.\u2019nin kurulu\u015funda Kurucu Genel M\u00fcd\u00fcr ve Y\u00f6netim Kurulu \u00fcyesi olarak g\u00f6rev ald\u0131. \u015eirketin parenteral sol\u00fcsyon \u00fcretim tesisinin kurulu\u015funu ger\u00e7ekle\u015ftirdikten sonra, Temmuz 2004\u2019te Ankara\u2019dan \u0130stanbul \u00dcniversitesi\u2019ndeki kadrosuna geri d\u00f6nd\u00fc.<\/p>\n<h2 class=\"p8\"><b><br \/>\n<\/b>KL\u0130M\u0130K DERNE\u011e\u0130 ONUR KURULU \u00dcYEL\u0130\u011e\u0130 VE TKMTD KUTUP YILDIZI H\u0130ZMET \u00d6D\u00dcL\u00dc<\/h2>\n<div id=\"attachment_29872\" style=\"width: 2562px\" class=\"wp-caption alignright\"><a href=\"https:\/\/www.klimikdergisi.org\/wp-content\/uploads\/2024\/12\/KLM-5184-09-scaled.jpg\"><img loading=\"lazy\" decoding=\"async\" aria-describedby=\"caption-attachment-29872\" class=\"size-full wp-image-29872\" src=\"https:\/\/www.klimikdergisi.org\/wp-content\/uploads\/2024\/12\/KLM-5184-09-scaled.jpg\" alt=\"\" width=\"2552\" height=\"2560\" srcset=\"https:\/\/www.klimikdergisi.org\/wp-content\/uploads\/2024\/12\/KLM-5184-09-scaled.jpg 2552w, https:\/\/www.klimikdergisi.org\/wp-content\/uploads\/2024\/12\/KLM-5184-09-259x260.jpg 259w, https:\/\/www.klimikdergisi.org\/wp-content\/uploads\/2024\/12\/KLM-5184-09-538x540.jpg 538w, https:\/\/www.klimikdergisi.org\/wp-content\/uploads\/2024\/12\/KLM-5184-09-768x770.jpg 768w\" sizes=\"auto, (max-width: 2552px) 100vw, 2552px\" \/><\/a><p id=\"caption-attachment-29872\" class=\"wp-caption-text\"><strong>Resim 9.<\/strong> Klimik 2019 s\u0131ras\u0131nda yap\u0131lan 17. Ola\u011fan Genel Kurul Toplant\u0131s\u0131\u2019nda.<\/p><\/div>\n<div id=\"attachment_29874\" style=\"width: 1510px\" class=\"wp-caption alignright\"><a href=\"https:\/\/www.klimikdergisi.org\/wp-content\/uploads\/2024\/12\/KLM-5184-10.jpg\"><img loading=\"lazy\" decoding=\"async\" aria-describedby=\"caption-attachment-29874\" class=\"size-full wp-image-29874\" src=\"https:\/\/www.klimikdergisi.org\/wp-content\/uploads\/2024\/12\/KLM-5184-10.jpg\" alt=\"\" width=\"1500\" height=\"844\" srcset=\"https:\/\/www.klimikdergisi.org\/wp-content\/uploads\/2024\/12\/KLM-5184-10.jpg 1500w, https:\/\/www.klimikdergisi.org\/wp-content\/uploads\/2024\/12\/KLM-5184-10-390x219.jpg 390w, https:\/\/www.klimikdergisi.org\/wp-content\/uploads\/2024\/12\/KLM-5184-10-810x456.jpg 810w, https:\/\/www.klimikdergisi.org\/wp-content\/uploads\/2024\/12\/KLM-5184-10-768x432.jpg 768w\" sizes=\"auto, (max-width: 1500px) 100vw, 1500px\" \/><\/a><p id=\"caption-attachment-29874\" class=\"wp-caption-text\"><strong>Resim 10.<\/strong> Tarihi Cumhuriyet Meyhanesi\u2019nde pencere kenar\u0131ndaki masas\u0131nda dostlar\u0131ndan baz\u0131lar\u0131yla birlikte (soldan sa\u011fa: Prof. Dr. Mehmet Tevfik \u00d6zcan, Osman Selim Kocahano\u011flu, Prof. Dr. O. \u015eadi Yenen, Mehmet Atay, Dr. Alev Co\u015fkun, Prof. Dr. Af\u015far Timu\u00e7in).<\/p><\/div>\n<p class=\"p9\">Prof. Dr.<b> <\/b>O. \u015eadi Yenen,<b> <\/b>T\u00fcrk Klinik Mikrobiyoloji ve \u0130nfeksiyon Hastal\u0131klar\u0131 Derne\u011fi\u2019ne katk\u0131 ve deste\u011fini, y\u00f6netimde yer almad\u0131\u011f\u0131 d\u00f6nemlerde de s\u00fcrd\u00fcrd\u00fc. Dernek \u00fcyeli\u011finden \u00e7\u0131kar\u0131lmay\u0131 gerektiren hususlara a\u00e7\u0131kl\u0131k getiren de\u011fi\u015fikliklerin g\u00f6r\u00fc\u015f\u00fclmesi i\u00e7in 2 Ekim 2006\u2019da yap\u0131lan Ola\u011fan\u00fcst\u00fc Genel Kurul Toplant\u0131s\u0131\u2019nda s\u00f6z ald\u0131. Onuncu D\u00f6nem Y\u00f6netim Kurulu\u2019nun sundu\u011fu ve oybirli\u011fiyle kabul edilecek olan T\u00fcz\u00fck Tasar\u0131s\u0131n\u0131 de\u011ferlendiren ve toplant\u0131 tutana\u011f\u0131na da ge\u00e7en konu\u015fmas\u0131nda, \u00f6rg\u00fctsel yap\u0131ya ihanetin asla affedilemeyece\u011fini; Derne\u011fin, varl\u0131\u011f\u0131n\u0131 s\u00fcrd\u00fcrmek istiyorsa, mutlaka b\u00fct\u00fcn \u00f6rg\u00fctlerin yapmas\u0131 gerekti\u011fi gibi, ihanet edenleri cezaland\u0131rmas\u0131 gerekti\u011fini belirtti.<b> <\/b><\/p>\n<p class=\"p4\">Prof. Dr.<b> <\/b>O. \u015eadi Yenen, T\u00fcrk Klinik Mikrobiyoloji ve \u0130nfeksiyon Hastal\u0131klar\u0131 Derne\u011fi\u2019nin On \u0130kinci (2009-2011), On \u00dc\u00e7\u00fcnc\u00fc (2011-2013), On D\u00f6rd\u00fcnc\u00fc (2013-2015), On Be\u015finci (2015-2017), On Alt\u0131nc\u0131 (2017-2019), On Yedinci (2019-2021) ve On Sekizinci (2021-2023) D\u00f6nem Onur Kurulu \u00dcyeli\u011fini yapt\u0131.<\/p>\n<p class=\"p4\">T\u00fcrkiye Kan Merkezleri ve Transf\u00fczyon Derne\u011fi (TKMTD) Y\u00f6netim Kurulu taraf\u0131ndan Kan Bankac\u0131l\u0131\u011f\u0131 ve Transf\u00fczyon T\u0131bb\u0131 alan\u0131na uzun y\u0131llar g\u00f6n\u00fcll\u00fc olarak emek vermesinden ve katk\u0131lar\u0131ndan dolay\u0131 kendisine 2016 y\u0131l\u0131nda <i>Kutup Y\u0131ld\u0131z\u0131 Hizmet \u00d6d\u00fcl\u00fc<\/i> sunuldu.<\/p>\n<h2 class=\"p3\">D\u0130\u011eER \u00c7ALI\u015eMALARI<\/h2>\n<p class=\"p2\">Prof. Dr.<b> <\/b>O. \u015eadi Yenen, 2000 y\u0131l\u0131nda yap\u0131lan \u0130stanbul Tabip Odas\u0131 se\u00e7imlerinde TTB B\u00fcy\u00fck Kongre Delegesi se\u00e7ildi ve 2002 y\u0131l\u0131na kadar bu g\u00f6revi yerine getirdi.<\/p>\n<p class=\"p4\">Prof. Dr. O. \u015eadi Yenen, yurt i\u00e7i ve yurt d\u0131\u015f\u0131 bir\u00e7ok bilimsel toplant\u0131, kurs ve kongrede \u00e7ok say\u0131da bildiri sundu, konferanslar verdi ve oturumlar y\u00f6netti. Yaz\u0131l\u0131 ve g\u00f6rsel medyada bilimsel a\u00e7\u0131klamalar\u0131 yer ald\u0131. Cenevre\u2019deki Birle\u015fmi\u015f Milletler ofisinde her y\u0131l yap\u0131lan <i>Biological Weapons Convention<\/i> toplant\u0131lar\u0131nda Meeting of State Parties ve Meeting of Experts oturumlar\u0131na 2009-2013 y\u0131llar\u0131nda T\u00fcrkiye Delegasyonu \u00fcyesi olarak kat\u0131ld\u0131 ve T\u00fcrkiye ad\u0131na sunumlar yapt\u0131.<\/p>\n<p class=\"p4\">Prof. Dr.<b> <\/b>O. \u015eadi Yenen, 2011-2017 y\u0131llar\u0131 aras\u0131nda <i>Ulusal Kanal<\/i> televizyonunda her hafta pazar g\u00fcnleri yay\u0131mlanan <i>Bilim ve Toplum<\/i> program\u0131n\u0131 Prof. Dr. K\u00fcr\u015fat Y\u0131ld\u0131z\u2019la birlikte haz\u0131rlay\u0131p sundu. Programda \u00e7o\u011fuyla ki\u015fisel dostluklar\u0131n\u0131n da oldu\u011fu Prof. Dr. Tahsin Y\u00fccel, Prof. Dr. Do\u011fan Kuban, Prof. Dr. Af\u015far Timu\u00e7in, Prof. Dr. C\u00fcneyt Akal\u0131n, Prof. Dr. Ataol Behramo\u011flu, Prof. Dr. Celal \u015eeng\u00f6r, Prof. Dr. M. Tevfik \u00d6zcan, Prof. Dr. \u015eaduman Hal\u0131c\u0131, Dr. Alev Co\u015fkun, \u00d6zdemir \u0130nce, Sunay Ak\u0131n, Mehmet Atay, Ahmet Yavuz gibi konuklar\u0131 a\u011f\u0131rlad\u0131. Her biri kendi alan\u0131n\u0131n doru\u011fundaki bu konuklarla, baz\u0131lar\u0131na internetten bug\u00fcn de ula\u015f\u0131labilen ufuk a\u00e7\u0131c\u0131 s\u00f6yle\u015filer yapt\u0131.<\/p>\n<p class=\"p4\">Prof. Dr. O. \u015eadi Yenen, yurt i\u00e7indeki bir\u00e7ok ulusal ve uluslararas\u0131 bilimsel toplant\u0131n\u0131n d\u00fczenlenmesinde g\u00f6rev ald\u0131. Federation of European Microbiological Societies (FEMS) ad\u0131na <i>Hepatitis C Virus\u00a0and Its Infection<\/i> (28 Haziran-2 Temmuz\u00a01993,\u00a0\u0130stanbul) ve <i>Recent Advances in the Diagnosis of Viral Diseases<\/i> (20-22 Temmuz 1995, \u0130stanbul) simpozyumlar\u0131n\u0131n d\u00fczenlenmesinin sorumlulu\u011funu \u00fcstlendi.<span class=\"Apple-converted-space\">\u00a0 <\/span><i>1st World Congress on Vaccines and Immunization<\/i> (25-30 Nisan 1998, \u0130stanbul) kongresinin D\u00fczenleme Kurulu Genel Sekreterli\u011fini ve <i>11th European Congress of Clinical Microbiology and Infectious Diseases<\/i> (1-4 Nisan 2001, \u0130stanbul) kongresinin D\u00fczenleme Kurulu Ba\u015fkan Yard\u0131mc\u0131l\u0131\u011f\u0131 g\u00f6revlerini yapt\u0131. International Union of Microbiological Societies (IUMS)\u2019in <i>XIIth International Congress of Bacteriology and Applied Microbiology <\/i>(5-9 A\u011fustos 2008, \u0130stanbul), <i>XIIth International Congress of Mycology<\/i><b>\u00a0<\/b>(5-9 A\u011fustos 2008, \u0130stanbul) ve <i>XIVth International Congress of Virology<\/i> (10-15 A\u011fustos 2008, \u0130stanbul) kongrelerinin D\u00fczenleme Kurullar\u0131nda yer ald\u0131.<\/p>\n<p class=\"p4\">T\u00fcrk\u00e7e ve yabanc\u0131 dilde yay\u0131mlanm\u0131\u015f \u00e7ok say\u0131da makalesi bulunan Prof. Dr. O. \u015eadi Yenen, \u00fclkemizde kendi alan\u0131nda yay\u0131mlanan \u00e7ok say\u0131da kitapta b\u00f6l\u00fcmler kaleme ald\u0131 ve \u00e7eviri kitaplara b\u00f6l\u00fcmler \u00e7evirdi. Yeti\u015ftirdi\u011fi pek \u00e7ok t\u0131p, t\u0131pta uzmanl\u0131k, y\u00fcksek lisans ve doktora \u00f6\u011frencisine eme\u011fi ge\u00e7ti, yol g\u00f6sterdi ve rol model oldu.<\/p>\n<h2 class=\"p3\">ED\u0130T\u00d6RL\u00dc\u011e\u00dcN\u00dc YAPTI\u011eI YAYINLAR<\/h2>\n<ul>\n<li class=\"p2\">Prof. Dr. O. \u015eadi Yenen, a\u015fa\u011f\u0131daki kitaplar\u0131n edit\u00f6rl\u00fc\u011f\u00fcn\u00fc ve dergilerin konuk edit\u00f6rl\u00fc\u011f\u00fcn\u00fc yapt\u0131:<\/li>\n<li class=\"p10\">Pamir F, Gediko\u011flu G, Yenen O\u015e, eds.<span class=\"Apple-converted-space\">\u00a0 <\/span>Kan Transf\u00fczyonu Endikasyonlar\u0131 ve Kan Bankalar\u0131 Sorunlar\u0131. \u0130stanbul: T\u00fcrkiye K\u0131z\u0131lay Derne\u011fi Kan Program\u0131 Yay\u0131nlar\u0131, 1988.<\/li>\n<li class=\"p10\">Yenen O\u015e, Zuckerman AJ, eds. Special issue: Papers presented at the FEMS Symposium on the Hepatitis C Virus\u00a0and Its Infection (\u0130stanbul, Turkey, 29 June-1 July\u00a01993). FEMS Microbiol Rev. 1994; 14(3).<\/li>\n<li class=\"p10\">Eraksoy H, Yenen O\u015e, eds. 5. Ulusal \u0130nfeksiyon Hastal\u0131klar\u0131 Kongresi (4-6 Eyl\u00fcl 1995, \u0130stanbul) Kongre Kitab\u0131. \u0130stanbul: T\u00fcrk Mikrobiyoloji Cemiyeti Yay\u0131n\u0131 No 23, 1995.<\/li>\n<li class=\"p10\">Yenen O\u015e, Leinikki P, eds. Special Issue: Recent Advances in the Diagnosis of Viral Diseases. Clin Diagn Virol. 1996; 5(2-3).<\/li>\n<li class=\"p10\">Eraksoy,<b> <\/b>Yenen O\u015e, eds. \u0130nfeksiyon Hastal\u0131klar\u0131 ve Klinik Mikrobiyoloji 2000. \u0130stanbul: Klinik Mikrobiyoloji ve \u0130nfeksiyon Hastal\u0131klar\u0131 Derne\u011fi, 2000.<\/li>\n<li class=\"p10\">An\u011f O, Yenen O\u015e, Eraksoy H, eds. 11th European Congress of Clinical Microbiology and Infectious Diseases (\u0130stanbul, Turkey, 1-4 April 2001) Abstracts.<span class=\"Apple-converted-space\">\u00a0 <\/span>Clin Microbiol Infect. 2001; 7(Suppl. 1).<\/li>\n<li class=\"p10\">Yenen O\u015e, ed. Pandemik \u0130nfluenza A (H1N1) 2009. \u0130stanbul T\u0131p Fak Derg. 2010; 73(Suppl. 1).<\/li>\n<li class=\"p10\">Yenen O\u015e, Badur S, eds. Pandemi ve COVID-19. \u0130stanbul: Ayr\u0131nt\u0131 Yay\u0131nlar\u0131, 2020.<\/li>\n<li class=\"p4\">Prof. Dr.<b> <\/b>O. \u015eadi Yenen,<b> <\/b>a\u015fa\u011f\u0131daki \u00e7eviri kitaplar\u0131n da \u00e7eviri edit\u00f6rl\u00fc\u011f\u00fcn\u00fc yapt\u0131:<\/li>\n<li class=\"p10\">Yenen O\u015e, \u00e7ev. ed. Kan Transf\u00fczyonu: Temel Bilgiler (Marshall M, Bird T.<span class=\"Apple-converted-space\">\u00a0 <\/span>Blood Loss and Replacement). \u0130stanbul: Nobel T\u0131p Kitabevi, 1987.<\/li>\n<li class=\"p10\">Yenen O\u015e, \u00e7ev. ed. Jawetz, Melnick ve Adelberg T\u0131bbi Mikrobiyoloji (Jawetz, Melnick &amp; Adelberg&#8217;s Medical Microbiology. 26th ed.). \u0130stanbul: Nobel T\u0131p Kitabevleri, 2014.<\/li>\n<li class=\"p10\">Yenen O\u015e, \u00e7ev. ed. Jawetz, Melnick ve Adelberg T\u0131bbi Mikrobiyoloji (Jawetz, Melnick &amp; Adelberg\u2019s Medical Microbiology. 28th ed.). \u0130stanbul: Nobel T\u0131p Kitabevleri, 2023.<\/li>\n<\/ul>\n<h2 class=\"p3\"><span class=\"s1\">EMEKL\u0130L\u0130K D\u00d6NEM\u0130 VE ARAMIZDAN AYRILI\u015eI<\/span><\/h2>\n<p class=\"p2\">Prof. Dr.<b> <\/b>O. \u015eadi Yenen, \u0130stanbul \u00dcniversitesi \u0130stanbul T\u0131p Fak\u00fcltesi \u00f6\u011fretim \u00fcyeli\u011fi g\u00f6revinden 11 Nisan 2017 tarihinde ya\u015f haddinden emekli oldu ve e\u015fi avukat Y\u0131ld\u0131z K\u00f6ker-Yenen\u2019le Marmaris\u2019e yerle\u015fti. Marmaris\u2019te de\u011fi\u015fik sivil toplum kurulu\u015flar\u0131nda grip ve COVID-19 pandemisi gibi konularda ayd\u0131nlat\u0131c\u0131 konu\u015fmalar yapt\u0131. 22 Mart 2022\u2019de Mu\u011fla S\u0131tk\u0131 Ko\u00e7man \u00dcniversitesi b\u00fcnyesinde yer alan Mu\u011fla Tazelenme \u00dcniversitesi\u2019nin 60 ya\u015f \u00fcst\u00fc \u00f6\u011frencilerine \u201cMikrobiyoloji Felsefi Bak\u0131\u015fa Ne Kazand\u0131r\u0131r?\u201d ba\u015fl\u0131kl\u0131 konferans\u0131 verdi.<\/p>\n<p class=\"p4\">Y\u0131llar \u00f6nce ba\u015flang\u0131\u00e7 d\u00f6nemindeyken savu\u015fturdu\u011fu amans\u0131z hastal\u0131k, ne yaz\u0131k ki 2023 y\u0131l\u0131nda yine yakas\u0131na yap\u0131\u015ft\u0131 ve g\u00f6sterilen b\u00fct\u00fcn t\u0131bbi \u00e7abalara kar\u015f\u0131n, 8 Haziran 2024\u2019te Mu\u011fla\u2019da onu aram\u0131zdan ald\u0131. T\u00fcrk t\u0131p camias\u0131, k\u00f6kl\u00fc bir \u00e7\u0131nar\u0131n\u0131n devrilmesiyle derinden sars\u0131ld\u0131. Dernek \u00e7evrelerinin yan\u0131 s\u0131ra bas\u0131nda ve sosyal medyada da dostlar\u0131n\u0131n onun hakk\u0131ndaki d\u00fc\u015f\u00fcnceleri yer ald\u0131.<\/p>\n<p class=\"p4\">Prof. Dr. O. \u015eadi Yenen i\u00e7in 10 Haziran 2024 Pazartesi g\u00fcn\u00fc Marmaris Armutalan Merkez Camisi\u2019nde k\u0131l\u0131nan ikindi namaz\u0131n\u0131n ard\u0131ndan askeri t\u00f6ren yap\u0131ld\u0131. E\u015fi Av. Y\u0131ld\u0131z K\u00f6ker-Yenen, k\u0131z karde\u015fi Ay\u015fe Ercel, ilk asistanlar\u0131ndan Prof. Dr. \u015eaban \u00c7avu\u015flu, Prof. Dr. Serhan Sakarya, Uzm. Dr. H\u00fcsn\u00fc Altunay, Uzm. Dr. Muzaffer Turun\u00e7 ve Uzm. Dr. R\u0131za G\u00fcneri,<span class=\"Apple-converted-space\">\u00a0 <\/span><i>Bilim ve Toplum<\/i> televizyon program\u0131ndaki orta\u011f\u0131 Prof. Dr. K\u00fcr\u015fat Y\u0131ld\u0131z,<span class=\"Apple-converted-space\">\u00a0 <\/span>TKMTD\u2019yi temsilen Prof. Dr. Mahmut Bay\u0131k ve<span class=\"Apple-converted-space\">\u00a0 <\/span>Uzm. Dr. Ramazan Uluhan, Dokuz Eyl\u00fcl \u00dcniversitesi\u2019nden Prof. Dr. H\u00fcseyin Bask\u0131n, hukuk\u00e7u Prof. Dr. Mehmet Tevfik \u00d6zcan,<span class=\"Apple-converted-space\">\u00a0 <\/span>sendikac\u0131 Mehmet Atay ve \u00e7ok say\u0131da Marmarisli dostuyla birlikte, Marmaris Armutalan Mezarl\u0131\u011f\u0131\u2019nda onu son yolculu\u011funa u\u011furlad\u0131k.<\/p>\n<h2 class=\"p3\">B\u0130R DOSTUNUN G\u00d6Z\u00dcNDEN<\/h2>\n<p class=\"p2\">Kendisiyle kar\u015f\u0131la\u015fanlar \u00fczerinde b\u0131rakt\u0131\u011f\u0131 ilk izlenim -biraz da ses tonunun etkisiyle- genellikle sert bir mizac\u0131n\u0131n oldu\u011fuydu. Oysa onunla yak\u0131nla\u015ft\u0131klar\u0131nda, ho\u015fg\u00f6r\u00fcl\u00fc, sevecen ve yer yer mizah dolu yan\u0131na tan\u0131k olurlard\u0131. Dostlar\u0131n\u0131 Tarihi Cumhuriyet Meyhanesi\u2019nde pencere kenar\u0131ndaki masada bir araya getirmeyi \u00e7ok severdi. Dostlar\u0131yla bulu\u015ftu\u011fu bir ba\u015fka mek\u00e2n da Hatay Restoran\u2019d\u0131.<\/p>\n<p class=\"p4\">Prof. Dr.<b> <\/b>O. \u015eadi Yenen\u2019le y\u0131llarca omuz omuza \u00e7al\u0131\u015ft\u0131k. Ondan \u00e7ok \u015fey \u00f6\u011frendim. Bildiklerini c\u00f6mert\u00e7e payla\u015fan, ama \u00f6\u011frenmeye de susam\u0131\u015f bir ki\u015fili\u011fe sahipti. Tam bir kitap kurduydu. Elbette \u00f6d\u00fcn veremeyece\u011fi konular vard\u0131. Do\u011fru bildiklerini, zarafeti elden b\u0131rakmaks\u0131z\u0131n, b\u00fcy\u00fck bir ciddiyet i\u00e7inde ve co\u015fkuyla savunurdu. Yurtsever bir ayd\u0131n, kararl\u0131 bir Cumhuriyet\u00e7i ve ufku \u00e7ok geni\u015f bir bilim insan\u0131yd\u0131. An\u0131s\u0131 \u00f6n\u00fcnde sayg\u0131yla e\u011filiyorum.<\/p>\n","protected":false},"excerpt":{"rendered":"<p>G\u0130R\u0130\u015e \u00c7ok yak\u0131nlarda yitirdi\u011fimiz Prof. Dr. Osman \u015eadi Yenen, T\u00fcrk Klinik Mikrobiyoloji ve \u0130nfeksiyon Hastal\u0131klar\u0131 (Klimik) Derne\u011fi\u2019nin, iki d\u00f6nem Genel Sekreterli\u011fini, sonra iki d\u00f6nem Ba\u015fkanl\u0131\u011f\u0131n\u0131, daha sonra yedi d\u00f6nem Onur Kurulu \u00fcyeli\u011fini yapm\u0131\u015f; Derne\u011fin tarihinde derin izler b\u0131rakm\u0131\u015f, \u00e7ok se\u00e7kin bir bilim insan\u0131yd\u0131.\u00a0 Hi\u00e7 ku\u015fku yok ki, onun \u0130nfeksiyon Hastal\u0131klar\u0131 ve Klinik Mikrobiyoloji alan\u0131 i\u00e7in [&hellip;]<\/p>\n","protected":false},"author":4,"featured_media":29851,"comment_status":"closed","ping_status":"closed","sticky":false,"template":"","format":"standard","meta":{"_acf_changed":false,"footnotes":""},"categories":[5127],"tags":[6056,3705,6054,6053,6055],"class_list":["post-29795","post","type-post","status-publish","format-standard","has-post-thumbnail","hentry","category-derleme","tag-gulhane-askeri-tip-akademisi","tag-infeksiyon-hastaliklari","tag-klinik-mikrobiyoloji","tag-osman-sadi-yenen","tag-turk-klinik-mikrobiyoloji-ve-infeksiyon-hastaliklari-dernegi"],"acf":[],"_links":{"self":[{"href":"https:\/\/www.klimikdergisi.org\/tr\/wp-json\/wp\/v2\/posts\/29795","targetHints":{"allow":["GET"]}}],"collection":[{"href":"https:\/\/www.klimikdergisi.org\/tr\/wp-json\/wp\/v2\/posts"}],"about":[{"href":"https:\/\/www.klimikdergisi.org\/tr\/wp-json\/wp\/v2\/types\/post"}],"author":[{"embeddable":true,"href":"https:\/\/www.klimikdergisi.org\/tr\/wp-json\/wp\/v2\/users\/4"}],"replies":[{"embeddable":true,"href":"https:\/\/www.klimikdergisi.org\/tr\/wp-json\/wp\/v2\/comments?post=29795"}],"version-history":[{"count":4,"href":"https:\/\/www.klimikdergisi.org\/tr\/wp-json\/wp\/v2\/posts\/29795\/revisions"}],"predecessor-version":[{"id":30039,"href":"https:\/\/www.klimikdergisi.org\/tr\/wp-json\/wp\/v2\/posts\/29795\/revisions\/30039"}],"wp:featuredmedia":[{"embeddable":true,"href":"https:\/\/www.klimikdergisi.org\/tr\/wp-json\/wp\/v2\/media\/29851"}],"wp:attachment":[{"href":"https:\/\/www.klimikdergisi.org\/tr\/wp-json\/wp\/v2\/media?parent=29795"}],"wp:term":[{"taxonomy":"category","embeddable":true,"href":"https:\/\/www.klimikdergisi.org\/tr\/wp-json\/wp\/v2\/categories?post=29795"},{"taxonomy":"post_tag","embeddable":true,"href":"https:\/\/www.klimikdergisi.org\/tr\/wp-json\/wp\/v2\/tags?post=29795"}],"curies":[{"name":"wp","href":"https:\/\/api.w.org\/{rel}","templated":true}]}}