{"id":26036,"date":"2022-12-26T10:00:48","date_gmt":"2022-12-26T07:00:48","guid":{"rendered":"https:\/\/www.klimikdergisi.org\/?p=26036"},"modified":"2023-01-13T11:23:53","modified_gmt":"2023-01-13T08:23:53","slug":"prof-dr-kenan-midilli-1963-2022-anisina","status":"publish","type":"post","link":"https:\/\/www.klimikdergisi.org\/tr\/2022\/12\/26\/prof-dr-kenan-midilli-1963-2022-anisina\/","title":{"rendered":"Prof. Dr. Kenan Midilli (1963-2022) An\u0131s\u0131na"},"content":{"rendered":"<p class=\"p1\" style=\"text-align: right;\"><i>Ars longa vita brevis<\/i><span class=\"s1\">* <\/span><\/p>\n<p>&nbsp;<\/p>\n<p class=\"p2\">Kenan Midilli, 30 A\u011fustos 1963 y\u0131l\u0131nda K\u0131rklareli ilinin L\u00fcleburgaz il\u00e7esi Ertu\u011frul k\u00f6y\u00fcnde Remzi ve Hacer Midilli\u2019nin ikinci \u00e7ocu\u011fu olarak d\u00fcnyaya gelmi\u015ftir. K\u00f6y ilkokulunda g\u00f6sterdi\u011fi \u00fcst\u00fcn ba\u015far\u0131 \u00f6\u011fretmenin dikkatini \u00e7ekmi\u015f ve Milliyet gazetesinin a\u00e7t\u0131\u011f\u0131 bilgi yar\u0131\u015fmas\u0131nda okuluna ekibiyle birlikte b\u00f6lge \u00f6d\u00fcl\u00fc kazand\u0131rm\u0131\u015ft\u0131r. Bu ba\u015far\u0131lar\u0131n\u0131n ard\u0131ndan 1974 y\u0131l\u0131nda girdi\u011fi \u0130stanbul Erkek Lisesi\u2019nde ortaokul ve lise e\u011fitimini 1980 y\u0131l\u0131nda tamamlam\u0131\u015ft\u0131r. Okulda ba\u015far\u0131l\u0131 bir \u00f6\u011frenci olan Midilli, bu d\u00f6nemde okul derslerinin yan\u0131nda edebiyat, T\u00fcrk sanat m\u00fczi\u011fi ve tarih konular\u0131na da \u00f6zel ilgi g\u00f6stermi\u015ftir. Arkada\u015flar\u0131 Kenan Midilli\u2019yi, d\u00fc\u015f\u00fcncelerini hep sakin ancak iddial\u0131 bir \u015fekilde ifade eden, \u00e7ok bilgili ve ne\u015feli biri olarak hat\u0131rlamaktad\u0131r. E\u011fitim dili Almanca olan \u0130stanbul Erkek Lisesi\u2019nde birlikte e\u011fitim ald\u0131\u011f\u0131 arkada\u015flar\u0131 Kenan Midilli\u2019nin Alman dili ve k\u00fclt\u00fcr\u00fcne son derece h\u00e2kim oldu\u011funu, Almanca edebiyat ve felsefe eserlerini orijinal dilinde okumay\u0131 tercih etti\u011fini s\u00f6ylemektedir. Almancaya olan hakimiyeti, COVID-19 pandemisi s\u0131ras\u0131nda Alman sa\u011fl\u0131k otoritelerinin salg\u0131n\u0131 kontrol etmek i\u00e7in yapt\u0131klar\u0131 \u00e7al\u0131\u015fmalar\u0131, tart\u0131\u015fmalar\u0131 yak\u0131ndan takip ederek \u00fclkemiz i\u00e7in \u00f6nemli dersler \u00e7\u0131karmas\u0131n\u0131 da sa\u011flam\u0131\u015ft\u0131r.<\/p>\n<div id=\"attachment_26120\" style=\"width: 3001px\" class=\"wp-caption alignnone\"><img loading=\"lazy\" decoding=\"async\" aria-describedby=\"caption-attachment-26120\" class=\"wp-image-26120 size-full\" src=\"https:\/\/www.klimikdergisi.org\/wp-content\/uploads\/2022\/12\/KM-3-FA.png\" alt=\"\" width=\"2991\" height=\"1675\" srcset=\"https:\/\/www.klimikdergisi.org\/wp-content\/uploads\/2022\/12\/KM-3-FA.png 2991w, https:\/\/www.klimikdergisi.org\/wp-content\/uploads\/2022\/12\/KM-3-FA-390x218.png 390w, https:\/\/www.klimikdergisi.org\/wp-content\/uploads\/2022\/12\/KM-3-FA-810x454.png 810w, https:\/\/www.klimikdergisi.org\/wp-content\/uploads\/2022\/12\/KM-3-FA-768x430.png 768w\" sizes=\"auto, (max-width: 2991px) 100vw, 2991px\" \/><p id=\"caption-attachment-26120\" class=\"wp-caption-text\"><strong>Resim 1. <\/strong>Prof. Dr. Kenan Midilli (1963-2022)<\/p><\/div>\n<h3 class=\"p4\">E\u011fitim Y\u0131llar\u0131<\/h3>\n<p class=\"p2\"><span class=\"s2\">Kenan Midilli, 30 A\u011fustos 1963 y\u0131l\u0131nda K\u0131rklareli ilinin L\u00fcleburgaz il\u00e7esi Ertu\u011frul k\u00f6y\u00fcnde Remzi ve Hacer Midilli\u2019nin ikinci \u00e7ocu\u011fu olarak d\u00fcnyaya gelmi\u015ftir. K\u00f6y ilkokulunda g\u00f6sterdi\u011fi \u00fcst\u00fcn ba\u015far\u0131 \u00f6\u011fretmenin dikkatini \u00e7ekmi\u015f ve Milliyet gazetesinin a\u00e7t\u0131\u011f\u0131 bilgi yar\u0131\u015fmas\u0131nda okuluna ekibiyle birlikte b\u00f6lge \u00f6d\u00fcl\u00fc kazand\u0131rm\u0131\u015ft\u0131r. Bu ba\u015far\u0131lar\u0131n\u0131n ard\u0131ndan 1974 y\u0131l\u0131nda girdi\u011fi \u0130stanbul Erkek Lisesi\u2019nde ortaokul ve lise e\u011fitimini 1980 y\u0131l\u0131nda tamamlam\u0131\u015ft\u0131r. Okulda ba\u015far\u0131l\u0131 bir \u00f6\u011frenci olan Midilli, bu d\u00f6nemde okul derslerinin yan\u0131nda edebiyat, T\u00fcrk sanat m\u00fczi\u011fi ve tarih konular\u0131na da \u00f6zel ilgi g\u00f6stermi\u015ftir. Arkada\u015flar\u0131 Kenan Midilli\u2019yi, d\u00fc\u015f\u00fcncelerini hep sakin ancak iddial\u0131 bir \u015fekilde ifade eden, \u00e7ok bilgili ve ne\u015feli biri olarak hat\u0131rlamaktad\u0131r. E\u011fitim dili Almanca olan \u0130stanbul Erkek Lisesi\u2019nde birlikte e\u011fitim ald\u0131\u011f\u0131 arkada\u015flar\u0131 Kenan Midilli\u2019nin Alman dili ve k\u00fclt\u00fcr\u00fcne son derece h\u00e2kim oldu\u011funu, Almanca edebiyat ve felsefe eserlerini orijinal dilinde okumay\u0131 tercih etti\u011fini s\u00f6ylemektedir. Almancaya olan hakimiyeti, COVID-19 pandemisi s\u0131ras\u0131nda Alman sa\u011fl\u0131k otoritelerinin salg\u0131n\u0131 kontrol etmek i\u00e7in yapt\u0131klar\u0131 \u00e7al\u0131\u015fmalar\u0131, tart\u0131\u015fmalar\u0131 yak\u0131ndan takip ederek \u00fclkemiz i\u00e7in \u00f6nemli dersler \u00e7\u0131karmas\u0131n\u0131 da sa\u011flam\u0131\u015ft\u0131r<\/span>.<\/p>\n<p class=\"p2\">Lise e\u011fitiminden sonra 1981\u2019de \u0130stanbul \u00dcniversitesi, \u0130stanbul T\u0131p Fak\u00fcltesinde ba\u015flad\u0131\u011f\u0131 t\u0131p e\u011fitimini 1987 y\u0131l\u0131nda tamamlam\u0131\u015ft\u0131r. \u00dcniversiteden arkada\u015flar\u0131, Kenan Midilli\u2019nin derslerinde ba\u015far\u0131l\u0131 olman\u0131n yan\u0131 s\u0131ra sosyal bir ki\u015fili\u011fi oldu\u011funu, m\u00fczik, tarih ve edebiyat\u0131 \u00e7ok sevdi\u011fini ve \u00e7ok okudu\u011funu, \u201cAyakl\u0131 Meydan Larousse\u201d tan\u0131m\u0131n\u0131 hak edecek kadar \u00e7ok ve derinlemesine bilgi sahibi oldu\u011funu, g\u00fczel \u015fiir okuyup g\u00fczel f\u0131kra anlatt\u0131\u011f\u0131n\u0131, \u201cgeli\u015fmi\u015f bir ele\u015ftiri g\u00fcc\u00fcne sahip, rahat diyalog kurabilen, sanat\u00e7\u0131 ruhlu bir insan\u201d oldu\u011funu ifade etmektedirler. Bu \u00f6zellikleri, kendisiyle sonraki y\u0131llarda tan\u0131\u015fan bizleri de \u00e7ok etkilenmi\u015f, sadece t\u0131p alan\u0131nda de\u011fil di\u011fer alanlardaki bilgilerinden de faydaland\u0131\u011f\u0131m\u0131z sohbetlerimizi unutulmaz k\u0131lm\u0131\u015ft\u0131r.<\/p>\n<h3 class=\"p4\"><span class=\"s3\"><b><br \/>\n<\/b><\/span><img loading=\"lazy\" decoding=\"async\" class=\"alignnone size-full wp-image-26191\" src=\"https:\/\/www.klimikdergisi.org\/wp-content\/uploads\/2022\/12\/KD.C35.S4_IMAGE.png\" alt=\"\" width=\"1434\" height=\"836\" srcset=\"https:\/\/www.klimikdergisi.org\/wp-content\/uploads\/2022\/12\/KD.C35.S4_IMAGE.png 1434w, https:\/\/www.klimikdergisi.org\/wp-content\/uploads\/2022\/12\/KD.C35.S4_IMAGE-390x227.png 390w, https:\/\/www.klimikdergisi.org\/wp-content\/uploads\/2022\/12\/KD.C35.S4_IMAGE-810x472.png 810w, https:\/\/www.klimikdergisi.org\/wp-content\/uploads\/2022\/12\/KD.C35.S4_IMAGE-768x448.png 768w\" sizes=\"auto, (max-width: 1434px) 100vw, 1434px\" \/>Klinik Bakteriyoloji ve \u0130nfeksiyon Hastal\u0131klar\u0131 Uzman\u0131<\/h3>\n<p class=\"p2\">Ardahan\u2019da yapt\u0131\u011f\u0131 mecburi hizmetinden sonra uzmanl\u0131k e\u011fitimine, \u0130stanbul \u00dcniversitesi, Cerrahpa\u015fa T\u0131p Fak\u00fcltesi, Mikrobiyoloji ve Klinik Mikrobiyoloji Anabilim Dal\u0131nda 1989 y\u0131l\u0131nda ba\u015flayan Midilli, Prof. Dr. Ayhan Y\u00fccel dan\u0131\u015fmanl\u0131\u011f\u0131nda y\u00fcr\u00fctt\u00fc\u011f\u00fc \u201c\u0130stanbul ve \u00e7evresinden toplanan \u00e7e\u015fitli su \u00f6rneklerinde aeromonas cinsi bakterilerin varl\u0131\u011f\u0131, s\u0131kl\u0131\u011f\u0131 ve biyotip \u00f6zellikleri\u201d ba\u015fl\u0131kl\u0131 tezini tamamlayarak -o zamanki ad\u0131 ile- klinik bakteriyoloji ve infeksiyon hastal\u0131klar\u0131 uzman\u0131 (\u015fimdiki ad\u0131 infeksiyon hastal\u0131klar\u0131 ve klinik mikrobiyoloji uzman\u0131) olmu\u015ftur. Uzmanl\u0131k e\u011fitimi s\u0131ras\u0131nda Midilli\u2019nin mikrobiyoloji ve infeksiyon hastal\u0131klar\u0131 alan\u0131nda yapt\u0131\u011f\u0131 \u00e7al\u0131\u015fmalar\u0131n yan\u0131 s\u0131ra tarihe olan ilgisini ve bilgisini fark eden hocas\u0131 Prof. Dr. Ekrem Kadri Unat ile t\u0131p tarihi konusunda incelemeleri de bulunmaktad\u0131r. O kadar ki Prof. Unat\u2019\u0131n \u00f6nerisi ve te\u015fvikiyle T\u00fcrk T\u0131p Tarihi Kurumu\u2019na \u00fcye olarak burada da \u00e7al\u0131\u015fmalarda bulunmu\u015ftur.<\/p>\n<p class=\"p2\">Prof. Dr. Kenan Midilli\u2019nin \u00f6nde gelen bir molek\u00fcler mikrobiyolog ve virolog olmas\u0131na giden yol Almanya\u2019da ba\u015flam\u0131\u015ft\u0131r. 1998-2000 y\u0131llar\u0131 aras\u0131nda \u00f6ncelikle anaerop bakteriyoloji i\u00e7in gitti\u011fi Berlin Robert Koch Enstit\u00fcs\u00fc\u2019nde molek\u00fcler mikrobiyoloji \u00fczerine \u00e7al\u0131\u015fmalara ba\u015flam\u0131\u015ft\u0131r. Almanya\u2019dan d\u00f6n\u00fc\u015f\u00fcnde Cerrahpa\u015fa T\u0131p Fak\u00fcltesi, Mikrobiyoloji ve Klinik Mikrobiyoloji Anabilim Dal\u0131nda akademik hayat\u0131na \u00f6nce uzman, 2008\u2019den sonra do\u00e7ent ve 2014\u2019ten itibaren de profes\u00f6r olarak devam etmi\u015ftir.<\/p>\n<h3 class=\"p4\">Bilimsel Ortama Katk\u0131s\u0131<\/h3>\n<p class=\"p2\">Kenan Midilli, \u00fclkemizde halk sa\u011fl\u0131\u011f\u0131n\u0131 tehdit eden infeksiyonlar ve etkenleri ile ilgili \u00f6nemli \u00e7al\u0131\u015fmalar yapm\u0131\u015ft\u0131r. Antibiyotik direnci, HIV\/AIDS, K\u0131r\u0131m Kongo kanamal\u0131 ate\u015fi (KKKA), Orf hastal\u0131\u011f\u0131 ve son olarak COVID-19 ba\u015fl\u0131klar\u0131nda hem bilimsel literat\u00fcre etki de\u011feri y\u00fcksek makaleler ile katk\u0131larda bulunmu\u015f hem de yapt\u0131\u011f\u0131 \u00e7al\u0131\u015fmalarla \u00fclkemizde bu hastal\u0131klar\u0131n tan\u0131 ve tedavisine y\u00f6nelik pratik uygulamalara yol g\u00f6sterici olmu\u015ftur.<\/p>\n<p class=\"p2\">Mikrobiyoloji alan\u0131nda farkl\u0131 konularda \u00e7al\u0131\u015fmalar\u0131 bulunan Midilli d\u00fcnyada ilk kez bir metallo-betalaktamaz varyant\u0131 olan VIM-5\u2019i tan\u0131mlam\u0131\u015ft\u0131r (1). \u00dclkemizde ilk HIV virusu genotipleme \u00e7al\u0131\u015fmalar\u0131, antiretroviral diren\u00e7 \u00e7al\u0131\u015fmalar\u0131n\u0131 y\u00fcr\u00fctm\u00fc\u015f, T.C. Sa\u011fl\u0131k Bakanl\u0131\u011f\u0131 dan\u0131\u015fma kurullar\u0131nda yer alm\u0131\u015f ve konu ile ilgili rehberlerin yaz\u0131m\u0131na katk\u0131 sa\u011flam\u0131\u015ft\u0131r (2-5).<\/p>\n<p class=\"p2\">K\u0131r\u0131m Kongo kanamal\u0131 ate\u015fi virusu \u00fczerinde yapt\u0131\u011f\u0131 \u00e7al\u0131\u015fmalar \u00f6zellikle \u00f6nemlidir. Prof. Dr Ay\u015fen Garg\u0131l\u0131 ile birlikte Trakya k\u0131rsal\u0131nda y\u00fcr\u00fctt\u00fckleri saha \u00e7al\u0131\u015fmas\u0131 sonucunda \u00fclkemizdeki virus aktivitesinin sadece \u0130\u00e7 Anadolu B\u00f6lgesi\u2019nde bulunan Kelkit vadisi ile s\u0131n\u0131rl\u0131 olmad\u0131\u011f\u0131n\u0131, Balkanlardaki AP-92 benzeri k\u00f6ken aktivitesinin Trakya\u2019da da oldu\u011funu g\u00f6stermi\u015flerdir. Bu \u00f6zel k\u00f6ken Prof. Dr. \u00d6nder Erg\u00f6n\u00fcl\u2019\u00fcn \u00f6nerisiyle Kenan Midilli-Ay\u015fen Garg\u0131l\u0131 (KMAG) olarak isimlendirilmi\u015ftir (6). \u00d6l\u00fcm\u00fcne kadar KKKA\u2019ya olan ilgisi hi\u00e7 azalmam\u0131\u015f, \u00e7o\u011fu T\u00dcB\u0130TAK deste\u011fi alm\u0131\u015f \u00e7ok say\u0131da \u00f6nemli laboratuvar ve saha ara\u015ft\u0131rmas\u0131nda g\u00f6rev alm\u0131\u015ft\u0131r (7, 8). Saha \u00e7al\u0131\u015fmalar\u0131 KKKA ile de s\u0131n\u0131rl\u0131 kalmam\u0131\u015f farkl\u0131 \u00fclkelerden bilim insanlar\u0131yla \u00fclkemizde bulunan vekt\u00f6rlerde <i>Rickettsia<\/i>, <i>Borrelia<\/i> gibi patojenlerin varl\u0131\u011f\u0131n\u0131 ara\u015ft\u0131ran \u00e7al\u0131\u015fmalar ger\u00e7ekle\u015ftirmi\u015ftir (9-11)<\/p>\n<p class=\"p2\">Pek \u00e7ok hastane salg\u0131n\u0131n\u0131n \u00e7\u00f6z\u00fclmesinde ve durdurulmas\u0131nda kilit rol oynayan Prof. Dr. Kenan Midilli\u2019nin \u00f6zellikle Gaziantep\u2019te Dr. Ersin Arslan Devlet Hastanesi\u2019nin yan\u0131k \u00fcnitesinde ortaya \u00e7\u0131kan salg\u0131n\u0131n ayd\u0131nlat\u0131lmas\u0131ndaki rol\u00fc gen\u00e7 meslekta\u015flar i\u00e7in ilham vericidir. Yan\u0131k \u00fcnitesinde bilinmeyen bir etkenle ortaya \u00e7\u0131kan ve \u00fc\u00e7 ayda 13 hastay\u0131 etkileyen vezik\u00fcler cilt lezyonlar\u0131 ile seyreden infeksiyonun Orf virusundan kaynakland\u0131\u011f\u0131n\u0131 saptam\u0131\u015f, ayr\u0131ca salg\u0131na neden olan su\u015fun molek\u00fcler karakterizasyonunu yaparak yeni bir su\u015f oldu\u011funu g\u00f6stermi\u015f ve \u201c<span class=\"s4\"><i>CTF_GAntep_2 Su\u015fu\u201d <\/i><\/span>ad\u0131yla gen bankas\u0131na kaydedilmesini sa\u011flam\u0131\u015ft\u0131r (12, 13).<\/p>\n<p class=\"p2\"><span class=\"s5\">COVID-19 pandemisi s\u00fcrecinde Prof. Dr. Kenan Midilli\u2019nin gece g\u00fcnd\u00fcz demeden y\u00fcr\u00fctt\u00fc\u011f\u00fc \u00e7al\u0131\u015fmalar her t\u00fcr takdirin \u00f6tesindedir. Pandemi s\u00fcrecinde \u00fclkemizdeki ilk tan\u0131 laboratuvarlar\u0131ndan birinin kuruculu\u011funu \u00fcstlenmi\u015f, Cerrahpa\u015fa T\u0131p Fak\u00fcltesindeki bu laboratuvar g\u00fcvenilir sonu\u00e7lar\u0131yla referans merkezlerden birisi olmu\u015ftur. COVID-19 hakk\u0131nda d\u00fcnyadaki t\u00fcm geli\u015fmeleri neredeyse saati saatine takip ederek, onlarca bilimsel \u00e7al\u0131\u015fmay\u0131 yay\u0131nland\u0131klar\u0131 g\u00fcn okuyup \u201cwhatsapp\u201d uygulamas\u0131nda olu\u015fturdu\u011fumuz \u201cKlimik COVID-19 g\u00f6rev g\u00fcc\u00fc (task force)\u201d grubunda bizlerle payla\u015fm\u0131\u015f, y\u00fcr\u00fctt\u00fc\u011f\u00fcm\u00fcz tart\u0131\u015fmalarda engin viroloji bilgisi ile yapt\u0131\u011f\u0131 yorumlar bizler i\u00e7in ufuk a\u00e7\u0131c\u0131 olmu\u015ftur. Klimik Derne\u011fi\u2019nin pandemi s\u00fcresince her hafta ger\u00e7ekle\u015ftirdi\u011fi \u00e7evrimi\u00e7i bilgilendirme toplant\u0131lar\u0131n\u0131n, COVID-19 simpozyum ve konferanslar\u0131n\u0131n de\u011fi\u015fmez konu\u015fmac\u0131lar\u0131ndan birisi olarak konuyla ilgilenen t\u00fcm hekimlerin g\u00fcncel bilgilerle donanmas\u0131na yard\u0131mc\u0131 olmu\u015ftur. T.C. Sa\u011fl\u0131k Bakanl\u0131\u011f\u0131 Bilimsel Dan\u0131\u015fma Kurulu\u2019nda en \u00e7al\u0131\u015fkan \u00fcyelerden birisi olarak \u00fclkemizde COVID-19\u2019un \u00f6zellikle tan\u0131s\u0131yla ilgili \u00e7ok \u00f6nemli katk\u0131larda bulunmu\u015ftur (14). Bilimsel toplant\u0131larda hekimleri bilgilendirmenin yan\u0131 s\u0131ra \u00fclkemiz kamuoyunun do\u011fru ve g\u00fcncel bilgiye ula\u015fabilmesini sa\u011flayabilmek i\u00e7in \u00e7ok say\u0131da televizyon program\u0131na kat\u0131lm\u0131\u015f, bu programlardaki m\u00fctevaz\u0131 yakla\u015f\u0131m\u0131, bilim insan\u0131 tavr\u0131 ile geni\u015f toplum kesimlerinin g\u00fcvenini ve sevgisini kazanm\u0131\u015ft\u0131r. <\/span><\/p>\n<p class=\"p2\">Prof. Dr. Kenan Midilli\u2019nin 71\u2019i SCI, SCI-E kapsam\u0131ndaki dergilerde olmak \u00fczere 112 makalesi, ulusal ve uluslararas\u0131 toplant\u0131larda 75\u2019in \u00fczerinde sunumu bulunmaktad\u0131r. Bildiklerini ba\u015fkalar\u0131na aktarmak konusunda da \u00e7ok \u00e7al\u0131\u015fkan ve istekli olan de\u011ferli dostumuz, akademik ya\u015fam\u0131 boyunca Cerrahpa\u015fa T\u0131p Fak\u00fcltesi\u2019nde \u00e7ok say\u0131da hekimin ve pek \u00e7ok uzmanl\u0131k, doktora\/y\u00fcksek lisans \u00f6\u011frencisinin yeti\u015ftirilmesine katk\u0131da bulunmu\u015ftur. Ko\u00e7 \u00dcniversitesi \u0130\u015f Bankas\u0131 \u0130nfeksiyon Hastal\u0131klar\u0131 Ara\u015ft\u0131rma Merkezi (KUISCID)\u2019nin dan\u0131\u015fmanlar\u0131 aras\u0131nda yer alan Prof. Dr. Kenan Midilli, Klimik Derne\u011fi\u2019nin \u0130ngilizce yay\u0131mlad\u0131\u011f\u0131 bilimsel dergisi IDCM\u2019in de edit\u00f6rler kurulunda g\u00f6rev yapmaktayd\u0131.<\/p>\n<p class=\"p2\">Prof. Dr. Kenan Midilli pek \u00e7ok ulusal ve uluslararas\u0131 meslek derne\u011finde aktif olarak \u00e7al\u0131\u015fm\u0131\u015ft\u0131r. T\u00fcrk Klinik Mikrobiyoloji ve \u0130nfeksiyon Hastal\u0131klar\u0131 (KL\u0130M\u0130K) Derne\u011fi \u0130nsan Mikrobiyom ve Biyoterapi \u00c7al\u0131\u015fma Grubu ba\u015fkanl\u0131\u011f\u0131n\u0131 y\u00fcr\u00fctmekteydi.<span class=\"Apple-converted-space\">\u00a0 <\/span>Midilli, Avrupa Klinik Viroloji Derne\u011fi, Avrupa Klinik Mikrobiyoloji ve \u0130nfeksiyon Hastal\u0131klar\u0131 Derne\u011fi (ESCMID), T\u00fcrk Mikrobiyoloji Cemiyeti (TMC), Klinik Mikrobiyoloji Uzmanlar\u0131 Derne\u011fi (KL\u0130MUD)\u2019nin yan\u0131 s\u0131ra T\u00fcrk T\u0131p Tarihi Kurumu \u00fcyesiydi.<\/p>\n<h3 class=\"p4\">Son S\u00f6z Olarak<\/h3>\n<p class=\"p2\">Bilim insan\u0131 disiplini ve titizli\u011fini sanat\u00e7\u0131 duyarl\u0131l\u0131\u011f\u0131 ve yarat\u0131c\u0131l\u0131\u011f\u0131 ile birle\u015ftirebilmi\u015f de\u011ferli arkada\u015f\u0131m\u0131z, dostumuz Prof. Dr. Kenan Midilli\u2019nin apans\u0131z ve erken \u00f6l\u00fcm\u00fc bize Hipokrat\u2019\u0131n \u00fcnl\u00fc s\u00f6z\u00fc \u201cars longa vita brevis\u201di hat\u0131rlatt\u0131. Hekimlik mesle\u011finin kurucusu say\u0131lan Hipokrat \u00fcnl\u00fc s\u00f6z\u00fcyle belki sanat eserlerini kastediyordu belki de hekimli\u011fin bir sanat oldu\u011funu vurgulamak istiyordu. Ama belki de insanlar\u0131n ancak \u00fcrettikleriyle, eserleriyle kal\u0131c\u0131 oldu\u011funu hat\u0131rlatmak istiyordu. Bu a\u00e7\u0131dan bakt\u0131\u011f\u0131m\u0131zda, bizler de Prof. Dr. Kenan Midilli\u2019nin kurdu\u011fu laboratuvar, yeti\u015ftirdi\u011fi y\u00fczlerce \u00f6\u011frenci, yapt\u0131\u011f\u0131 \u00e7al\u0131\u015fmalar ve yay\u0131nlar\u0131n yan\u0131 s\u0131ra ola\u011fan\u00fcst\u00fc ki\u015fili\u011fi ile kalplerimizde, zihinlerimizde b\u0131rakt\u0131\u011f\u0131 g\u00fczel hat\u0131ralarla uzun y\u0131llar ya\u015fayaca\u011f\u0131n\u0131 biliyoruz. An\u0131s\u0131 \u00f6n\u00fcnde sayg\u0131yla e\u011filirken sanat\u0131n iyile\u015ftirici g\u00fcc\u00fcnde, Kenan Midilli\u2019nin sevdi\u011fi \u015fairlerden Cemal S\u00fcreya\u2019n\u0131n dizelerinde, teselli ar\u0131yoruz:<\/p>\n<h3 class=\"p4\"><b>\u00dcST\u00dc KALSIN<\/b><\/h3>\n<p class=\"p5\"><i>\u00d6l\u00fcyorum tanr\u0131m<br \/>\nBu da oldu i\u015fte.<\/i><\/p>\n<p class=\"p5\"><i>Her \u00f6l\u00fcm erken \u00f6l\u00fcmd\u00fcr<br \/>\nBiliyorum tanr\u0131m.<\/i><\/p>\n<p class=\"p5\"><i>Ama, ayr\u0131ca, ald\u0131\u011f\u0131n \u015fu hayat<br \/>\nFena de\u011fildir&#8230;<\/i><\/p>\n<p class=\"p5\"><i>\u00dcst\u00fc kals\u0131n&#8230;<\/i><\/p>\n<p>&nbsp;<\/p>\n<p>__________________<\/p>\n<p class=\"p1\"><span class=\"s1\">* Sanat uzun, hayat k\u0131sa<span class=\"Apple-converted-space\">\u00a0<\/span><\/span><\/p>\n<p>Not: <i>Yazar isimleri alfabetik s\u0131raya g\u00f6re yaz\u0131lm\u0131\u015ft\u0131r.<\/i><\/p>\n","protected":false},"excerpt":{"rendered":"<p>Ars longa vita brevis* &nbsp; Kenan Midilli, 30 A\u011fustos 1963 y\u0131l\u0131nda K\u0131rklareli ilinin L\u00fcleburgaz il\u00e7esi Ertu\u011frul k\u00f6y\u00fcnde Remzi ve Hacer Midilli\u2019nin ikinci \u00e7ocu\u011fu olarak d\u00fcnyaya gelmi\u015ftir. K\u00f6y ilkokulunda g\u00f6sterdi\u011fi \u00fcst\u00fcn ba\u015far\u0131 \u00f6\u011fretmenin dikkatini \u00e7ekmi\u015f ve Milliyet gazetesinin a\u00e7t\u0131\u011f\u0131 bilgi yar\u0131\u015fmas\u0131nda okuluna ekibiyle birlikte b\u00f6lge \u00f6d\u00fcl\u00fc kazand\u0131rm\u0131\u015ft\u0131r. Bu ba\u015far\u0131lar\u0131n\u0131n ard\u0131ndan 1974 y\u0131l\u0131nda girdi\u011fi \u0130stanbul Erkek Lisesi\u2019nde [&hellip;]<\/p>\n","protected":false},"author":4,"featured_media":26120,"comment_status":"closed","ping_status":"closed","sticky":false,"template":"","format":"standard","meta":{"_acf_changed":false,"footnotes":""},"categories":[5621],"tags":[],"class_list":["post-26036","post","type-post","status-publish","format-standard","has-post-thumbnail","hentry","category-anma"],"acf":[],"_links":{"self":[{"href":"https:\/\/www.klimikdergisi.org\/tr\/wp-json\/wp\/v2\/posts\/26036","targetHints":{"allow":["GET"]}}],"collection":[{"href":"https:\/\/www.klimikdergisi.org\/tr\/wp-json\/wp\/v2\/posts"}],"about":[{"href":"https:\/\/www.klimikdergisi.org\/tr\/wp-json\/wp\/v2\/types\/post"}],"author":[{"embeddable":true,"href":"https:\/\/www.klimikdergisi.org\/tr\/wp-json\/wp\/v2\/users\/4"}],"replies":[{"embeddable":true,"href":"https:\/\/www.klimikdergisi.org\/tr\/wp-json\/wp\/v2\/comments?post=26036"}],"version-history":[{"count":3,"href":"https:\/\/www.klimikdergisi.org\/tr\/wp-json\/wp\/v2\/posts\/26036\/revisions"}],"predecessor-version":[{"id":26329,"href":"https:\/\/www.klimikdergisi.org\/tr\/wp-json\/wp\/v2\/posts\/26036\/revisions\/26329"}],"wp:featuredmedia":[{"embeddable":true,"href":"https:\/\/www.klimikdergisi.org\/tr\/wp-json\/wp\/v2\/media\/26120"}],"wp:attachment":[{"href":"https:\/\/www.klimikdergisi.org\/tr\/wp-json\/wp\/v2\/media?parent=26036"}],"wp:term":[{"taxonomy":"category","embeddable":true,"href":"https:\/\/www.klimikdergisi.org\/tr\/wp-json\/wp\/v2\/categories?post=26036"},{"taxonomy":"post_tag","embeddable":true,"href":"https:\/\/www.klimikdergisi.org\/tr\/wp-json\/wp\/v2\/tags?post=26036"}],"curies":[{"name":"wp","href":"https:\/\/api.w.org\/{rel}","templated":true}]}}