{"id":24103,"date":"2021-12-27T12:18:02","date_gmt":"2021-12-27T09:18:02","guid":{"rendered":"https:\/\/www.klimikdergisi.org\/?p=24103"},"modified":"2021-12-27T12:18:02","modified_gmt":"2021-12-27T09:18:02","slug":"bilimsel-danis%cc%a7manlara-tes%cc%a7ekku%cc%88r","status":"publish","type":"post","link":"https:\/\/www.klimikdergisi.org\/tr\/2021\/12\/27\/bilimsel-danis%cc%a7manlara-tes%cc%a7ekku%cc%88r\/","title":{"rendered":"Bilimsel Dan\u0131s\u0327manlara Tes\u0327ekku\u0308r"},"content":{"rendered":"<p class=\"p1\">Klimik Dergisi\u2019nde yay\u0131mlanmak u\u0308zere go\u0308nderilmis\u0327 makalelerin deg\u0306erlendirmesini yapan ve 34. cildin ortaya c\u0327\u0131kmas\u0131nda emeg\u0306i gec\u0327en as\u0327ag\u0306\u0131daki meslektas\u0327lar\u0131m\u0131za, Klimik Dergisi\u2019nin bilimsel standard\u0131n\u0131 yu\u0308kselten u\u0308stu\u0308n c\u0327aba ve ay\u0131rd\u0131klar\u0131 deg\u0306erli zaman ic\u0327in en ic\u0327ten tes\u0327ekku\u0308rlerimizi sunar\u0131z.<\/p>\n<p>&nbsp;<\/p>\n<p class=\"p1\"><b>A. Seza \u0130NAL, <\/b>Adana, T\u00fcrkiye<br \/>\n<b>Adalet AYPAK-ALTUNSOY<\/b>, Ankara, T\u00fcrkiye<br \/>\n<b>Adnan YAY<\/b>, \u0130stanbul, T\u00fcrkiye<br \/>\n<b>Ali ACAR<\/b>, Ankara, T\u00fcrkiye<br \/>\n<b>Ali ASAN<\/b>, Bursa, T\u00fcrkiye<br \/>\n<b>Ali KAYA<\/b>, Mersin, T\u00fcrkiye<br \/>\n<b>Ali \u015eENG\u00dcL<\/b>, Antalya, T\u00fcrkiye<br \/>\n<b>Alpay AZAP<\/b>, Ankara, T\u00fcrkiye<br \/>\n<b>Alper \u015eENER<\/b>, \u0130zmir, T\u00fcrkiye<br \/>\n<b>Asuman \u015eENG\u00d6Z-\u0130NAN<\/b>, \u0130stanbul, T\u00fcrkiye<br \/>\n<b>Atahan \u00c7A\u011eATAY<\/b>, \u0130stanbul, T\u00fcrkiye<br \/>\n<b>Ayd\u0131n DEVEC\u0130<\/b>, Samsun, T\u00fcrkiye<br \/>\n<b>Aynur ENG\u0130N<\/b>, Sivas, T\u00fcrkiye<br \/>\n<b>Aynur TOPKAYA<\/b>, \u0130stanbul, T\u00fcrkiye<br \/>\n<b>Aysel KOCAG\u00dcL-\u00c7EL\u0130KBA\u015e<\/b>, \u00c7orum, T\u00fcrkiye<br \/>\n<b>Aysun KARASU-YAL\u00c7I<\/b>, Ankara, T\u00fcrkiye<br \/>\n<b>Ay\u015fe BATIREL<\/b>, \u0130stanbul, T\u00fcrkiye<br \/>\n<b>Ay\u015fe ERBAY<\/b>, Yozgat, T\u00fcrkiye<br \/>\n<b>Ayten KADANALI<\/b>, \u0130stanbul, T\u00fcrkiye<br \/>\n<b>Barbaros ORAL<\/b>, Bursa, T\u00fcrkiye<br \/>\n<b>Berrin ESEN<\/b>, Afyonkarahisar, T\u00fcrkiye<br \/>\n<b>Bilg\u00fcl METE<\/b>, \u0130stanbul, T\u00fcrkiye<br \/>\n<b>Birsen DURMAZ-\u00c7ET\u0130N<\/b>, \u0130stanbul, T\u00fcrkiye<br \/>\n<b>Birsen MUTLU<\/b>, Kocaeli, T\u00fcrkiye<br \/>\n<b>Cemal BULUT<\/b>, Ankara, T\u00fcrkiye<br \/>\n<b>Ceren ATASOY-TAHTASAKAL<\/b>, \u0130stanbul, T\u00fcrkiye<br \/>\n<b>\u00c7i\u011fdem ATAMAN-HAT\u0130POGLU<\/b>, Ankara, T\u00fcrkiye<br \/>\n<b>\u00c7i\u011fdem ARABACI<\/b>, \u0130stanbul, T\u00fcrkiye<br \/>\n<b>Deniz G\u00d6KENG\u0130N<\/b>, \u0130zmir, T\u00fcrkiye<br \/>\n<b>Derya \u00d6ZT\u00dcRK-ENG\u0130N<\/b>, \u0130stanbul, T\u00fcrkiye<br \/>\n<b>Derya SEYMAN<\/b>, Antalya, T\u00fcrkiye<br \/>\n<b>Devrim D\u00dcNDAR<\/b>, Kocaeli, T\u00fcrkiye<br \/>\n<b>Dilara \u0130NAN<\/b>, Antalya, T\u00fcrkiye<br \/>\n<b>Duygu PER\u00c7\u0130N-RENDERS<\/b>, K\u00fctahya, T\u00fcrkiye<br \/>\n<b>Elif DOYUK-KARTAL<\/b>, Eski\u015fehir, T\u00fcrkiye<br \/>\n<b>Ercan YEN\u0130LMEZ<\/b>, \u0130stanbul, T\u00fcrkiye<br \/>\n<b>Esra KAZAK<\/b>, Bursa, T\u00fcrkiye<br \/>\n<b>Eylem \u00c7A\u011eILTAY,<\/b> \u0130stanbul, T\u00fcrkiye<br \/>\n<b>F. \u015eebnem ERD\u0130N\u00c7<\/b>, Ankara, T\u00fcrkiye<br \/>\n<b>Faruk KARAKE\u00c7\u0130L\u0130<\/b>, Erzincan, T\u00fcrkiye<br \/>\n<b>Fatma SIRMATEL<\/b>, Bolu, T\u00fcrkiye<br \/>\n<b>Fatma YILMAZ-KARADA\u011e<\/b>, \u0130stanbul, T\u00fcrkiye<br \/>\n<b>Filiz PEHL\u0130VANO\u011eLU<\/b>, \u0130stanbul, T\u00fcrkiye<br \/>\n<b>Funda \u015e\u0130M\u015eEK<\/b>, \u0130stanbul, T\u00fcrkiye<br \/>\n<b>Funda T\u0130MURKAYNAK<\/b>, Z\u00fcrih, \u0130svi\u00e7re<br \/>\n<b>Funda YETK\u0130N<\/b>, Malatya, T\u00fcrkiye<br \/>\n<b>F\u00fcsun CAN<\/b>, \u0130stanbul, T\u00fcrkiye<br \/>\n<b>G\u00f6khan AYG\u00dcN<\/b>, \u0130stanbul, T\u00fcrkiye<br \/>\n<b>G\u00f6n\u00fcl \u015eENG\u00d6Z<\/b>, \u0130stanbul, T\u00fcrkiye<br \/>\n<b>G\u00fcl Ruhsar YILMAZ<\/b>, Isparta, T\u00fcrkiye<br \/>\n<b>G\u00fclden ERS\u00d6Z<\/b>, Mersin, T\u00fcrkiye<br \/>\n<b>G\u00fcnay TUNCER-ERTEM<\/b>, Ankara, T\u00fcrkiye<br \/>\n<b>H. \u015eener BARUT<\/b>, Tokat, T\u00fcrkiye<br \/>\n<b>Hamdi AKAN<\/b>, Ankara, T\u00fcrkiye<br \/>\n<b>Hande AYDEM\u0130R<\/b>, Zonguldak, T\u00fcrkiye<br \/>\n<b>Hayat KUMBASAR-KARAOSMANO\u011eLU<\/b>,<br \/>\n\u0130stanbul, T\u00fcrkiye<br \/>\n<b>\u0130lker \u0130nan\u00e7 BALKAN<\/b>, \u0130stanbul, T\u00fcrkiye<br \/>\n<b>\u0130lknur ERDEM<\/b>, Tekirda\u011f, T\u00fcrkiye<br \/>\n<b>Kenan HIZEL<\/b>, \u0130zmir, T\u00fcrkiye<br \/>\n<b>L\u00fctfiye M\u00dcLAZIMO\u011eLU<\/b>, \u0130stanbul, T\u00fcrkiye<br \/>\n<b>L\u00fctfiye \u00d6KS\u00dcZ<\/b>, \u0130stanbul, T\u00fcrkiye<br \/>\n<b>M. B\u00fclent ERTU\u011eRUL<\/b>, \u0130stanbul, T\u00fcrkiye<br \/>\n<b>Mahir KAPMAZ<\/b>, \u0130stanbul, T\u00fcrkiye<br \/>\n<b>Mehmet BAYSALLAR<\/b>, \u0130stanbul, T\u00fcrkiye<br \/>\n<b>Mehmet Serhat B\u0130RENGEL<\/b>, Ankara, T\u00fcrkiye<br \/>\n<b>Mehtap AYDIN<\/b>, \u0130stanbul, T\u00fcrkiye<br \/>\n<b>Mert Ahmet KU\u015eKUCU<\/b>, \u0130stanbul, T\u00fcrkiye<br \/>\n<b>Muammer \u00c7EL\u0130K<\/b>, \u0130zmir, T\u00fcrkiye<br \/>\n<b>Murat KUTLU<\/b>, Denizli, T\u00fcrkiye<br \/>\n<b>Mustafa \u00d6ZYURT<\/b>, \u0130stanbul, T\u00fcrkiye<br \/>\n<b>Nazan TUNA<\/b>, Sakarya, T\u00fcrkiye<br \/>\n<b>Nazl\u0131m AKTU\u011e-DEM\u0130R<\/b>, Konya, T\u00fcrkiye<br \/>\n<b>Necla T\u00dcLEK<\/b>, Ankara, T\u00fcrkiye<br \/>\n<b>Ne\u015fe DEM\u0130RT\u00dcRK<\/b>, Afyonkarahisar, T\u00fcrkiye<br \/>\n<b>Neziha YILMAZ<\/b>, Yozgat, T\u00fcrkiye<br \/>\n<b>Nurcan BAYKAM<\/b>, \u00c7orum, T\u00fcrkiye<br \/>\n<b>Onur KAYA<\/b>, Isparta, T\u00fcrkiye<br \/>\n<b>Onur URAL<\/b>, Konya, T\u00fcrkiye<br \/>\n<b>Orhan BAYLAN<\/b>, \u0130stanbul, T\u00fcrkiye<br \/>\n<b>\u00d6zlem ALTUNTA\u015e-AYDIN<\/b>, \u0130stanbul, T\u00fcrkiye<br \/>\n<b>\u00d6nder ERG\u00d6N\u00dcL<\/b>, \u0130stanbul, T\u00fcrkiye<br \/>\n<b>\u00d6zg\u00fcr G\u00dcNAL<\/b>, Samsun, T\u00fcrkiye<br \/>\n<b>\u00d6zlem KURT-AZAP<\/b>, Ankara, T\u00fcrkiye<br \/>\n<b>\u00d6znur AK<\/b>, \u0130stanbul, T\u00fcrkiye<br \/>\n<b>P\u0131nar KORKMAZ<\/b>, K\u00fctahya, T\u00fcrkiye<br \/>\n<b>R. Ayta\u00e7 \u00c7ET\u0130NKAYA<\/b>, \u0130stanbul, T\u00fcrkiye<br \/>\n<b>Rabin SABA<\/b>, Antalya, T\u00fcrkiye<br \/>\n<b>Salih CESUR<\/b>, Ankara, T\u00fcrkiye<br \/>\n<b>Selda SAYIN-KUTLU<\/b>, Denizli, T\u00fcrkiye<br \/>\n<b>Seniha \u015eENBAYRAK<\/b>, \u0130stanbul, T\u00fcrkiye<br \/>\n<b>Serap S\u00dcZ\u00dcK<\/b>, Ankara, T\u00fcrkiye<br \/>\n<b>Serap \u015e\u0130M\u015eEK-YAVUZ<\/b>, \u0130stanbul, T\u00fcrkiye<br \/>\n<b>Serhan SAKARYA<\/b>, Ayd\u0131n, T\u00fcrkiye<br \/>\n<b>Serpil EROL<\/b>, \u0130stanbul, T\u00fcrkiye<br \/>\n<b>Soner YILMA<\/b>Z, \u0130stanbul, T\u00fcrkiye<br \/>\n<b>S\u00fcda TEK\u0130N<\/b>, \u0130stanbul, T\u00fcrkiye<br \/>\n<b>S\u00fcheyla SER\u0130N-SENGER<\/b>, \u0130zmir, T\u00fcrkiye<br \/>\n<b>\u015eebnem EREN-G\u00d6K<\/b>, Yozgat, T\u00fcrkiye<br \/>\n<b>\u015eiran KESKE<\/b>, \u0130stanbul, T\u00fcrkiye<br \/>\n<b>\u015eua S\u00dcMER<\/b>, Konya, T\u00fcrkiye<br \/>\n<b>Taner YILDIRMAK<\/b>, \u0130stanbul, T\u00fcrkiye<br \/>\n<b>\u00dcner KAYABA\u015e<\/b>, Ni\u011fde, T\u00fcrkiye<br \/>\n<b>Yal\u0131m D\u0130KMEN<\/b>, \u0130stanbul, T\u00fcrkiye<br \/>\n<b>Yasemin ERSOY<\/b>, Malatya, T\u00fcrkiye<br \/>\n<b>Yasemin HEPER<\/b>, Bursa, T\u00fcrkiye<br \/>\n<b>Ye\u015fim ALPAY<\/b>, Bal\u0131kesir, T\u00fcrkiye<br \/>\n<b>Yunus G\u00dcRB\u00dcZ<\/b>, Ankara, T\u00fcrkiye<br \/>\n<b>Yusuf Ziya DEM\u0130RO\u011eLU<\/b>, Adana, T\u00fcrkiye<br \/>\n<b>Zehra KARACAER<\/b>, Ankara, T\u00fcrkiye<br \/>\n<b>Zehra \u00c7a\u011fla KARAKO\u00c7<\/b>, \u0130stanbul, T\u00fcrkiye<\/p>\n","protected":false},"excerpt":{"rendered":"<p>Klimik Dergisi\u2019nde yay\u0131mlanmak u\u0308zere go\u0308nderilmis\u0327 makalelerin deg\u0306erlendirmesini yapan ve 34. cildin ortaya c\u0327\u0131kmas\u0131nda emeg\u0306i gec\u0327en as\u0327ag\u0306\u0131daki meslektas\u0327lar\u0131m\u0131za, Klimik Dergisi\u2019nin bilimsel standard\u0131n\u0131 yu\u0308kselten u\u0308stu\u0308n c\u0327aba ve ay\u0131rd\u0131klar\u0131 deg\u0306erli zaman ic\u0327in en ic\u0327ten tes\u0327ekku\u0308rlerimizi sunar\u0131z. &nbsp; A. Seza \u0130NAL, Adana, T\u00fcrkiye Adalet AYPAK-ALTUNSOY, Ankara, T\u00fcrkiye Adnan YAY, \u0130stanbul, T\u00fcrkiye Ali ACAR, Ankara, T\u00fcrkiye Ali ASAN, Bursa, T\u00fcrkiye [&hellip;]<\/p>\n","protected":false},"author":2,"featured_media":0,"comment_status":"closed","ping_status":"closed","sticky":false,"template":"","format":"standard","meta":{"_acf_changed":false,"footnotes":""},"categories":[5149],"tags":[],"class_list":["post-24103","post","type-post","status-publish","format-standard","hentry","category-bilimsel-danismanlara-tesekkur"],"acf":[],"_links":{"self":[{"href":"https:\/\/www.klimikdergisi.org\/tr\/wp-json\/wp\/v2\/posts\/24103","targetHints":{"allow":["GET"]}}],"collection":[{"href":"https:\/\/www.klimikdergisi.org\/tr\/wp-json\/wp\/v2\/posts"}],"about":[{"href":"https:\/\/www.klimikdergisi.org\/tr\/wp-json\/wp\/v2\/types\/post"}],"author":[{"embeddable":true,"href":"https:\/\/www.klimikdergisi.org\/tr\/wp-json\/wp\/v2\/users\/2"}],"replies":[{"embeddable":true,"href":"https:\/\/www.klimikdergisi.org\/tr\/wp-json\/wp\/v2\/comments?post=24103"}],"version-history":[{"count":3,"href":"https:\/\/www.klimikdergisi.org\/tr\/wp-json\/wp\/v2\/posts\/24103\/revisions"}],"predecessor-version":[{"id":24114,"href":"https:\/\/www.klimikdergisi.org\/tr\/wp-json\/wp\/v2\/posts\/24103\/revisions\/24114"}],"wp:attachment":[{"href":"https:\/\/www.klimikdergisi.org\/tr\/wp-json\/wp\/v2\/media?parent=24103"}],"wp:term":[{"taxonomy":"category","embeddable":true,"href":"https:\/\/www.klimikdergisi.org\/tr\/wp-json\/wp\/v2\/categories?post=24103"},{"taxonomy":"post_tag","embeddable":true,"href":"https:\/\/www.klimikdergisi.org\/tr\/wp-json\/wp\/v2\/tags?post=24103"}],"curies":[{"name":"wp","href":"https:\/\/api.w.org\/{rel}","templated":true}]}}