{"id":17057,"date":"2021-01-05T01:25:51","date_gmt":"2021-01-04T22:25:51","guid":{"rendered":"https:\/\/www.klimikdergisi.org\/\/2021\/01\/05\/kronik-hepatit-b-infeksiyonlu-olgularda-adefovir-tedavisine-virolojik-yanit-ve-direnc-gelisimini-belirleyen-degiskenler\/"},"modified":"2021-01-05T01:25:51","modified_gmt":"2021-01-04T22:25:51","slug":"kronik-hepatit-b-infeksiyonlu-olgularda-adefovir-tedavisine-virolojik-yanit-ve-direnc-gelisimini-belirleyen-degiskenler","status":"publish","type":"post","link":"https:\/\/www.klimikdergisi.org\/tr\/2021\/01\/05\/kronik-hepatit-b-infeksiyonlu-olgularda-adefovir-tedavisine-virolojik-yanit-ve-direnc-gelisimini-belirleyen-degiskenler\/","title":{"rendered":"Kronik Hepatit B \u0130nfeksiyonlu Olgularda Adefovir Tedavisine Virolojik Yan\u0131t ve Diren\u00e7 Geli\u015fimini Belirleyen De\u011fi\u015fkenler"},"content":{"rendered":"","protected":false},"excerpt":{"rendered":"","protected":false},"author":0,"featured_media":0,"comment_status":"","ping_status":"","sticky":false,"template":"","format":"standard","meta":{"_acf_changed":false,"footnotes":""},"categories":[5129],"tags":[3836,3839,3224,3837],"class_list":["post-17057","post","type-post","status-publish","format-standard","hentry","category-ozgun-arastirma","tag-adefovir","tag-genotipik-direnc","tag-hbv","tag-virolojik-yanit"],"acf":[],"_links":{"self":[{"href":"https:\/\/www.klimikdergisi.org\/tr\/wp-json\/wp\/v2\/posts\/17057","targetHints":{"allow":["GET"]}}],"collection":[{"href":"https:\/\/www.klimikdergisi.org\/tr\/wp-json\/wp\/v2\/posts"}],"about":[{"href":"https:\/\/www.klimikdergisi.org\/tr\/wp-json\/wp\/v2\/types\/post"}],"replies":[{"embeddable":true,"href":"https:\/\/www.klimikdergisi.org\/tr\/wp-json\/wp\/v2\/comments?post=17057"}],"version-history":[{"count":0,"href":"https:\/\/www.klimikdergisi.org\/tr\/wp-json\/wp\/v2\/posts\/17057\/revisions"}],"wp:attachment":[{"href":"https:\/\/www.klimikdergisi.org\/tr\/wp-json\/wp\/v2\/media?parent=17057"}],"wp:term":[{"taxonomy":"category","embeddable":true,"href":"https:\/\/www.klimikdergisi.org\/tr\/wp-json\/wp\/v2\/categories?post=17057"},{"taxonomy":"post_tag","embeddable":true,"href":"https:\/\/www.klimikdergisi.org\/tr\/wp-json\/wp\/v2\/tags?post=17057"}],"curies":[{"name":"wp","href":"https:\/\/api.w.org\/{rel}","templated":true}]}}