{"id":16955,"date":"2021-01-05T01:25:44","date_gmt":"2021-01-04T22:25:44","guid":{"rendered":"https:\/\/www.klimikdergisi.org\/\/2021\/01\/05\/linezolid-tedavisine-bagli-dilde-renk-degisikligi-meydana-gelen-bir-spondilodiskit-olgusu\/"},"modified":"2021-01-05T01:25:44","modified_gmt":"2021-01-04T22:25:44","slug":"linezolid-tedavisine-bagli-dilde-renk-degisikligi-meydana-gelen-bir-spondilodiskit-olgusu","status":"publish","type":"post","link":"https:\/\/www.klimikdergisi.org\/tr\/2021\/01\/05\/linezolid-tedavisine-bagli-dilde-renk-degisikligi-meydana-gelen-bir-spondilodiskit-olgusu\/","title":{"rendered":"Linezolid Tedavisine Ba\u011fl\u0131 Dilde Renk De\u011fi\u015fikli\u011fi Meydana Gelen Bir Spondilodiskit Olgusu"},"content":{"rendered":"<h1>\u00d6zet<\/h1>\n<p> 39 ya\u015f\u0131nda kad\u0131n hasta ge\u00e7irilmi\u015f L4\u20135 diskektomi ameliyat\u0131 sonras\u0131 meydana gelen spondilodiskit nedeniyle hastanemize yat\u0131r\u0131ld\u0131. \u0130lk olarak teikoplanin tedavisi ba\u015fland\u0131 ve ate\u015f, mak\u00fclopap\u00fcler d\u00f6k\u00fcnt\u00fc, l\u00f6kopeni ve trombositopeni ile seyreden alerjik reaksiyon geli\u015fti. Alerjik reaksiyon teikoplaninin yerine linezolid tedavisine ge\u00e7ilmesiyle kayboldu. Linezolid tedavisinin alt\u0131nc\u0131 haftas\u0131nda, hastan\u0131n dilinin dorsal y\u00fczeyinin proksimal kesiminde koyu kahverengi renk de\u011fi\u015fikli\u011fi meydana geldi. Dilin u\u00e7 k\u0131sm\u0131nda, kenarlar\u0131nda ve \u00f6n y\u00fczeyinde renk de\u011fi\u015fikli\u011fi yoktu. Linezolid tedavisine devam edildi ve alt\u0131 ay uyguland\u0131. Tedavi s\u00fcresince dildeki renk de\u011fi\u015fikli\u011fi devam etti ve \u015fiddetinde belirgin bir de\u011fi\u015fiklik g\u00f6zlenmedi. Tedavinin kesilmesinden hemen sonra renk de\u011fi\u015fikli\u011fi h\u0131zla azald\u0131 ve ikinci aydan sonra tamamen normal rengine d\u00f6nd\u00fc. Sonu\u00e7 olarak nadir olarak g\u00f6r\u00fclse de linezolid kullan\u0131m\u0131na ba\u011fl\u0131 dilde renk de\u011fi\u015fikli\u011fi geli\u015febilece\u011fi ak\u0131lda tutulmal\u0131d\u0131r. Dildeki renk de\u011fi\u015fikli\u011fi linezolidin kesilmesinden sonra tamamen kaybolabilmektedir. Bu nedenle b\u00f6yle bir yan etki ortaya \u00e7\u0131kt\u0131\u011f\u0131nda ve tedavinin devam\u0131n\u0131n zorunlu olmas\u0131 halinde linezolide devam edilebilir.<\/p>\n","protected":false},"excerpt":{"rendered":"<p>\u00d6zet 39 ya\u015f\u0131nda kad\u0131n hasta ge\u00e7irilmi\u015f L4\u20135 diskektomi ameliyat\u0131 sonras\u0131 meydana gelen spondilodiskit nedeniyle hastanemize yat\u0131r\u0131ld\u0131. \u0130lk olarak teikoplanin tedavisi ba\u015fland\u0131 ve ate\u015f, mak\u00fclopap\u00fcler d\u00f6k\u00fcnt\u00fc, l\u00f6kopeni ve trombositopeni ile seyreden alerjik reaksiyon geli\u015fti. Alerjik reaksiyon teikoplaninin yerine linezolid tedavisine ge\u00e7ilmesiyle kayboldu. Linezolid tedavisinin alt\u0131nc\u0131 haftas\u0131nda, hastan\u0131n dilinin dorsal y\u00fczeyinin proksimal kesiminde koyu kahverengi renk de\u011fi\u015fikli\u011fi [&hellip;]<\/p>\n","protected":false},"author":0,"featured_media":0,"comment_status":"","ping_status":"","sticky":false,"template":"","format":"standard","meta":{"_acf_changed":false,"footnotes":""},"categories":[5131],"tags":[3871,3736,3717],"class_list":["post-16955","post","type-post","status-publish","format-standard","hentry","category-olgu-sunumu","tag-dilde-renk-degisikligi","tag-linezolid","tag-tedavi"],"acf":[],"_links":{"self":[{"href":"https:\/\/www.klimikdergisi.org\/tr\/wp-json\/wp\/v2\/posts\/16955","targetHints":{"allow":["GET"]}}],"collection":[{"href":"https:\/\/www.klimikdergisi.org\/tr\/wp-json\/wp\/v2\/posts"}],"about":[{"href":"https:\/\/www.klimikdergisi.org\/tr\/wp-json\/wp\/v2\/types\/post"}],"replies":[{"embeddable":true,"href":"https:\/\/www.klimikdergisi.org\/tr\/wp-json\/wp\/v2\/comments?post=16955"}],"version-history":[{"count":0,"href":"https:\/\/www.klimikdergisi.org\/tr\/wp-json\/wp\/v2\/posts\/16955\/revisions"}],"wp:attachment":[{"href":"https:\/\/www.klimikdergisi.org\/tr\/wp-json\/wp\/v2\/media?parent=16955"}],"wp:term":[{"taxonomy":"category","embeddable":true,"href":"https:\/\/www.klimikdergisi.org\/tr\/wp-json\/wp\/v2\/categories?post=16955"},{"taxonomy":"post_tag","embeddable":true,"href":"https:\/\/www.klimikdergisi.org\/tr\/wp-json\/wp\/v2\/tags?post=16955"}],"curies":[{"name":"wp","href":"https:\/\/api.w.org\/{rel}","templated":true}]}}