{"id":16937,"date":"2021-01-05T01:25:42","date_gmt":"2021-01-04T22:25:42","guid":{"rendered":"https:\/\/www.klimikdergisi.org\/\/2021\/01\/05\/urolojik-girisim-sonrasi-izlemde-sepsis-gelisiminin-degerlendirilmesi\/"},"modified":"2021-01-05T01:25:42","modified_gmt":"2021-01-04T22:25:42","slug":"urolojik-girisim-sonrasi-izlemde-sepsis-gelisiminin-degerlendirilmesi","status":"publish","type":"post","link":"https:\/\/www.klimikdergisi.org\/tr\/2021\/01\/05\/urolojik-girisim-sonrasi-izlemde-sepsis-gelisiminin-degerlendirilmesi\/","title":{"rendered":"\u00dcrolojik Giri\u015fim Sonras\u0131 \u0130zlemde Sepsis Geli\u015fiminin De\u011ferlendirilmesi"},"content":{"rendered":"<h1>\u00d6zet<\/h1>\n<p> <strong>Ama\u00e7<\/strong>: \u00dcrolojik giri\u015fimler \u00fcriner sistem infeksiyon s\u0131kl\u0131\u011f\u0131nda art\u0131\u015fa neden olmaktad\u0131r. Bu \u00e7al\u0131\u015fmada Pamukkale \u00dcniversitesi T\u0131p Fak\u00fcltesi Hastanesi \u00dcroloji Klini\u011fi\u2019nde giri\u015fim uygulanan hastalarda \u00fcrolojik giri\u015fim sonras\u0131 sepsis geli\u015fme s\u0131kl\u0131\u011f\u0131n\u0131n belirlenmesi ama\u00e7land\u0131.\u00a0<\/p>\n<p> <strong>Y\u00f6ntemler<\/strong>: Giri\u015fim uygulanan 1170 hastan\u0131n 84\u2019\u00fcne \u0130nfeksiyon Hastal\u0131klar\u0131 ve Klinik Mikrobiyoloji B\u00f6l\u00fcm\u00fc taraf\u0131ndan sepsis tan\u0131s\u0131 kondu.\u00a0<\/p>\n<p> <strong>Bulgular<\/strong>: \u00dcrolojik giri\u015fim sonras\u0131 sepsis geli\u015fme s\u0131kl\u0131\u011f\u0131 %7.2 olarak saptand\u0131. \u00dcrolojik i\u015flemlerden sepsis geli\u015fimine s\u0131rayla en s\u0131k perkutan nefrolitotomi, ta\u015f k\u0131rma, trans\u00fcretral mesane (TUR-M) veya prostat rezeksiyonu (TUR-P)\u2019nun neden oldu\u011fu belirlendi. Kan ve idrar k\u00fclt\u00fcrlerinden en s\u0131k Escherichia coli (%45.2) izole edildi.\u00a0<\/p>\n<p> <strong>Sonu\u00e7lar<\/strong>: Sepsis tan\u0131s\u0131 konan olgular\u0131n %1.2\u2019sinde primer kan dola\u015f\u0131m\u0131 infeksiyonu, %59.5\u2019inde \u00fcriner sistem infeksiyonuna ba\u011fl\u0131 sekonder kan dola\u015f\u0131m\u0131 infeksiyonu ve %39.3\u2019\u00fcnde klinik sepsis tespit edildi.\u00a0<\/p>\n","protected":false},"excerpt":{"rendered":"<p>\u00d6zet Ama\u00e7: \u00dcrolojik giri\u015fimler \u00fcriner sistem infeksiyon s\u0131kl\u0131\u011f\u0131nda art\u0131\u015fa neden olmaktad\u0131r. Bu \u00e7al\u0131\u015fmada Pamukkale \u00dcniversitesi T\u0131p Fak\u00fcltesi Hastanesi \u00dcroloji Klini\u011fi\u2019nde giri\u015fim uygulanan hastalarda \u00fcrolojik giri\u015fim sonras\u0131 sepsis geli\u015fme s\u0131kl\u0131\u011f\u0131n\u0131n belirlenmesi ama\u00e7land\u0131.\u00a0 Y\u00f6ntemler: Giri\u015fim uygulanan 1170 hastan\u0131n 84\u2019\u00fcne \u0130nfeksiyon Hastal\u0131klar\u0131 ve Klinik Mikrobiyoloji B\u00f6l\u00fcm\u00fc taraf\u0131ndan sepsis tan\u0131s\u0131 kondu.\u00a0 Bulgular: \u00dcrolojik giri\u015fim sonras\u0131 sepsis geli\u015fme s\u0131kl\u0131\u011f\u0131 %7.2 [&hellip;]<\/p>\n","protected":false},"author":0,"featured_media":0,"comment_status":"","ping_status":"","sticky":false,"template":"","format":"standard","meta":{"_acf_changed":false,"footnotes":""},"categories":[5129],"tags":[2691,3876],"class_list":["post-16937","post","type-post","status-publish","format-standard","hentry","category-ozgun-arastirma","tag-sepsis","tag-urolojik-girisim"],"acf":[],"_links":{"self":[{"href":"https:\/\/www.klimikdergisi.org\/tr\/wp-json\/wp\/v2\/posts\/16937","targetHints":{"allow":["GET"]}}],"collection":[{"href":"https:\/\/www.klimikdergisi.org\/tr\/wp-json\/wp\/v2\/posts"}],"about":[{"href":"https:\/\/www.klimikdergisi.org\/tr\/wp-json\/wp\/v2\/types\/post"}],"replies":[{"embeddable":true,"href":"https:\/\/www.klimikdergisi.org\/tr\/wp-json\/wp\/v2\/comments?post=16937"}],"version-history":[{"count":0,"href":"https:\/\/www.klimikdergisi.org\/tr\/wp-json\/wp\/v2\/posts\/16937\/revisions"}],"wp:attachment":[{"href":"https:\/\/www.klimikdergisi.org\/tr\/wp-json\/wp\/v2\/media?parent=16937"}],"wp:term":[{"taxonomy":"category","embeddable":true,"href":"https:\/\/www.klimikdergisi.org\/tr\/wp-json\/wp\/v2\/categories?post=16937"},{"taxonomy":"post_tag","embeddable":true,"href":"https:\/\/www.klimikdergisi.org\/tr\/wp-json\/wp\/v2\/tags?post=16937"}],"curies":[{"name":"wp","href":"https:\/\/api.w.org\/{rel}","templated":true}]}}