{"id":16919,"date":"2021-01-05T01:25:41","date_gmt":"2021-01-04T22:25:41","guid":{"rendered":"https:\/\/www.klimikdergisi.org\/\/2021\/01\/05\/hastane-personelinin-kirim-kongo-kanamali-atesi-konusundaki-bilgi-duzeylerinin-degerlendirilmesi\/"},"modified":"2021-01-05T01:25:41","modified_gmt":"2021-01-04T22:25:41","slug":"hastane-personelinin-kirim-kongo-kanamali-atesi-konusundaki-bilgi-duzeylerinin-degerlendirilmesi","status":"publish","type":"post","link":"https:\/\/www.klimikdergisi.org\/tr\/2021\/01\/05\/hastane-personelinin-kirim-kongo-kanamali-atesi-konusundaki-bilgi-duzeylerinin-degerlendirilmesi\/","title":{"rendered":"Hastane Personelinin K\u0131r\u0131m-Kongo Kanamal\u0131 Ate\u015fi Konusundaki Bilgi D\u00fczeylerinin De\u011ferlendirilmesi"},"content":{"rendered":"<h1>\u00d6zet<\/h1>\n<p> <strong>Ama\u00e7<\/strong>: K\u0131r\u0131m-Kongo kanamal\u0131 ate\u015fi (KKKA) \u00fclkemizde son y\u0131llarda giderek artan s\u0131kl\u0131kta g\u00f6r\u00fclmektedir. Sa\u011fl\u0131k personeli bu hastal\u0131k i\u00e7in risk grubunda yer almaktad\u0131r. Bu \u00e7al\u0131\u015fmada hastanemiz personelinin KKKA hakk\u0131ndaki bilgilerinin ara\u015ft\u0131r\u0131lmas\u0131 ama\u00e7lanm\u0131\u015ft\u0131r.\u00a0<\/p>\n<p> <strong>Y\u00f6ntemler<\/strong>: Hastane personeline \u00fc\u00e7 g\u00fcn s\u00fcre ile KKKA hakk\u0131nda e\u011fitim verilmi\u015ftir. E\u011fitim \u00f6ncesi ve sonras\u0131nda kat\u0131l\u0131mc\u0131lardan g\u00f6n\u00fcll\u00fc olanlara hastal\u0131\u011f\u0131n temel epidemiyolojik, virolojik ve klinik \u00f6zelliklerini i\u00e7eren sorulardan olu\u015fan bir anket uygulanm\u0131\u015ft\u0131r.\u00a0<\/p>\n<p> <strong>Bulgular<\/strong>: Anket sonras\u0131 hastane personelinin KKKA\u2019n\u0131n temel \u00f6zellikleri, bula\u015fma yollar\u0131, klinik ve laboratuvar bulgular\u0131 konular\u0131nda y\u00fcksek bilgi seviyesine sahip olduklar\u0131 g\u00f6r\u00fclm\u00fc\u015ft\u00fcr (&gt;%90). Virusun dayan\u0131kl\u0131l\u0131\u011f\u0131, hastal\u0131\u011f\u0131n ink\u00fcbasyon s\u00fcresi ve hastalar\u0131n kan ve v\u00fccut s\u0131v\u0131lar\u0131 ile temastan sonra ne yap\u0131lmas\u0131 gerekti\u011fi konular\u0131nda d\u00fc\u015f\u00fck olan bilgi seviyesinin e\u011fitim sonunda y\u00fckseldi\u011fi g\u00f6r\u00fclm\u00fc\u015ft\u00fcr (s\u0131ras\u0131yla %94.9\u2019dan %99.1\u2019e, %88\u2019den %92.4\u2019e ve %36.3\u2019ten %58.7\u2019ye ve p&lt;0.05).\u00a0<\/p>\n<p> <strong>Sonu\u00e7lar<\/strong>: D\u00fczenli yap\u0131lan e\u011fitim \u00e7al\u0131\u015fmalar\u0131, yeterli bilgi seviyesini olu\u015fturma ve buna ba\u011fl\u0131 olarak hastal\u0131k ve korunma \u00f6nlemleri konusunda duyarl\u0131 ve bilgili bir toplum olu\u015fturma \u00e7abalar\u0131na yard\u0131mc\u0131 olacakt\u0131r.<\/p>\n","protected":false},"excerpt":{"rendered":"<p>\u00d6zet Ama\u00e7: K\u0131r\u0131m-Kongo kanamal\u0131 ate\u015fi (KKKA) \u00fclkemizde son y\u0131llarda giderek artan s\u0131kl\u0131kta g\u00f6r\u00fclmektedir. Sa\u011fl\u0131k personeli bu hastal\u0131k i\u00e7in risk grubunda yer almaktad\u0131r. Bu \u00e7al\u0131\u015fmada hastanemiz personelinin KKKA hakk\u0131ndaki bilgilerinin ara\u015ft\u0131r\u0131lmas\u0131 ama\u00e7lanm\u0131\u015ft\u0131r.\u00a0 Y\u00f6ntemler: Hastane personeline \u00fc\u00e7 g\u00fcn s\u00fcre ile KKKA hakk\u0131nda e\u011fitim verilmi\u015ftir. E\u011fitim \u00f6ncesi ve sonras\u0131nda kat\u0131l\u0131mc\u0131lardan g\u00f6n\u00fcll\u00fc olanlara hastal\u0131\u011f\u0131n temel epidemiyolojik, virolojik ve klinik [&hellip;]<\/p>\n","protected":false},"author":0,"featured_media":0,"comment_status":"","ping_status":"","sticky":false,"template":"","format":"standard","meta":{"_acf_changed":false,"footnotes":""},"categories":[5129],"tags":[3882,3788,3675],"class_list":["post-16919","post","type-post","status-publish","format-standard","hentry","category-ozgun-arastirma","tag-bilgi","tag-kirimkongo-kanamali-atesi","tag-saglik-calisanlari"],"acf":[],"_links":{"self":[{"href":"https:\/\/www.klimikdergisi.org\/tr\/wp-json\/wp\/v2\/posts\/16919","targetHints":{"allow":["GET"]}}],"collection":[{"href":"https:\/\/www.klimikdergisi.org\/tr\/wp-json\/wp\/v2\/posts"}],"about":[{"href":"https:\/\/www.klimikdergisi.org\/tr\/wp-json\/wp\/v2\/types\/post"}],"replies":[{"embeddable":true,"href":"https:\/\/www.klimikdergisi.org\/tr\/wp-json\/wp\/v2\/comments?post=16919"}],"version-history":[{"count":0,"href":"https:\/\/www.klimikdergisi.org\/tr\/wp-json\/wp\/v2\/posts\/16919\/revisions"}],"wp:attachment":[{"href":"https:\/\/www.klimikdergisi.org\/tr\/wp-json\/wp\/v2\/media?parent=16919"}],"wp:term":[{"taxonomy":"category","embeddable":true,"href":"https:\/\/www.klimikdergisi.org\/tr\/wp-json\/wp\/v2\/categories?post=16919"},{"taxonomy":"post_tag","embeddable":true,"href":"https:\/\/www.klimikdergisi.org\/tr\/wp-json\/wp\/v2\/tags?post=16919"}],"curies":[{"name":"wp","href":"https:\/\/api.w.org\/{rel}","templated":true}]}}