{"id":16871,"date":"2021-01-05T01:25:38","date_gmt":"2021-01-04T22:25:38","guid":{"rendered":"https:\/\/www.klimikdergisi.org\/\/2021\/01\/05\/mycobacterium-tuberculosis-kompleksi-izolatlarinin-primer-antituberkuloz-ilaclara-direnc-oranlari\/"},"modified":"2021-01-05T01:25:38","modified_gmt":"2021-01-04T22:25:38","slug":"mycobacterium-tuberculosis-kompleksi-izolatlarinin-primer-antituberkuloz-ilaclara-direnc-oranlari","status":"publish","type":"post","link":"https:\/\/www.klimikdergisi.org\/tr\/2021\/01\/05\/mycobacterium-tuberculosis-kompleksi-izolatlarinin-primer-antituberkuloz-ilaclara-direnc-oranlari\/","title":{"rendered":"Mycobacterium tuberculosis Kompleksi \u0130zolatlar\u0131n\u0131n Primer Antit\u00fcberk\u00fcloz \u0130la\u00e7lara Diren\u00e7 Oranlar\u0131"},"content":{"rendered":"<h1>\u00d6zet<\/h1>\n<p> <strong>Ama\u00e7<\/strong>: T\u00fcberk\u00fclozda ila\u00e7 diren\u00e7 s\u00fcrveyans\u0131, t\u00fcberk\u00fcloz kontrol program\u0131n\u0131n \u00f6nemli bir bile\u015fenidir. Bu \u00e7al\u0131\u015fmada, 2007 ve 2008 y\u0131llar\u0131nda laboratuvar\u0131m\u0131zda izole edilen Mycobacterium tuberculosis kompleksi izolatlar\u0131n\u0131n primer antit\u00fcberk\u00fcloz ila\u00e7lara duyarl\u0131l\u0131klar\u0131n\u0131n ara\u015ft\u0131r\u0131lmas\u0131 ve diren\u00e7 paternlerinin belirlenmesi ama\u00e7lanm\u0131\u015ft\u0131r.\u00a0<\/p>\n<p> <strong>Y\u00f6ntemler<\/strong>: T\u00fcberk\u00fcloz k\u00fclt\u00fcr\u00fc ve duyarl\u0131l\u0131k testleri BACTEC MGIT 960 (Becton Dickinson, ABD) sistemi ile, \u00fcretici firman\u0131n \u00f6nerileri do\u011frultusunda ger\u00e7ekle\u015ftirilmi\u015ftir. 2007 y\u0131l\u0131nda 1147 \u00f6rnekten 129 M. tuberculosis izole edilerek \u00e7ift \u00f6rnekler \u00e7\u0131kar\u0131ld\u0131ktan sonra 87\u2019sine duyarl\u0131l\u0131k testi yap\u0131l\u0131rken, 2008\u2019de 1848 \u00f6rnekten \u00a0izole edilen 94 izolat\u0131n 70\u2019ine duyarl\u0131l\u0131k testi uygulanm\u0131\u015ft\u0131r.\u00a0<\/p>\n<p> <strong>Bulgular<\/strong>: M. tuberculosis kompleksi izolatlar\u0131n\u0131n 2007\u2019de %62\u2019si, 2008\u2019de %72\u2019si t\u00fcm primer ila\u00e7lara duyarl\u0131 bulunmu\u015ftur. Tek ilaca diren\u00e7 oran\u0131 %21, \u00e7ok ilaca diren\u00e7 (\u00c7\u0130D) oran\u0131 %5 olarak belirlenmi\u015ftir. Y\u0131llara g\u00f6re diren\u00e7 oranlar\u0131 kar\u015f\u0131la\u015ft\u0131r\u0131ld\u0131\u011f\u0131nda, 2007 ve 2008 y\u0131llar\u0131 aras\u0131nda istatistiksel olarak anlaml\u0131 bir farkl\u0131l\u0131k bulunmam\u0131\u015ft\u0131r (p&lt;0.05).\u00a0<\/p>\n<p> <strong>Sonu\u00e7lar<\/strong>: T\u00fcberk\u00fclozda diren\u00e7 paternlerinin izlenmesi, uygulanacak tedavi protokollerinin belirlenmesinde ve uzun vadede diren\u00e7 geli\u015fiminin \u00f6nlenmesinde yararl\u0131 olacakt\u0131r.\u00a0<\/p>\n","protected":false},"excerpt":{"rendered":"<p>\u00d6zet Ama\u00e7: T\u00fcberk\u00fclozda ila\u00e7 diren\u00e7 s\u00fcrveyans\u0131, t\u00fcberk\u00fcloz kontrol program\u0131n\u0131n \u00f6nemli bir bile\u015fenidir. Bu \u00e7al\u0131\u015fmada, 2007 ve 2008 y\u0131llar\u0131nda laboratuvar\u0131m\u0131zda izole edilen Mycobacterium tuberculosis kompleksi izolatlar\u0131n\u0131n primer antit\u00fcberk\u00fcloz ila\u00e7lara duyarl\u0131l\u0131klar\u0131n\u0131n ara\u015ft\u0131r\u0131lmas\u0131 ve diren\u00e7 paternlerinin belirlenmesi ama\u00e7lanm\u0131\u015ft\u0131r.\u00a0 Y\u00f6ntemler: T\u00fcberk\u00fcloz k\u00fclt\u00fcr\u00fc ve duyarl\u0131l\u0131k testleri BACTEC MGIT 960 (Becton Dickinson, ABD) sistemi ile, \u00fcretici firman\u0131n \u00f6nerileri do\u011frultusunda ger\u00e7ekle\u015ftirilmi\u015ftir. 2007 [&hellip;]<\/p>\n","protected":false},"author":0,"featured_media":0,"comment_status":"","ping_status":"","sticky":false,"template":"","format":"standard","meta":{"_acf_changed":false,"footnotes":""},"categories":[5129],"tags":[3209,3728,2911],"class_list":["post-16871","post","type-post","status-publish","format-standard","hentry","category-ozgun-arastirma","tag-direnc","tag-mycobacterium-tuberculosis","tag-tuberkuloz"],"acf":[],"_links":{"self":[{"href":"https:\/\/www.klimikdergisi.org\/tr\/wp-json\/wp\/v2\/posts\/16871","targetHints":{"allow":["GET"]}}],"collection":[{"href":"https:\/\/www.klimikdergisi.org\/tr\/wp-json\/wp\/v2\/posts"}],"about":[{"href":"https:\/\/www.klimikdergisi.org\/tr\/wp-json\/wp\/v2\/types\/post"}],"replies":[{"embeddable":true,"href":"https:\/\/www.klimikdergisi.org\/tr\/wp-json\/wp\/v2\/comments?post=16871"}],"version-history":[{"count":0,"href":"https:\/\/www.klimikdergisi.org\/tr\/wp-json\/wp\/v2\/posts\/16871\/revisions"}],"wp:attachment":[{"href":"https:\/\/www.klimikdergisi.org\/tr\/wp-json\/wp\/v2\/media?parent=16871"}],"wp:term":[{"taxonomy":"category","embeddable":true,"href":"https:\/\/www.klimikdergisi.org\/tr\/wp-json\/wp\/v2\/categories?post=16871"},{"taxonomy":"post_tag","embeddable":true,"href":"https:\/\/www.klimikdergisi.org\/tr\/wp-json\/wp\/v2\/tags?post=16871"}],"curies":[{"name":"wp","href":"https:\/\/api.w.org\/{rel}","templated":true}]}}