{"id":16859,"date":"2021-01-05T01:25:37","date_gmt":"2021-01-04T22:25:37","guid":{"rendered":"https:\/\/www.klimikdergisi.org\/\/2021\/01\/05\/bir-universite-hastanesi-cerrahi-servislerinde-antibiyotik-kullanimi-ve-maliyeti-bir-gunluk-nokta-prevalansi-calismasi\/"},"modified":"2021-01-05T01:25:37","modified_gmt":"2021-01-04T22:25:37","slug":"bir-universite-hastanesi-cerrahi-servislerinde-antibiyotik-kullanimi-ve-maliyeti-bir-gunluk-nokta-prevalansi-calismasi","status":"publish","type":"post","link":"https:\/\/www.klimikdergisi.org\/tr\/2021\/01\/05\/bir-universite-hastanesi-cerrahi-servislerinde-antibiyotik-kullanimi-ve-maliyeti-bir-gunluk-nokta-prevalansi-calismasi\/","title":{"rendered":"Bir \u00dcniversite Hastanesi Cerrahi Servislerinde Antibiyotik Kullan\u0131m\u0131 ve Maliyeti: Bir G\u00fcnl\u00fck Nokta Prevalans\u0131 \u00c7al\u0131\u015fmas\u0131"},"content":{"rendered":"<h1>\u00d6zet<\/h1>\n<p> <strong>Ama\u00e7<\/strong>: Hastaneye kabul edilen hastalar\u0131n yakla\u015f\u0131k %25-35\u2019inde antibiyotik kullan\u0131lmas\u0131na kar\u015f\u0131n, olgular\u0131n %40-50\u2019sinde yanl\u0131\u015f kullan\u0131ld\u0131\u011f\u0131 \u00e7e\u015fitli \u00e7al\u0131\u015fmalarla g\u00f6sterilmi\u015ftir.\u00a0<\/p>\n<p> <strong>Y\u00f6ntemler<\/strong>: Bu \u00e7al\u0131\u015fmada hastanemizde cerrahi servislerinde yatan hastalarda bir i\u015f g\u00fcn\u00fcnde nokta prevalans\u0131 y\u00f6ntemiyle antibiyotik kullan\u0131m e\u011filimleri ve uygun olmayan kullan\u0131m\u0131n maliyeti ara\u015ft\u0131r\u0131lm\u0131\u015ft\u0131r.\u00a0<\/p>\n<p> <strong>Bulgular<\/strong>: \u00c7al\u0131\u015fma g\u00fcn\u00fc hastanemiz cerrahi servislerinde 70 hasta yat\u0131yordu ve hastalar\u0131n 38\u2019i (%54.3) antibiyotik kullanmakta idi. Antibiyotik kullanmakta olan hastalar\u0131n sadece 12\u2019sinin (%32) uygun antibiyotik ald\u0131\u011f\u0131 saptand\u0131. En s\u0131k hatal\u0131 kullan\u0131m nedeni profilaksi amac\u0131yla ba\u015flanan antibiyoti\u011fin uygulanmas\u0131n\u0131n devam edilmesiydi (%50). En s\u0131k re\u00e7etelenen antibiyotik sefazolin sodyum (n=23, %60), ikinci ise ampisilin\/sulbaktamd\u0131 (n=8, %21). Ara\u015ft\u0131rma g\u00fcn\u00fc hastalar\u0131n toplam antibiyotik tedavi maliyeti 955.46 TL (hasta ba\u015f\u0131na 13.65 TL) idi ve bunun 327.98 TL (hasta ba\u015f\u0131na 4.68 TL) uygun olmayan antibiyotik kullan\u0131m\u0131 nedeniyle yap\u0131lm\u0131\u015ft\u0131.\u00a0<\/p>\n<p> <strong>Sonu\u00e7lar<\/strong>: Hastanemizde uygun antibiyotik kullan\u0131m oran\u0131n\u0131n olduk\u00e7a d\u00fc\u015f\u00fck, buna ba\u011fl\u0131 olarak da olu\u015fan maliyetin y\u00fcksek oldu\u011fu dikkati \u00e7ekmi\u015ftir. Yap\u0131lan hatan\u0131n \u00f6nemli b\u00f6l\u00fcm\u00fcn\u00fcn profilaktik antibiyotik kullan\u0131m\u0131na ba\u011fl\u0131 oldu\u011fu saptand\u0131\u011f\u0131ndan bu konuda hizmet i\u00e7i e\u011fitim program\u0131 yap\u0131lmas\u0131 gerekti\u011fi karar\u0131na var\u0131lm\u0131\u015ft\u0131r.<\/p>\n","protected":false},"excerpt":{"rendered":"<p>\u00d6zet Ama\u00e7: Hastaneye kabul edilen hastalar\u0131n yakla\u015f\u0131k %25-35\u2019inde antibiyotik kullan\u0131lmas\u0131na kar\u015f\u0131n, olgular\u0131n %40-50\u2019sinde yanl\u0131\u015f kullan\u0131ld\u0131\u011f\u0131 \u00e7e\u015fitli \u00e7al\u0131\u015fmalarla g\u00f6sterilmi\u015ftir.\u00a0 Y\u00f6ntemler: Bu \u00e7al\u0131\u015fmada hastanemizde cerrahi servislerinde yatan hastalarda bir i\u015f g\u00fcn\u00fcnde nokta prevalans\u0131 y\u00f6ntemiyle antibiyotik kullan\u0131m e\u011filimleri ve uygun olmayan kullan\u0131m\u0131n maliyeti ara\u015ft\u0131r\u0131lm\u0131\u015ft\u0131r.\u00a0 Bulgular: \u00c7al\u0131\u015fma g\u00fcn\u00fc hastanemiz cerrahi servislerinde 70 hasta yat\u0131yordu ve hastalar\u0131n 38\u2019i (%54.3) antibiyotik [&hellip;]<\/p>\n","protected":false},"author":0,"featured_media":0,"comment_status":"","ping_status":"","sticky":false,"template":"","format":"standard","meta":{"_acf_changed":false,"footnotes":""},"categories":[5129],"tags":[3649,3908],"class_list":["post-16859","post","type-post","status-publish","format-standard","hentry","category-ozgun-arastirma","tag-antibiyotik-kullanimi","tag-uygun-kullanim"],"acf":[],"_links":{"self":[{"href":"https:\/\/www.klimikdergisi.org\/tr\/wp-json\/wp\/v2\/posts\/16859","targetHints":{"allow":["GET"]}}],"collection":[{"href":"https:\/\/www.klimikdergisi.org\/tr\/wp-json\/wp\/v2\/posts"}],"about":[{"href":"https:\/\/www.klimikdergisi.org\/tr\/wp-json\/wp\/v2\/types\/post"}],"replies":[{"embeddable":true,"href":"https:\/\/www.klimikdergisi.org\/tr\/wp-json\/wp\/v2\/comments?post=16859"}],"version-history":[{"count":0,"href":"https:\/\/www.klimikdergisi.org\/tr\/wp-json\/wp\/v2\/posts\/16859\/revisions"}],"wp:attachment":[{"href":"https:\/\/www.klimikdergisi.org\/tr\/wp-json\/wp\/v2\/media?parent=16859"}],"wp:term":[{"taxonomy":"category","embeddable":true,"href":"https:\/\/www.klimikdergisi.org\/tr\/wp-json\/wp\/v2\/categories?post=16859"},{"taxonomy":"post_tag","embeddable":true,"href":"https:\/\/www.klimikdergisi.org\/tr\/wp-json\/wp\/v2\/tags?post=16859"}],"curies":[{"name":"wp","href":"https:\/\/api.w.org\/{rel}","templated":true}]}}