{"id":16853,"date":"2021-01-05T01:25:37","date_gmt":"2021-01-04T22:25:37","guid":{"rendered":"https:\/\/www.klimikdergisi.org\/\/2021\/01\/05\/dunyada-ve-ulkemizde-hepatit-c-epidemiyolojisi\/"},"modified":"2021-01-05T01:25:37","modified_gmt":"2021-01-04T22:25:37","slug":"dunyada-ve-ulkemizde-hepatit-c-epidemiyolojisi","status":"publish","type":"post","link":"https:\/\/www.klimikdergisi.org\/tr\/2021\/01\/05\/dunyada-ve-ulkemizde-hepatit-c-epidemiyolojisi\/","title":{"rendered":"D\u00fcnyada ve \u00dclkemizde Hepatit C Epidemiyolojisi"},"content":{"rendered":"<h1>\u00d6zet<\/h1>\n<p> Hepatit C, kronik karaci\u011fer hastal\u0131\u011f\u0131, siroz ve hepatosell\u00fcler karsinomaya yol a\u00e7abilen \u00f6nemli bir infeksiyon hastal\u0131\u011f\u0131d\u0131r. D\u00fcnyada 130-170 milyon ki\u015finin hepatit C virusu (HCV) ile infekte oldu\u011fu tahmin edilmektedir. Hepatit C prevalans\u0131 ve bula\u015fma yollar\u0131 \u00fclkeler ve b\u00f6lgeler aras\u0131nda de\u011fi\u015fkenlik g\u00f6sterir. \u00dclkemiz d\u00fcnya haritas\u0131nda prevalans\u0131 %1-1.9 aras\u0131nda olan dilim i\u00e7inde yer al\u0131r. Gelecekte, HCV\u2019ye ba\u011fl\u0131 kronik karaci\u011fer hastal\u0131\u011f\u0131 gibi komplikasyonlar\u0131n, toplumu ne d\u00fczeyde etkileyece\u011finin belirlenebilmesi i\u00e7in HCV insidans\u0131ndaki de\u011fi\u015fimlerin bilinmesi ve izlenmesi gerekir, bunun i\u00e7in de en uygunu ya\u015fa spesifik prevalans oranlar\u0131n\u0131n de\u011ferlendirilmesidir. \u00dclkemizde kan transf\u00fczyonu, g\u00fcvenli olmayan injeksiyon ama en \u00f6nemlisi gerek hastane i\u00e7inde gerekse hastane d\u0131\u015f\u0131nda uygulanan t\u0131bbi i\u015flemler s\u0131ras\u0131nda temizlik ve dezenfeksiyona \u00f6zen g\u00f6sterilmemesi HCV\u2019nin yay\u0131l\u0131m\u0131ndaki en \u00f6nemli unsurlard\u0131r. \u00dclkemizde \u015fu andaki HCV\u2019ye ba\u011fl\u0131 kronik karaci\u011fer hastal\u0131\u011f\u0131 sorunu, ge\u00e7mi\u015f y\u0131llardaki yayg\u0131n bula\u015fmalar\u0131n sonucudur ve olduk\u00e7a \u00f6nemli boyuttad\u0131r; ancak gerekli \u00f6nlemler al\u0131nmazsa gelecekte de sorun olmaya devam edecektir.<\/p>\n","protected":false},"excerpt":{"rendered":"<p>\u00d6zet Hepatit C, kronik karaci\u011fer hastal\u0131\u011f\u0131, siroz ve hepatosell\u00fcler karsinomaya yol a\u00e7abilen \u00f6nemli bir infeksiyon hastal\u0131\u011f\u0131d\u0131r. D\u00fcnyada 130-170 milyon ki\u015finin hepatit C virusu (HCV) ile infekte oldu\u011fu tahmin edilmektedir. Hepatit C prevalans\u0131 ve bula\u015fma yollar\u0131 \u00fclkeler ve b\u00f6lgeler aras\u0131nda de\u011fi\u015fkenlik g\u00f6sterir. \u00dclkemiz d\u00fcnya haritas\u0131nda prevalans\u0131 %1-1.9 aras\u0131nda olan dilim i\u00e7inde yer al\u0131r. Gelecekte, HCV\u2019ye ba\u011fl\u0131 [&hellip;]<\/p>\n","protected":false},"author":0,"featured_media":0,"comment_status":"","ping_status":"","sticky":false,"template":"","format":"standard","meta":{"_acf_changed":false,"footnotes":""},"categories":[5127],"tags":[3910,2660,2580,3132,3474],"class_list":["post-16853","post","type-post","status-publish","format-standard","hentry","category-derleme","tag-bulasma","tag-epidemiyoloji","tag-hepatit-c-virusu","tag-prevalans","tag-risk-faktorleri"],"acf":[],"_links":{"self":[{"href":"https:\/\/www.klimikdergisi.org\/tr\/wp-json\/wp\/v2\/posts\/16853","targetHints":{"allow":["GET"]}}],"collection":[{"href":"https:\/\/www.klimikdergisi.org\/tr\/wp-json\/wp\/v2\/posts"}],"about":[{"href":"https:\/\/www.klimikdergisi.org\/tr\/wp-json\/wp\/v2\/types\/post"}],"replies":[{"embeddable":true,"href":"https:\/\/www.klimikdergisi.org\/tr\/wp-json\/wp\/v2\/comments?post=16853"}],"version-history":[{"count":0,"href":"https:\/\/www.klimikdergisi.org\/tr\/wp-json\/wp\/v2\/posts\/16853\/revisions"}],"wp:attachment":[{"href":"https:\/\/www.klimikdergisi.org\/tr\/wp-json\/wp\/v2\/media?parent=16853"}],"wp:term":[{"taxonomy":"category","embeddable":true,"href":"https:\/\/www.klimikdergisi.org\/tr\/wp-json\/wp\/v2\/categories?post=16853"},{"taxonomy":"post_tag","embeddable":true,"href":"https:\/\/www.klimikdergisi.org\/tr\/wp-json\/wp\/v2\/tags?post=16853"}],"curies":[{"name":"wp","href":"https:\/\/api.w.org\/{rel}","templated":true}]}}