{"id":16811,"date":"2021-01-05T01:25:34","date_gmt":"2021-01-04T22:25:34","guid":{"rendered":"https:\/\/www.klimikdergisi.org\/\/2021\/01\/05\/kronik-viral-hepatit-olgularinda-total-oksidatif-seviye-ve-total-antioksidan-kapasitenin-degerlendirilmesi\/"},"modified":"2021-01-05T01:25:34","modified_gmt":"2021-01-04T22:25:34","slug":"kronik-viral-hepatit-olgularinda-total-oksidatif-seviye-ve-total-antioksidan-kapasitenin-degerlendirilmesi","status":"publish","type":"post","link":"https:\/\/www.klimikdergisi.org\/tr\/2021\/01\/05\/kronik-viral-hepatit-olgularinda-total-oksidatif-seviye-ve-total-antioksidan-kapasitenin-degerlendirilmesi\/","title":{"rendered":"Kronik Viral Hepatit Olgular\u0131nda Total Oksidatif Seviye ve Total Antioksidan Kapasitenin De\u011ferlendirilmesi"},"content":{"rendered":"<h1>\u00d6zet<\/h1>\n<p> <strong>Ama\u00e7<\/strong>: Oksidatif stres, v\u00fccudun antioksidan savunmas\u0131yla h\u00fccrelerin serbest radikal \u00fcretimi aras\u0131ndaki dengesizlik olarak tan\u0131mlan\u0131r. Kronik viral hepatit (KVH) olgular\u0131nda total antioksidan kapasite (TAK) ve total oksidatif seviyenin (TOS) hastal\u0131\u011f\u0131n \u015fiddetiyle ili\u015fkisini ve bu maddelerin tedaviye yan\u0131t\u0131n izlenmesinde g\u00fcvenilir bir parametre olarak kullan\u0131labilirli\u011fini ara\u015ft\u0131rmak istedik.\u00a0<\/p>\n<p> <strong>Y\u00f6ntemler<\/strong>: Bu \u00e7al\u0131\u015fmaya Ocak 2004-Mart 2006 tarihleri aras\u0131nda, KVH tan\u0131s\u0131 alan 73 olgu al\u0131nd\u0131. Hastalar\u0131n ya\u015flar\u0131 15-70 aras\u0131 de\u011fi\u015fmekteydi. KVH tan\u0131s\u0131, klinik, serolojik ve biyokimyasal olarak konuldu. Olgular iki gruba ayr\u0131ld\u0131: Grup 1, HBsAg-pozitif ya da anti-HCV-pozitif olan ama HBV DNA ya da HCV RNA-negatif olan olgular ve Grup 2, kan\u0131tlanm\u0131\u015f KVH olgular\u0131. T\u00fcm olgular\u0131n serumlar\u0131nda TAK, lipid hidroperoksid (LOOH) ve TOS, Erel y\u00f6ntemine g\u00f6re \u00e7al\u0131\u015f\u0131larak \u03c72 y\u00f6ntemiyle istatistiksel olarak incelendi.<\/p>\n<p> <strong>Bulgular<\/strong>: TAK, LOOH ve TOL de\u011ferleri aras\u0131ndaki fark iki grup aras\u0131nda istatistiksel olarak anlaml\u0131 bulundu. Ortalama TAK de\u011feri s\u0131ras\u0131yla Grup 1 hastalar\u0131nda 1.8\u00b10.5 mmol Trolox-Eqv.\/lt iken, Grup 2\u2019de 1.0\u00b10.15 mmol Trolox-Eqv.\/lt (p=0.0001); LOOH Grup 1\u2019de 5.3\u00b12.8 \u00b5mol H202 iken, Grup 2\u2019de10.6\u00b110.1 \u00b5mol H202 (p=0.002) ve TOS de\u011feri Grup 1\u2019de 10.2\u00b15.9 \u00b5mol H2O2 Eqv.\/lt iken, Grup 2\u2019de 18.5\u00b116.6 \u00b5mol H2O2 Eqv.\/lt olarak (p=0.004) bulundu.\u00a0<\/p>\n<p> <strong>Sonu\u00e7lar<\/strong>: Grup 1 olgular\u0131nda Grup 2 hastalar\u0131na oranla \u00a0TAK y\u00fcksek, TOS ve LOOH de\u011feri d\u00fc\u015f\u00fck bulundu. Kronik hepatitlerin izleminde TAK, TOS ve LOOH hastal\u0131\u011f\u0131n aktifle\u015fme i\u015faretleyicileri olarak kullan\u0131labilir.<\/p>\n","protected":false},"excerpt":{"rendered":"<p>\u00d6zet Ama\u00e7: Oksidatif stres, v\u00fccudun antioksidan savunmas\u0131yla h\u00fccrelerin serbest radikal \u00fcretimi aras\u0131ndaki dengesizlik olarak tan\u0131mlan\u0131r. Kronik viral hepatit (KVH) olgular\u0131nda total antioksidan kapasite (TAK) ve total oksidatif seviyenin (TOS) hastal\u0131\u011f\u0131n \u015fiddetiyle ili\u015fkisini ve bu maddelerin tedaviye yan\u0131t\u0131n izlenmesinde g\u00fcvenilir bir parametre olarak kullan\u0131labilirli\u011fini ara\u015ft\u0131rmak istedik.\u00a0 Y\u00f6ntemler: Bu \u00e7al\u0131\u015fmaya Ocak 2004-Mart 2006 tarihleri aras\u0131nda, KVH tan\u0131s\u0131 [&hellip;]<\/p>\n","protected":false},"author":0,"featured_media":0,"comment_status":"","ping_status":"","sticky":false,"template":"","format":"standard","meta":{"_acf_changed":false,"footnotes":""},"categories":[5129],"tags":[3449,3917,3919],"class_list":["post-16811","post","type-post","status-publish","format-standard","hentry","category-ozgun-arastirma","tag-kronik-viral-hepatit","tag-total-antioksidan-kapasite","tag-total-oksidatif-seviye"],"acf":[],"_links":{"self":[{"href":"https:\/\/www.klimikdergisi.org\/tr\/wp-json\/wp\/v2\/posts\/16811","targetHints":{"allow":["GET"]}}],"collection":[{"href":"https:\/\/www.klimikdergisi.org\/tr\/wp-json\/wp\/v2\/posts"}],"about":[{"href":"https:\/\/www.klimikdergisi.org\/tr\/wp-json\/wp\/v2\/types\/post"}],"replies":[{"embeddable":true,"href":"https:\/\/www.klimikdergisi.org\/tr\/wp-json\/wp\/v2\/comments?post=16811"}],"version-history":[{"count":0,"href":"https:\/\/www.klimikdergisi.org\/tr\/wp-json\/wp\/v2\/posts\/16811\/revisions"}],"wp:attachment":[{"href":"https:\/\/www.klimikdergisi.org\/tr\/wp-json\/wp\/v2\/media?parent=16811"}],"wp:term":[{"taxonomy":"category","embeddable":true,"href":"https:\/\/www.klimikdergisi.org\/tr\/wp-json\/wp\/v2\/categories?post=16811"},{"taxonomy":"post_tag","embeddable":true,"href":"https:\/\/www.klimikdergisi.org\/tr\/wp-json\/wp\/v2\/tags?post=16811"}],"curies":[{"name":"wp","href":"https:\/\/api.w.org\/{rel}","templated":true}]}}