{"id":16775,"date":"2021-01-05T01:25:31","date_gmt":"2021-01-04T22:25:31","guid":{"rendered":"https:\/\/www.klimikdergisi.org\/\/2021\/01\/05\/intramuskuler-injeksiyon-sonrasi-gelisen-nekrotizan-fasiit-olgusu-ve-literaturun-irdelenmesi\/"},"modified":"2021-01-05T01:25:31","modified_gmt":"2021-01-04T22:25:31","slug":"intramuskuler-injeksiyon-sonrasi-gelisen-nekrotizan-fasiit-olgusu-ve-literaturun-irdelenmesi","status":"publish","type":"post","link":"https:\/\/www.klimikdergisi.org\/tr\/2021\/01\/05\/intramuskuler-injeksiyon-sonrasi-gelisen-nekrotizan-fasiit-olgusu-ve-literaturun-irdelenmesi\/","title":{"rendered":"\u0130ntram\u00fcsk\u00fcler \u0130njeksiyon Sonras\u0131 Geli\u015fen Nekrotizan Fasiit Olgusu ve Literat\u00fcr\u00fcn \u0130rdelenmesi"},"content":{"rendered":"<h1>\u00d6zet<\/h1>\n<p> Nekrotizan fasiit, deri, subk\u00fctan dokular ve fasyalar\u0131n ilerleyici nekrozu ile karakterize, ya\u015fam\u0131 tehdit eden bir yumu\u015fak doku infeksiyonudur. Yirmi \u00fc\u00e7 ya\u015f\u0131ndaki kad\u0131n hasta sol uylu\u011funda 15 g\u00fcn \u00f6nce ba\u015flayan a\u011fr\u0131 ve k\u0131zar\u0131kl\u0131k \u015fikayeti ile klini\u011fimize ba\u015fvurdu. Fizik muayenede sol uylukta \u015fi\u015flik, \u0131s\u0131 art\u0131\u015f\u0131, k\u0131zar\u0131kl\u0131k ve pasif hareketlerle a\u011fr\u0131 mevcuttu. \u0130zleminde etkilenen b\u00f6lge \u00fczerinde ekimotik-b\u00fcll\u00f6z lezyonlar olu\u015ftu ve bu lezyonlar perineal b\u00f6lgeye kadar yay\u0131ld\u0131. Uygun antibiyotik ve destek tedavisine ra\u011fmen lezyonlar h\u0131zla ilerledi ve hastaya cerrahi debridman yap\u0131ld\u0131. Hastan\u0131n kan ve derin yara k\u00fclt\u00fcr\u00fcnden Staphylococcus aureus \u00fcredi. Klinik olarak olay\u0131n fark\u0131na varmak suretiyle erken tan\u0131, etkin cerrahi debridman ve yo\u011fun bak\u0131m deste\u011fi ile morbidite ve mortalitenin azalt\u0131lmas\u0131 m\u00fcmk\u00fcnd\u00fcr. Bu olguda, herhangi bir hastal\u0131\u011fa haz\u0131rlay\u0131c\u0131 etmenin olmad\u0131\u011f\u0131 bir nekrotizan fasiit olgusuna ait g\u00f6zlemlerimiz ve uygulanan tedaviler literat\u00fcr verileri e\u015fli\u011finde sunulmu\u015ftur.\u00a0<\/p>\n","protected":false},"excerpt":{"rendered":"<p>\u00d6zet Nekrotizan fasiit, deri, subk\u00fctan dokular ve fasyalar\u0131n ilerleyici nekrozu ile karakterize, ya\u015fam\u0131 tehdit eden bir yumu\u015fak doku infeksiyonudur. Yirmi \u00fc\u00e7 ya\u015f\u0131ndaki kad\u0131n hasta sol uylu\u011funda 15 g\u00fcn \u00f6nce ba\u015flayan a\u011fr\u0131 ve k\u0131zar\u0131kl\u0131k \u015fikayeti ile klini\u011fimize ba\u015fvurdu. Fizik muayenede sol uylukta \u015fi\u015flik, \u0131s\u0131 art\u0131\u015f\u0131, k\u0131zar\u0131kl\u0131k ve pasif hareketlerle a\u011fr\u0131 mevcuttu. \u0130zleminde etkilenen b\u00f6lge \u00fczerinde ekimotik-b\u00fcll\u00f6z [&hellip;]<\/p>\n","protected":false},"author":0,"featured_media":0,"comment_status":"","ping_status":"","sticky":false,"template":"","format":"standard","meta":{"_acf_changed":false,"footnotes":""},"categories":[5131],"tags":[3379,3932,3372,3716],"class_list":["post-16775","post","type-post","status-publish","format-standard","hentry","category-olgu-sunumu","tag-eriskin","tag-nekrotizan-fasiit","tag-prognoz","tag-tani"],"acf":[],"_links":{"self":[{"href":"https:\/\/www.klimikdergisi.org\/tr\/wp-json\/wp\/v2\/posts\/16775","targetHints":{"allow":["GET"]}}],"collection":[{"href":"https:\/\/www.klimikdergisi.org\/tr\/wp-json\/wp\/v2\/posts"}],"about":[{"href":"https:\/\/www.klimikdergisi.org\/tr\/wp-json\/wp\/v2\/types\/post"}],"replies":[{"embeddable":true,"href":"https:\/\/www.klimikdergisi.org\/tr\/wp-json\/wp\/v2\/comments?post=16775"}],"version-history":[{"count":0,"href":"https:\/\/www.klimikdergisi.org\/tr\/wp-json\/wp\/v2\/posts\/16775\/revisions"}],"wp:attachment":[{"href":"https:\/\/www.klimikdergisi.org\/tr\/wp-json\/wp\/v2\/media?parent=16775"}],"wp:term":[{"taxonomy":"category","embeddable":true,"href":"https:\/\/www.klimikdergisi.org\/tr\/wp-json\/wp\/v2\/categories?post=16775"},{"taxonomy":"post_tag","embeddable":true,"href":"https:\/\/www.klimikdergisi.org\/tr\/wp-json\/wp\/v2\/tags?post=16775"}],"curies":[{"name":"wp","href":"https:\/\/api.w.org\/{rel}","templated":true}]}}