{"id":16745,"date":"2021-01-05T01:25:29","date_gmt":"2021-01-04T22:25:29","guid":{"rendered":"https:\/\/www.klimikdergisi.org\/\/2021\/01\/05\/brucella-epididimoorsiti-bes-olgu-sunumu\/"},"modified":"2021-01-05T01:25:29","modified_gmt":"2021-01-04T22:25:29","slug":"brucella-epididimoorsiti-bes-olgu-sunumu","status":"publish","type":"post","link":"https:\/\/www.klimikdergisi.org\/tr\/2021\/01\/05\/brucella-epididimoorsiti-bes-olgu-sunumu\/","title":{"rendered":"Brucella Epididimoor\u015fiti: Be\u015f Olgu Sunumu"},"content":{"rendered":"<h1>\u00d6zet<\/h1>\n<p> Brucella t\u00fcrlerinin neden oldu\u011fu epididimoor\u015fit nadir bir infeksiyondur. Bu makalede bruselloza ba\u011fl\u0131 geli\u015fen be\u015f epididimoor\u015fit olgusunun klinik ve laboratuvar bulgular\u0131 sunulmu\u015ftur. T\u00fcm olgularda ate\u015f, testis a\u011fr\u0131s\u0131 ve \u015fi\u015fli\u011fi vard\u0131. Hastalar\u0131n yak\u0131nmalar\u0131n\u0131n s\u00fcresi 10-21 g\u00fcn aras\u0131nda de\u011fi\u015fmekteydi. Hastalar\u0131n hepsinde tek yanl\u0131 epididimoor\u015fit vard\u0131. Bruselloz tan\u0131s\u0131 t\u00fcm olgularda serolojik olarak konuldu. Bir hastada kan k\u00fclt\u00fcr\u00fcnden Brucella melitensis izole edildi. D\u00f6rt olgu rifampisin ve doksisiklin tedavisi ile iyile\u015fti, olgulardan biri ise streptomisin ve doksisiklin ile tedavi edildi. T\u00fcm olgularda medikal tedavi ile tam iyile\u015fme sa\u011fland\u0131 ve relaps izlenmedi. Endemik b\u00f6lgelerde epididimoor\u015fitle ba\u015fvuran hastalarda bruselloz ay\u0131r\u0131c\u0131 tan\u0131da g\u00f6z \u00f6n\u00fcnde bulundurulmal\u0131d\u0131r.<\/p>\n","protected":false},"excerpt":{"rendered":"<p>\u00d6zet Brucella t\u00fcrlerinin neden oldu\u011fu epididimoor\u015fit nadir bir infeksiyondur. Bu makalede bruselloza ba\u011fl\u0131 geli\u015fen be\u015f epididimoor\u015fit olgusunun klinik ve laboratuvar bulgular\u0131 sunulmu\u015ftur. T\u00fcm olgularda ate\u015f, testis a\u011fr\u0131s\u0131 ve \u015fi\u015fli\u011fi vard\u0131. Hastalar\u0131n yak\u0131nmalar\u0131n\u0131n s\u00fcresi 10-21 g\u00fcn aras\u0131nda de\u011fi\u015fmekteydi. Hastalar\u0131n hepsinde tek yanl\u0131 epididimoor\u015fit vard\u0131. Bruselloz tan\u0131s\u0131 t\u00fcm olgularda serolojik olarak konuldu. Bir hastada kan k\u00fclt\u00fcr\u00fcnden Brucella [&hellip;]<\/p>\n","protected":false},"author":0,"featured_media":0,"comment_status":"","ping_status":"","sticky":false,"template":"","format":"standard","meta":{"_acf_changed":false,"footnotes":""},"categories":[5131],"tags":[3939,2821,3003],"class_list":["post-16745","post","type-post","status-publish","format-standard","hentry","category-olgu-sunumu","tag-brucella-melitensis","tag-bruselloz","tag-epididimoorsit"],"acf":[],"_links":{"self":[{"href":"https:\/\/www.klimikdergisi.org\/tr\/wp-json\/wp\/v2\/posts\/16745","targetHints":{"allow":["GET"]}}],"collection":[{"href":"https:\/\/www.klimikdergisi.org\/tr\/wp-json\/wp\/v2\/posts"}],"about":[{"href":"https:\/\/www.klimikdergisi.org\/tr\/wp-json\/wp\/v2\/types\/post"}],"replies":[{"embeddable":true,"href":"https:\/\/www.klimikdergisi.org\/tr\/wp-json\/wp\/v2\/comments?post=16745"}],"version-history":[{"count":0,"href":"https:\/\/www.klimikdergisi.org\/tr\/wp-json\/wp\/v2\/posts\/16745\/revisions"}],"wp:attachment":[{"href":"https:\/\/www.klimikdergisi.org\/tr\/wp-json\/wp\/v2\/media?parent=16745"}],"wp:term":[{"taxonomy":"category","embeddable":true,"href":"https:\/\/www.klimikdergisi.org\/tr\/wp-json\/wp\/v2\/categories?post=16745"},{"taxonomy":"post_tag","embeddable":true,"href":"https:\/\/www.klimikdergisi.org\/tr\/wp-json\/wp\/v2\/tags?post=16745"}],"curies":[{"name":"wp","href":"https:\/\/api.w.org\/{rel}","templated":true}]}}