{"id":16727,"date":"2021-01-05T01:25:27","date_gmt":"2021-01-04T22:25:27","guid":{"rendered":"https:\/\/www.klimikdergisi.org\/\/2021\/01\/05\/pyelonefrit-190-olgunun-retrospektif-analizi\/"},"modified":"2021-01-05T01:25:27","modified_gmt":"2021-01-04T22:25:27","slug":"pyelonefrit-190-olgunun-retrospektif-analizi","status":"publish","type":"post","link":"https:\/\/www.klimikdergisi.org\/tr\/2021\/01\/05\/pyelonefrit-190-olgunun-retrospektif-analizi\/","title":{"rendered":"Pyelonefrit: 190 Olgunun Retrospektif Analizi"},"content":{"rendered":"<h1>\u00d6zet<\/h1>\n<p> <strong>Ama\u00e7<\/strong>: Bu \u00e7al\u0131\u015fmada klini\u011fimizde takip edilen toplum k\u00f6kenli veya ba\u015flang\u0131\u00e7l\u0131 190 pyelonefrit olgusunun epidemiyolojik, klinik ve mikrobiyolojik \u00f6zelliklerinin sunulmas\u0131 ama\u00e7lanm\u0131\u015ft\u0131r.\u00a0<\/p>\n<p> <strong>Y\u00f6ntemler<\/strong>: 1989-2008 y\u0131llar\u0131 aras\u0131nda pyelonefrit tan\u0131s\u0131 ile klini\u011fimizde izlenen 190 eri\u015fkin hasta retrospektif olarak incelenmi\u015ftir.\u00a0<\/p>\n<p> <strong>Bulgular<\/strong>: Olgular\u0131n 75\u2019i (%39.5) erkek ve 115\u2019i (%60.5) kad\u0131nd\u0131 \u00a0ve ya\u015f ortalamas\u0131 55.5 (18-93) y\u0131l olarak bulundu. Toplam 55 (%28.9) hastada son bir y\u0131l i\u00e7inde \u00fcriner infeksiyon ge\u00e7irme \u00f6yk\u00fcs\u00fc vard\u0131. Toplam 190 olgunun 137\u2019sinde (%72.1) komplike edici fakt\u00f6r mevcuttu. 119 (%62.6) hastan\u0131n idrar k\u00fclt\u00fcr\u00fcnde Escherichia coli \u00fcredi. Bu su\u015flar i\u00e7inde geni\u015flemi\u015f spektrumlu \u03b2-laktamaz (ESBL) pozitifli\u011fi ise %20 idi. 44 (%23.1) olgunun kan k\u00fclt\u00fcrlerinde \u00fcreme de vard\u0131. Dokuz (%4.7) pyelonefritli olgu kaybedildi.\u00a0<\/p>\n<p> <strong>Sonu\u00e7lar<\/strong>: Pyelonefritlerde \u00a0uygun ampirik tedavi \u015femalar\u0131n\u0131n belirlenmesi a\u00e7\u0131s\u0131ndan lokal epidemiyoloji ve antibiyotik direncinin bilinmesi b\u00fcy\u00fck \u00f6nem ta\u015f\u0131maktad\u0131r. Pyelonefrit d\u00fc\u015f\u00fcn\u00fclen hastalarda ve \u00f6zellikle de kad\u0131n hastalarda, komplike edici fakt\u00f6rlerin ortaya \u00e7\u0131kar\u0131lmas\u0131 i\u00e7in \u00fcst \u00fcriner sistemin ultrasonografik incelemesi yap\u0131lmal\u0131d\u0131r.<\/p>\n","protected":false},"excerpt":{"rendered":"<p>\u00d6zet Ama\u00e7: Bu \u00e7al\u0131\u015fmada klini\u011fimizde takip edilen toplum k\u00f6kenli veya ba\u015flang\u0131\u00e7l\u0131 190 pyelonefrit olgusunun epidemiyolojik, klinik ve mikrobiyolojik \u00f6zelliklerinin sunulmas\u0131 ama\u00e7lanm\u0131\u015ft\u0131r.\u00a0 Y\u00f6ntemler: 1989-2008 y\u0131llar\u0131 aras\u0131nda pyelonefrit tan\u0131s\u0131 ile klini\u011fimizde izlenen 190 eri\u015fkin hasta retrospektif olarak incelenmi\u015ftir.\u00a0 Bulgular: Olgular\u0131n 75\u2019i (%39.5) erkek ve 115\u2019i (%60.5) kad\u0131nd\u0131 \u00a0ve ya\u015f ortalamas\u0131 55.5 (18-93) y\u0131l olarak bulundu. Toplam 55 [&hellip;]<\/p>\n","protected":false},"author":0,"featured_media":0,"comment_status":"","ping_status":"","sticky":false,"template":"","format":"standard","meta":{"_acf_changed":false,"footnotes":""},"categories":[5129],"tags":[3943,3337],"class_list":["post-16727","post","type-post","status-publish","format-standard","hentry","category-ozgun-arastirma","tag-pyelonefrit","tag-uriner-sistem-infeksiyonu"],"acf":[],"_links":{"self":[{"href":"https:\/\/www.klimikdergisi.org\/tr\/wp-json\/wp\/v2\/posts\/16727","targetHints":{"allow":["GET"]}}],"collection":[{"href":"https:\/\/www.klimikdergisi.org\/tr\/wp-json\/wp\/v2\/posts"}],"about":[{"href":"https:\/\/www.klimikdergisi.org\/tr\/wp-json\/wp\/v2\/types\/post"}],"replies":[{"embeddable":true,"href":"https:\/\/www.klimikdergisi.org\/tr\/wp-json\/wp\/v2\/comments?post=16727"}],"version-history":[{"count":0,"href":"https:\/\/www.klimikdergisi.org\/tr\/wp-json\/wp\/v2\/posts\/16727\/revisions"}],"wp:attachment":[{"href":"https:\/\/www.klimikdergisi.org\/tr\/wp-json\/wp\/v2\/media?parent=16727"}],"wp:term":[{"taxonomy":"category","embeddable":true,"href":"https:\/\/www.klimikdergisi.org\/tr\/wp-json\/wp\/v2\/categories?post=16727"},{"taxonomy":"post_tag","embeddable":true,"href":"https:\/\/www.klimikdergisi.org\/tr\/wp-json\/wp\/v2\/tags?post=16727"}],"curies":[{"name":"wp","href":"https:\/\/api.w.org\/{rel}","templated":true}]}}