{"id":16673,"date":"2021-01-05T01:25:24","date_gmt":"2021-01-04T22:25:24","guid":{"rendered":"https:\/\/www.klimikdergisi.org\/\/2021\/01\/05\/tonsillektomize-hastalarda-aktinomikoz-insidansi-115-olgunun-histopatolojik-bulgulari-ve-dil-kokunde-nadir-bir-aktinomikoz-lokalizasyonu\/"},"modified":"2021-01-05T01:25:24","modified_gmt":"2021-01-04T22:25:24","slug":"tonsillektomize-hastalarda-aktinomikoz-insidansi-115-olgunun-histopatolojik-bulgulari-ve-dil-kokunde-nadir-bir-aktinomikoz-lokalizasyonu","status":"publish","type":"post","link":"https:\/\/www.klimikdergisi.org\/tr\/2021\/01\/05\/tonsillektomize-hastalarda-aktinomikoz-insidansi-115-olgunun-histopatolojik-bulgulari-ve-dil-kokunde-nadir-bir-aktinomikoz-lokalizasyonu\/","title":{"rendered":"Tonsillektomize Hastalarda Aktinomikoz \u0130nsidans\u0131: 115 Olgunun Histopatolojik Bulgular\u0131 ve Dil K\u00f6k\u00fcnde Nadir Bir Aktinomikoz Lokalizasyonu"},"content":{"rendered":"<h1>\u00d6zet<\/h1>\n<p> <strong>Ama\u00e7<\/strong>: Bu \u00e7al\u0131\u015fmada 19 y\u0131ll\u0131k s\u00fcre boyunca \u00e7e\u015fitli nedenlerle tonsillektomi yap\u0131lm\u0131\u015f olgularda histopatolojik olarak saptanan aktinomikoz insidans\u0131n\u0131n ara\u015ft\u0131r\u0131lmas\u0131 ve dil k\u00f6k\u00fc gibi nadir g\u00f6r\u00fclen bir lokalizasyonda saptanan bir aktinomikoz olgusu nedeniyle tan\u0131 ve tedavi yakla\u015f\u0131m\u0131m\u0131z\u0131n literat\u00fcr e\u015fli\u011finde g\u00f6zden ge\u00e7irilmesi ama\u00e7lanm\u0131\u015ft\u0131r.\u00a0<\/p>\n<p> <strong>Y\u00f6ntemler<\/strong>: Cumhuriyet \u00dcniversitesi T\u0131p Fak\u00fcltesi Hastanesi Kulak Burun ve Bo\u011faz Hastal\u0131klar\u0131 Anabilim Dal\u0131\u2019nda Ocak 1990-Aral\u0131k 2009 tarihleri aras\u0131nda \u00e7e\u015fitli nedenlerle tonsillektomi ameliyat\u0131 yap\u0131lan 1047 olgu retrospektif olarak incelendi. Tonsil dokusunun makroskopisinde \u015f\u00fcpheli g\u00f6r\u00fcn\u00fcm, tek tarafl\u0131 tonsil hipertrofisi ve klinik olarak malignite \u015f\u00fcphesi olan 115 (%11) olgunun cerrahi materyalleri, histopatolojik olarak de\u011ferlendirildi.<\/p>\n<p> <strong>Bulgular<\/strong>: De\u011ferlendirilen olgular\u0131n 66 (%57.4)\u2019s\u0131 erkek, 49 (%42.6)\u2019u kad\u0131nd\u0131. Patolojik de\u011ferlendirme yap\u0131lan olgular\u0131n 32 (%27.8)\u2019sinde kronik gran\u00fclomat\u00f6z pro\u00e7es ve aktinomiset kolonileri; 83 (%72.2)\u2019\u00fcnde ise kronik iltihabi pro\u00e7es saptand\u0131.<\/p>\n<p> <strong>Sonu\u00e7lar<\/strong>: Hastaya ve devlete getirece\u011fi ekonomik y\u00fcke ra\u011fmen, sadece malignite \u015f\u00fcphesi olan olgularda de\u011fil, tonsillektomi ve adenoidektomi uygulanan t\u00fcm olgularda cerrahi \u00f6rneklerin patolojik incelemelerinin yap\u0131lmas\u0131n\u0131n, hem \u00e7ocukluk ya\u015f grubunda nadir g\u00f6r\u00fclen tonsil kanserlerinin erken tan\u0131s\u0131 ve insidans\u0131n\u0131n belirlenmesinde, hem de kronik tonsillit ve adenoid vejetasyon etyolojisinde aktinomikozun rol\u00fcn\u00fcn belirlenmesinde katk\u0131s\u0131 olaca\u011f\u0131 kan\u0131s\u0131nday\u0131z.<\/p>\n","protected":false},"excerpt":{"rendered":"<p>\u00d6zet Ama\u00e7: Bu \u00e7al\u0131\u015fmada 19 y\u0131ll\u0131k s\u00fcre boyunca \u00e7e\u015fitli nedenlerle tonsillektomi yap\u0131lm\u0131\u015f olgularda histopatolojik olarak saptanan aktinomikoz insidans\u0131n\u0131n ara\u015ft\u0131r\u0131lmas\u0131 ve dil k\u00f6k\u00fc gibi nadir g\u00f6r\u00fclen bir lokalizasyonda saptanan bir aktinomikoz olgusu nedeniyle tan\u0131 ve tedavi yakla\u015f\u0131m\u0131m\u0131z\u0131n literat\u00fcr e\u015fli\u011finde g\u00f6zden ge\u00e7irilmesi ama\u00e7lanm\u0131\u015ft\u0131r.\u00a0 Y\u00f6ntemler: Cumhuriyet \u00dcniversitesi T\u0131p Fak\u00fcltesi Hastanesi Kulak Burun ve Bo\u011faz Hastal\u0131klar\u0131 Anabilim Dal\u0131\u2019nda Ocak [&hellip;]<\/p>\n","protected":false},"author":0,"featured_media":0,"comment_status":"","ping_status":"","sticky":false,"template":"","format":"standard","meta":{"_acf_changed":false,"footnotes":""},"categories":[5129],"tags":[2685,3967,3970,3969,3716],"class_list":["post-16673","post","type-post","status-publish","format-standard","hentry","category-ozgun-arastirma","tag-aktinomikoz","tag-dil-koku-aktinomikozu","tag-histopatolojik-inceleme","tag-insidans","tag-tani"],"acf":[],"_links":{"self":[{"href":"https:\/\/www.klimikdergisi.org\/tr\/wp-json\/wp\/v2\/posts\/16673","targetHints":{"allow":["GET"]}}],"collection":[{"href":"https:\/\/www.klimikdergisi.org\/tr\/wp-json\/wp\/v2\/posts"}],"about":[{"href":"https:\/\/www.klimikdergisi.org\/tr\/wp-json\/wp\/v2\/types\/post"}],"replies":[{"embeddable":true,"href":"https:\/\/www.klimikdergisi.org\/tr\/wp-json\/wp\/v2\/comments?post=16673"}],"version-history":[{"count":0,"href":"https:\/\/www.klimikdergisi.org\/tr\/wp-json\/wp\/v2\/posts\/16673\/revisions"}],"wp:attachment":[{"href":"https:\/\/www.klimikdergisi.org\/tr\/wp-json\/wp\/v2\/media?parent=16673"}],"wp:term":[{"taxonomy":"category","embeddable":true,"href":"https:\/\/www.klimikdergisi.org\/tr\/wp-json\/wp\/v2\/categories?post=16673"},{"taxonomy":"post_tag","embeddable":true,"href":"https:\/\/www.klimikdergisi.org\/tr\/wp-json\/wp\/v2\/tags?post=16673"}],"curies":[{"name":"wp","href":"https:\/\/api.w.org\/{rel}","templated":true}]}}