{"id":16661,"date":"2021-01-05T01:25:23","date_gmt":"2021-01-04T22:25:23","guid":{"rendered":"https:\/\/www.klimikdergisi.org\/\/2021\/01\/05\/akut-brusellozlu-hastalarda-akut-faz-reaktanlarinin-duzeyi\/"},"modified":"2021-01-05T01:25:23","modified_gmt":"2021-01-04T22:25:23","slug":"akut-brusellozlu-hastalarda-akut-faz-reaktanlarinin-duzeyi","status":"publish","type":"post","link":"https:\/\/www.klimikdergisi.org\/tr\/2021\/01\/05\/akut-brusellozlu-hastalarda-akut-faz-reaktanlarinin-duzeyi\/","title":{"rendered":"Akut Brusellozlu Hastalarda Akut Faz Reaktanlar\u0131n\u0131n D\u00fczeyi"},"content":{"rendered":"<h1>\u00d6zet<\/h1>\n<p> <strong>Ama\u00e7<\/strong>: \u0130nfeksiyon, doku hasar\u0131, imm\u00fcnolojik tepkimeler ve inflamatuar s\u00fcre\u00e7 organizmada k\u0131sa s\u00fcrede ortaya \u00e7\u0131kan ve genel olarak akut faz yan\u0131t\u0131 denen sistemik bir yan\u0131ta yol a\u00e7ar. \u00a0Bu \u00e7al\u0131\u015fmada akut brusellozlu hastalarda C-reaktif protein (CRP), ferritin ve fibrinojen gibi akut faz reaktanlar\u0131n\u0131n d\u00fczeyinin saptanmas\u0131 ama\u00e7lanm\u0131\u015ft\u0131r.<\/p>\n<p> <strong>Y\u00f6ntemler<\/strong>: Bu \u00e7al\u0131\u015fma, \u0130nfeksiyon Hastal\u0131klar\u0131 ve N\u00f6roloji Kliniklerinde, Nisan 2007 ve A\u011fustos 2008 tarihleri aras\u0131nda izlenen 48 akut bruselloz olgusu (27 kad\u0131n, 21 erkek) ve 42 sa\u011fl\u0131kl\u0131 (22 kad\u0131n, 20 erkek) ki\u015fiden olu\u015fan kontrol grubuyla yap\u0131lm\u0131\u015ft\u0131r.<\/p>\n<p> <strong>Bulgular<\/strong>: Brusellozlu hastalarda alb\u00fcmin d\u00fczeyleri, kontrol grubuna g\u00f6re istatistiksel olarak daha d\u00fc\u015f\u00fck (p&lt;0.001), CRP ve ferritin d\u00fczeyleri ise daha y\u00fcksek bulunmu\u015ftur (p&lt;0.001 ve p=0.03).<\/p>\n<p> <strong>Sonu\u00e7lar<\/strong>: Akut brusellozlu hastalarda serum CRP ve ferritin d\u00fczeyinin artt\u0131\u011f\u0131, alb\u00fcmin d\u00fczeyinin ise azald\u0131\u011f\u0131 tespit edilmi\u015ftir.<\/p>\n","protected":false},"excerpt":{"rendered":"<p>\u00d6zet Ama\u00e7: \u0130nfeksiyon, doku hasar\u0131, imm\u00fcnolojik tepkimeler ve inflamatuar s\u00fcre\u00e7 organizmada k\u0131sa s\u00fcrede ortaya \u00e7\u0131kan ve genel olarak akut faz yan\u0131t\u0131 denen sistemik bir yan\u0131ta yol a\u00e7ar. \u00a0Bu \u00e7al\u0131\u015fmada akut brusellozlu hastalarda C-reaktif protein (CRP), ferritin ve fibrinojen gibi akut faz reaktanlar\u0131n\u0131n d\u00fczeyinin saptanmas\u0131 ama\u00e7lanm\u0131\u015ft\u0131r. Y\u00f6ntemler: Bu \u00e7al\u0131\u015fma, \u0130nfeksiyon Hastal\u0131klar\u0131 ve N\u00f6roloji Kliniklerinde, Nisan 2007 [&hellip;]<\/p>\n","protected":false},"author":0,"featured_media":0,"comment_status":"","ping_status":"","sticky":false,"template":"","format":"standard","meta":{"_acf_changed":false,"footnotes":""},"categories":[5129],"tags":[3976,2821,3604,3978],"class_list":["post-16661","post","type-post","status-publish","format-standard","hentry","category-ozgun-arastirma","tag-akut-faz-reaktanlari","tag-bruselloz","tag-creaktif-protein","tag-ferritin"],"acf":[],"_links":{"self":[{"href":"https:\/\/www.klimikdergisi.org\/tr\/wp-json\/wp\/v2\/posts\/16661","targetHints":{"allow":["GET"]}}],"collection":[{"href":"https:\/\/www.klimikdergisi.org\/tr\/wp-json\/wp\/v2\/posts"}],"about":[{"href":"https:\/\/www.klimikdergisi.org\/tr\/wp-json\/wp\/v2\/types\/post"}],"replies":[{"embeddable":true,"href":"https:\/\/www.klimikdergisi.org\/tr\/wp-json\/wp\/v2\/comments?post=16661"}],"version-history":[{"count":0,"href":"https:\/\/www.klimikdergisi.org\/tr\/wp-json\/wp\/v2\/posts\/16661\/revisions"}],"wp:attachment":[{"href":"https:\/\/www.klimikdergisi.org\/tr\/wp-json\/wp\/v2\/media?parent=16661"}],"wp:term":[{"taxonomy":"category","embeddable":true,"href":"https:\/\/www.klimikdergisi.org\/tr\/wp-json\/wp\/v2\/categories?post=16661"},{"taxonomy":"post_tag","embeddable":true,"href":"https:\/\/www.klimikdergisi.org\/tr\/wp-json\/wp\/v2\/tags?post=16661"}],"curies":[{"name":"wp","href":"https:\/\/api.w.org\/{rel}","templated":true}]}}