{"id":16553,"date":"2021-01-05T01:25:14","date_gmt":"2021-01-04T22:25:14","guid":{"rendered":"https:\/\/www.klimikdergisi.org\/\/2021\/01\/05\/brusellozlu-78-olgunun-degerlendirilmesi\/"},"modified":"2021-01-05T01:25:14","modified_gmt":"2021-01-04T22:25:14","slug":"brusellozlu-78-olgunun-degerlendirilmesi","status":"publish","type":"post","link":"https:\/\/www.klimikdergisi.org\/tr\/2021\/01\/05\/brusellozlu-78-olgunun-degerlendirilmesi\/","title":{"rendered":"Brusellozlu 78 Olgunun De\u011ferlendirilmesi"},"content":{"rendered":"<h1>\u00d6zet<\/h1>\n<p> <strong>Ama\u00e7<\/strong>: Bruselloz, \u00fclkemizde endemik olarak g\u00f6r\u00fclen zoonotik bir hastal\u0131k olup, bir\u00e7ok sistemi etkileyerek, komplikasyonlara yol a\u00e7abilmektedir. \u0130nfeksiyon s\u0131kl\u0131kla infekte hayvanlar\u0131n past\u00f6rize edilmemi\u015f s\u00fct ve s\u00fct \u00fcr\u00fcnlerinin t\u00fcketimi veya at\u0131klar\u0131 ile insanlara bula\u015f\u0131r. Hastal\u0131k ate\u015f, halsizlik, terleme, i\u015ftahs\u0131zl\u0131k ve eklem a\u011fr\u0131s\u0131 gibi spesifik olmayan semptomlarla karakterizedir. Bu \u00e7al\u0131\u015fman\u0131n amac\u0131 brusellozlu hastalar\u0131n epidemiyolojik, klinik ve laboratuvar bulgular\u0131n\u0131, komplikasyonlar\u0131n\u0131 ve tedavilerini de\u011ferlendirmektir.<\/p>\n<p> <strong>Y\u00f6ntemler<\/strong>: Bu \u00e7al\u0131\u015fmada \u0130nfeksiyon Hastal\u0131klar\u0131 ve N\u00f6roloji Klinikleri\u2019nde, Nisan 2007 ile A\u011fustos 2008 tarihleri aras\u0131nda izlenen 78 bruselloz olgusu geriye d\u00f6n\u00fck olarak de\u011ferlendirildi. Bruselloz tan\u0131s\u0131, klinik bulgularla beraber standard t\u00fcp agl\u00fctinasyon testi (titre \u22651\/160) ile kondu.<\/p>\n<p> <strong>Bulgular<\/strong>: Olgular\u0131n 46 (%59)\u2019s\u0131 kad\u0131n, 32\u2019si erkek olup, ya\u015f ortalamalar\u0131 36.4\u00b114.2 (ya\u015f aral\u0131\u011f\u0131 17-73) y\u0131l idi. Klinik form a\u00e7\u0131s\u0131ndan de\u011ferlendirildi\u011finde olgular\u0131n %79\u2019u akut, %16\u2019s\u0131 subakut ve %5\u2019i kronik idi. En s\u0131k bula\u015fma yolu past\u00f6rize edilmemi\u015f s\u00fct \u00fcr\u00fcnlerinin t\u00fcketimi (%74) idi. Ba\u015fl\u0131ca klinik semptomlar ate\u015f, halsizlik, artralji, myalji ve terleme iken, ate\u015f (%82), hepatomegali (%28) ve splenomegali (%23) en s\u0131k saptanan bulgulard\u0131. Olgular\u0131n 69 (%88)\u2019unda C-reaktif protein y\u00fcksekli\u011fi, 32 (%41)\u2019sinde serum transaminaz y\u00fcksekli\u011fi, 34 (%43)\u2019\u00fcnde anemi ve 4 (%5.2)\u2019\u00fcnde l\u00f6kositoz saptand\u0131. Olgulara \u00fc\u00e7 farkl\u0131 tedavi rejimi uyguland\u0131. En s\u0131k uygulanan doksisiklin+rifampisin kombinasyonuydu. 4 (%5.2) olguda tedavi ba\u015far\u0131s\u0131zl\u0131\u011f\u0131 ve 2 (%2.6) olguda relaps g\u00f6r\u00fcld\u00fc.<\/p>\n<p> <strong>Sonu\u00e7lar<\/strong>: Brusellozun semptom ve bulgular\u0131n\u0131n de\u011fi\u015fkenlik g\u00f6stermesi klinik tan\u0131y\u0131 g\u00fc\u00e7le\u015ftirmekte ve tedaviyi geciktirebilmektedir. Bu nedenle \u00f6zellikle endemik b\u00f6lgelerde ya\u015fayanlarda ate\u015f ve osteoartik\u00fcler semptomlar\u0131n varl\u0131\u011f\u0131nda bruselloz ay\u0131r\u0131c\u0131 tan\u0131da mutlaka akla gelmelidir.<\/p>\n","protected":false},"excerpt":{"rendered":"<p>\u00d6zet Ama\u00e7: Bruselloz, \u00fclkemizde endemik olarak g\u00f6r\u00fclen zoonotik bir hastal\u0131k olup, bir\u00e7ok sistemi etkileyerek, komplikasyonlara yol a\u00e7abilmektedir. \u0130nfeksiyon s\u0131kl\u0131kla infekte hayvanlar\u0131n past\u00f6rize edilmemi\u015f s\u00fct ve s\u00fct \u00fcr\u00fcnlerinin t\u00fcketimi veya at\u0131klar\u0131 ile insanlara bula\u015f\u0131r. Hastal\u0131k ate\u015f, halsizlik, terleme, i\u015ftahs\u0131zl\u0131k ve eklem a\u011fr\u0131s\u0131 gibi spesifik olmayan semptomlarla karakterizedir. Bu \u00e7al\u0131\u015fman\u0131n amac\u0131 brusellozlu hastalar\u0131n epidemiyolojik, klinik ve laboratuvar [&hellip;]<\/p>\n","protected":false},"author":0,"featured_media":0,"comment_status":"","ping_status":"","sticky":false,"template":"","format":"standard","meta":{"_acf_changed":false,"footnotes":""},"categories":[5129],"tags":[2821,2660,4000,3716],"class_list":["post-16553","post","type-post","status-publish","format-standard","hentry","category-ozgun-arastirma","tag-bruselloz","tag-epidemiyoloji","tag-ilac-tedavisi","tag-tani"],"acf":[],"_links":{"self":[{"href":"https:\/\/www.klimikdergisi.org\/tr\/wp-json\/wp\/v2\/posts\/16553","targetHints":{"allow":["GET"]}}],"collection":[{"href":"https:\/\/www.klimikdergisi.org\/tr\/wp-json\/wp\/v2\/posts"}],"about":[{"href":"https:\/\/www.klimikdergisi.org\/tr\/wp-json\/wp\/v2\/types\/post"}],"replies":[{"embeddable":true,"href":"https:\/\/www.klimikdergisi.org\/tr\/wp-json\/wp\/v2\/comments?post=16553"}],"version-history":[{"count":0,"href":"https:\/\/www.klimikdergisi.org\/tr\/wp-json\/wp\/v2\/posts\/16553\/revisions"}],"wp:attachment":[{"href":"https:\/\/www.klimikdergisi.org\/tr\/wp-json\/wp\/v2\/media?parent=16553"}],"wp:term":[{"taxonomy":"category","embeddable":true,"href":"https:\/\/www.klimikdergisi.org\/tr\/wp-json\/wp\/v2\/categories?post=16553"},{"taxonomy":"post_tag","embeddable":true,"href":"https:\/\/www.klimikdergisi.org\/tr\/wp-json\/wp\/v2\/tags?post=16553"}],"curies":[{"name":"wp","href":"https:\/\/api.w.org\/{rel}","templated":true}]}}