{"id":16469,"date":"2021-01-05T01:25:08","date_gmt":"2021-01-04T22:25:08","guid":{"rendered":"https:\/\/www.klimikdergisi.org\/\/2021\/01\/05\/sepsisli-hastalarda-prokalsitoninin-prognostik-degeri\/"},"modified":"2021-01-05T01:25:08","modified_gmt":"2021-01-04T22:25:08","slug":"sepsisli-hastalarda-prokalsitoninin-prognostik-degeri","status":"publish","type":"post","link":"https:\/\/www.klimikdergisi.org\/tr\/2021\/01\/05\/sepsisli-hastalarda-prokalsitoninin-prognostik-degeri\/","title":{"rendered":"Sepsisli Hastalarda Prokalsitoninin Prognostik De\u011feri"},"content":{"rendered":"<h1>\u00d6zet<\/h1>\n<p> <strong>Ama\u00e7<\/strong>: \u00c7al\u0131\u015fmada sepsisli hastalarda farkl\u0131 g\u00fcnlerde \u00f6l\u00e7\u00fclen prokalsitonin (PCT)\u2019in tan\u0131sal ve prognostik de\u011feri ara\u015ft\u0131r\u0131ld\u0131.<\/p>\n<p> <strong>Y\u00f6ntemler<\/strong>: Bu \u00e7al\u0131\u015fmaya yo\u011fun bak\u0131m \u00fcnitelerinde yatan sepsis tan\u0131s\u0131 konulmu\u015f 50 hasta al\u0131nd\u0131. Sepsis tan\u0131s\u0131 alan hastalar\u0131n birinci g\u00fcn antibakteriyel tedavi ba\u015flamadan \u00f6nce ve \u00fc\u00e7\u00fcnc\u00fc ve be\u015finci g\u00fcnlerde serum PCT d\u00fczeyleri \u00f6l\u00e7\u00fcld\u00fc.<\/p>\n<p> <strong>Bulgular<\/strong>: Serum PCT d\u00fczeyi sepsis tan\u0131s\u0131 konulan hastalarda y\u00fcksek olarak bulundu. Sa\u011f kalan hastalarda tekrarlayan \u00f6l\u00e7\u00fcmler aras\u0131nda anlaml\u0131 istatistiksel fark bulundu. Hastalar PCT d\u00fczeylerine g\u00f6re y\u00fcksek riskli ve d\u00fc\u015f\u00fck riskli olarak iki gruba ayr\u0131ld\u0131\u011f\u0131nda, sa\u011f kalan ve \u00f6len hastalar aras\u0131nda istatistiksel fark saptand\u0131. \u00d6zellikle sa\u011f kalan hastalarda birinci ve be\u015finci g\u00fcn \u00f6l\u00e7\u00fclen PCT d\u00fczeyleri aras\u0131nda anlaml\u0131 farkl\u0131l\u0131k bulundu.\u00a0<\/p>\n<p> <strong>Sonu\u00e7lar<\/strong>: \u00c7al\u0131\u015fmam\u0131z\u0131n sonu\u00e7lar\u0131na g\u00f6re PCT sepsisli hastalarda sadece hastal\u0131\u011f\u0131n tan\u0131s\u0131nda de\u011fil, prognozunu belirlemede de kullan\u0131labilir.<\/p>\n","protected":false},"excerpt":{"rendered":"<p>\u00d6zet Ama\u00e7: \u00c7al\u0131\u015fmada sepsisli hastalarda farkl\u0131 g\u00fcnlerde \u00f6l\u00e7\u00fclen prokalsitonin (PCT)\u2019in tan\u0131sal ve prognostik de\u011feri ara\u015ft\u0131r\u0131ld\u0131. Y\u00f6ntemler: Bu \u00e7al\u0131\u015fmaya yo\u011fun bak\u0131m \u00fcnitelerinde yatan sepsis tan\u0131s\u0131 konulmu\u015f 50 hasta al\u0131nd\u0131. Sepsis tan\u0131s\u0131 alan hastalar\u0131n birinci g\u00fcn antibakteriyel tedavi ba\u015flamadan \u00f6nce ve \u00fc\u00e7\u00fcnc\u00fc ve be\u015finci g\u00fcnlerde serum PCT d\u00fczeyleri \u00f6l\u00e7\u00fcld\u00fc. Bulgular: Serum PCT d\u00fczeyi sepsis tan\u0131s\u0131 konulan hastalarda [&hellip;]<\/p>\n","protected":false},"author":0,"featured_media":0,"comment_status":"","ping_status":"","sticky":false,"template":"","format":"standard","meta":{"_acf_changed":false,"footnotes":""},"categories":[5129],"tags":[3369,2691,3691],"class_list":["post-16469","post","type-post","status-publish","format-standard","hentry","category-ozgun-arastirma","tag-prokalsitonin","tag-sepsis","tag-yogun-bakim-uniteleri"],"acf":[],"_links":{"self":[{"href":"https:\/\/www.klimikdergisi.org\/tr\/wp-json\/wp\/v2\/posts\/16469","targetHints":{"allow":["GET"]}}],"collection":[{"href":"https:\/\/www.klimikdergisi.org\/tr\/wp-json\/wp\/v2\/posts"}],"about":[{"href":"https:\/\/www.klimikdergisi.org\/tr\/wp-json\/wp\/v2\/types\/post"}],"replies":[{"embeddable":true,"href":"https:\/\/www.klimikdergisi.org\/tr\/wp-json\/wp\/v2\/comments?post=16469"}],"version-history":[{"count":0,"href":"https:\/\/www.klimikdergisi.org\/tr\/wp-json\/wp\/v2\/posts\/16469\/revisions"}],"wp:attachment":[{"href":"https:\/\/www.klimikdergisi.org\/tr\/wp-json\/wp\/v2\/media?parent=16469"}],"wp:term":[{"taxonomy":"category","embeddable":true,"href":"https:\/\/www.klimikdergisi.org\/tr\/wp-json\/wp\/v2\/categories?post=16469"},{"taxonomy":"post_tag","embeddable":true,"href":"https:\/\/www.klimikdergisi.org\/tr\/wp-json\/wp\/v2\/tags?post=16469"}],"curies":[{"name":"wp","href":"https:\/\/api.w.org\/{rel}","templated":true}]}}