{"id":16433,"date":"2021-01-05T01:25:05","date_gmt":"2021-01-04T22:25:05","guid":{"rendered":"https:\/\/www.klimikdergisi.org\/\/2021\/01\/05\/penisilin-g-ile-tedavi-edilen-abdominal-duvara-invaze-omental-aktinomikoz-bir-olgu-sunumu\/"},"modified":"2021-01-05T01:25:05","modified_gmt":"2021-01-04T22:25:05","slug":"penisilin-g-ile-tedavi-edilen-abdominal-duvara-invaze-omental-aktinomikoz-bir-olgu-sunumu","status":"publish","type":"post","link":"https:\/\/www.klimikdergisi.org\/tr\/2021\/01\/05\/penisilin-g-ile-tedavi-edilen-abdominal-duvara-invaze-omental-aktinomikoz-bir-olgu-sunumu\/","title":{"rendered":"Penisilin G ile Tedavi Edilen Abdominal Duvara \u0130nvaze Omental Aktinomikoz: Bir Olgu Sunumu"},"content":{"rendered":"<h1>\u00d6zet<\/h1>\n<p> Aktinomikoz, seyrek g\u00f6r\u00fclen s\u00fcp\u00fcratif bir infeksiyondur. Actinomyces t\u00fcrleri, genital sistem mukozal y\u00fczeylerinin normal flora elemanlar\u0131 olmakla birlikte, bu mukozal y\u00fczeylerde meydana gelen zedelenmelere ba\u011fl\u0131 olarak f\u0131rsat\u00e7\u0131 infeksiyonlara neden olabilmektedirler. Omentum majus\u2019ta aktinomikoz, \u00e7ok seyrek g\u00f6r\u00fclmekle birlikte, ate\u015f, l\u00f6kositoz ve omental kitlesi olan vakalarda ay\u0131r\u0131c\u0131 tan\u0131da d\u00fc\u015f\u00fcn\u00fclmelidir. Aktinomikoz, yanl\u0131\u015fl\u0131kla malign t\u00fcm\u00f6r tan\u0131s\u0131 alan, te\u015fhisi zor bir hastal\u0131kt\u0131r. Bu olgu sunumunda, abdominal duvarda yerle\u015fimli, yanl\u0131\u015fl\u0131kla t\u00fcm\u00f6r \u00f6n tan\u0131s\u0131 alm\u0131\u015f olan ve cerrahi sonras\u0131 tan\u0131s\u0131 konulan omental aktinomikoz olgusu sunulmu\u015ftur.<\/p>\n","protected":false},"excerpt":{"rendered":"<p>\u00d6zet Aktinomikoz, seyrek g\u00f6r\u00fclen s\u00fcp\u00fcratif bir infeksiyondur. Actinomyces t\u00fcrleri, genital sistem mukozal y\u00fczeylerinin normal flora elemanlar\u0131 olmakla birlikte, bu mukozal y\u00fczeylerde meydana gelen zedelenmelere ba\u011fl\u0131 olarak f\u0131rsat\u00e7\u0131 infeksiyonlara neden olabilmektedirler. Omentum majus\u2019ta aktinomikoz, \u00e7ok seyrek g\u00f6r\u00fclmekle birlikte, ate\u015f, l\u00f6kositoz ve omental kitlesi olan vakalarda ay\u0131r\u0131c\u0131 tan\u0131da d\u00fc\u015f\u00fcn\u00fclmelidir. Aktinomikoz, yanl\u0131\u015fl\u0131kla malign t\u00fcm\u00f6r tan\u0131s\u0131 alan, te\u015fhisi zor [&hellip;]<\/p>\n","protected":false},"author":0,"featured_media":0,"comment_status":"","ping_status":"","sticky":false,"template":"","format":"standard","meta":{"_acf_changed":false,"footnotes":""},"categories":[5131],"tags":[2685,4068,4069],"class_list":["post-16433","post","type-post","status-publish","format-standard","hentry","category-olgu-sunumu","tag-aktinomikoz","tag-omentum","tag-penisilin-g"],"acf":[],"_links":{"self":[{"href":"https:\/\/www.klimikdergisi.org\/tr\/wp-json\/wp\/v2\/posts\/16433","targetHints":{"allow":["GET"]}}],"collection":[{"href":"https:\/\/www.klimikdergisi.org\/tr\/wp-json\/wp\/v2\/posts"}],"about":[{"href":"https:\/\/www.klimikdergisi.org\/tr\/wp-json\/wp\/v2\/types\/post"}],"replies":[{"embeddable":true,"href":"https:\/\/www.klimikdergisi.org\/tr\/wp-json\/wp\/v2\/comments?post=16433"}],"version-history":[{"count":0,"href":"https:\/\/www.klimikdergisi.org\/tr\/wp-json\/wp\/v2\/posts\/16433\/revisions"}],"wp:attachment":[{"href":"https:\/\/www.klimikdergisi.org\/tr\/wp-json\/wp\/v2\/media?parent=16433"}],"wp:term":[{"taxonomy":"category","embeddable":true,"href":"https:\/\/www.klimikdergisi.org\/tr\/wp-json\/wp\/v2\/categories?post=16433"},{"taxonomy":"post_tag","embeddable":true,"href":"https:\/\/www.klimikdergisi.org\/tr\/wp-json\/wp\/v2\/tags?post=16433"}],"curies":[{"name":"wp","href":"https:\/\/api.w.org\/{rel}","templated":true}]}}