{"id":16391,"date":"2021-01-05T01:25:02","date_gmt":"2021-01-04T22:25:02","guid":{"rendered":"https:\/\/www.klimikdergisi.org\/\/2021\/01\/05\/hastanede-yatan-hastalarin-alt-solunum-yolu-orneklerinden-izole-edilen-gram-negatif-bakterilerde-antimikrobiyal-direnc\/"},"modified":"2021-01-05T01:25:02","modified_gmt":"2021-01-04T22:25:02","slug":"hastanede-yatan-hastalarin-alt-solunum-yolu-orneklerinden-izole-edilen-gram-negatif-bakterilerde-antimikrobiyal-direnc","status":"publish","type":"post","link":"https:\/\/www.klimikdergisi.org\/tr\/2021\/01\/05\/hastanede-yatan-hastalarin-alt-solunum-yolu-orneklerinden-izole-edilen-gram-negatif-bakterilerde-antimikrobiyal-direnc\/","title":{"rendered":"Hastanede Yatan Hastalar\u0131n Alt Solunum Yolu \u00d6rneklerinden \u0130zole Edilen Gram-Negatif Bakterilerde Antimikrobiyal Diren\u00e7"},"content":{"rendered":"<h1>\u00d6zet<\/h1>\n<p> <strong>Ama\u00e7<\/strong>: Bu \u00e7al\u0131\u015fmada, hastanemizde yatarak tedavi g\u00f6ren hastalar\u0131n alt solunum yolu \u00f6rneklerinden izole edilen Gram-negatif bakterilerin cinslere g\u00f6re da\u011f\u0131l\u0131m\u0131 ve antibiyotik diren\u00e7 oranlar\u0131n\u0131n belirlenerek, ampirik antibiyotik tedavisinin y\u00f6nlendirilmesi ama\u00e7lanm\u0131\u015ft\u0131r.<\/p>\n<p> <strong>Y\u00f6ntemler<\/strong>: Ocak 2008-Aral\u0131k 2010 tarihleri aras\u0131nda Celal Bayar \u00dcniversitesi T\u0131p Fak\u00fcltesi Hastanesi Bakteriyoloji Laboratuvar\u0131na g\u00f6nderilen alt solunum yolu \u00f6rnekleri retrospektif olarak incelenmi\u015ftir.\u00a0<\/p>\n<p> <strong>Bulgular<\/strong>: Yatarak tedavi g\u00f6ren hastalara ait \u00f6rneklerden 853 Gram-negatif bakteri izole edilmi\u015ftir. A. baumannii su\u015flar\u0131nda karbapenem (%85) ve \u00e7o\u011ful ila\u00e7 direnci oranlar\u0131 (%47), P. aeruginosa i\u00e7in saptanan oranlardan daha y\u00fcksek bulunmu\u015ftur (%30 ve %19.2). Enterobacteriaceae ailesine ait bakterilerde en y\u00fcksek diren\u00e7 oranlar\u0131 siprofloksasine ve trimetoprim\/s\u00fclfametoksazole kar\u015f\u0131 saptan\u0131rken, karbapenem direncine rastlanmam\u0131\u015ft\u0131r.\u00a0<\/p>\n<p> <strong>Sonu\u00e7lar<\/strong>: Duyarl\u0131l\u0131k test sonu\u00e7lar\u0131na dayanarak etkin tedavi protokollerinin uygulanmas\u0131n\u0131n diren\u00e7li bakterilerin neden oldu\u011fu nozokomiyal alt solunum infeksiyonlar\u0131n\u0131n \u00f6nlenmesinde yararl\u0131 olaca\u011f\u0131 d\u00fc\u015f\u00fcn\u00fclm\u00fc\u015ft\u00fcr.\u00a0<\/p>\n","protected":false},"excerpt":{"rendered":"<p>\u00d6zet Ama\u00e7: Bu \u00e7al\u0131\u015fmada, hastanemizde yatarak tedavi g\u00f6ren hastalar\u0131n alt solunum yolu \u00f6rneklerinden izole edilen Gram-negatif bakterilerin cinslere g\u00f6re da\u011f\u0131l\u0131m\u0131 ve antibiyotik diren\u00e7 oranlar\u0131n\u0131n belirlenerek, ampirik antibiyotik tedavisinin y\u00f6nlendirilmesi ama\u00e7lanm\u0131\u015ft\u0131r. Y\u00f6ntemler: Ocak 2008-Aral\u0131k 2010 tarihleri aras\u0131nda Celal Bayar \u00dcniversitesi T\u0131p Fak\u00fcltesi Hastanesi Bakteriyoloji Laboratuvar\u0131na g\u00f6nderilen alt solunum yolu \u00f6rnekleri retrospektif olarak incelenmi\u015ftir.\u00a0 Bulgular: Yatarak tedavi [&hellip;]<\/p>\n","protected":false},"author":0,"featured_media":0,"comment_status":"","ping_status":"","sticky":false,"template":"","format":"standard","meta":{"_acf_changed":false,"footnotes":""},"categories":[5129],"tags":[4087,2969,3468],"class_list":["post-16391","post","type-post","status-publish","format-standard","hentry","category-ozgun-arastirma","tag-alt-solunum-yolu-ornekleri","tag-gramnegatif-bakteriler","tag-ilac-direnci"],"acf":[],"_links":{"self":[{"href":"https:\/\/www.klimikdergisi.org\/tr\/wp-json\/wp\/v2\/posts\/16391","targetHints":{"allow":["GET"]}}],"collection":[{"href":"https:\/\/www.klimikdergisi.org\/tr\/wp-json\/wp\/v2\/posts"}],"about":[{"href":"https:\/\/www.klimikdergisi.org\/tr\/wp-json\/wp\/v2\/types\/post"}],"replies":[{"embeddable":true,"href":"https:\/\/www.klimikdergisi.org\/tr\/wp-json\/wp\/v2\/comments?post=16391"}],"version-history":[{"count":0,"href":"https:\/\/www.klimikdergisi.org\/tr\/wp-json\/wp\/v2\/posts\/16391\/revisions"}],"wp:attachment":[{"href":"https:\/\/www.klimikdergisi.org\/tr\/wp-json\/wp\/v2\/media?parent=16391"}],"wp:term":[{"taxonomy":"category","embeddable":true,"href":"https:\/\/www.klimikdergisi.org\/tr\/wp-json\/wp\/v2\/categories?post=16391"},{"taxonomy":"post_tag","embeddable":true,"href":"https:\/\/www.klimikdergisi.org\/tr\/wp-json\/wp\/v2\/tags?post=16391"}],"curies":[{"name":"wp","href":"https:\/\/api.w.org\/{rel}","templated":true}]}}