{"id":16373,"date":"2021-01-05T01:25:00","date_gmt":"2021-01-04T22:25:00","guid":{"rendered":"https:\/\/www.klimikdergisi.org\/\/2021\/01\/05\/denizlide-kan-donorlerinde-hbsag-anti-hcv-ve-rpr-seroprevalansi\/"},"modified":"2021-01-05T01:25:00","modified_gmt":"2021-01-04T22:25:00","slug":"denizlide-kan-donorlerinde-hbsag-anti-hcv-ve-rpr-seroprevalansi","status":"publish","type":"post","link":"https:\/\/www.klimikdergisi.org\/tr\/2021\/01\/05\/denizlide-kan-donorlerinde-hbsag-anti-hcv-ve-rpr-seroprevalansi\/","title":{"rendered":"Denizli&#8217;de Kan Don\u00f6rlerinde HBsAg, Anti-HCV ve RPR Seroprevalans\u0131"},"content":{"rendered":"<h1>\u00d6zet<\/h1>\n<p> <strong>Ama\u00e7<\/strong>: Bu \u00e7al\u0131\u015fmada dokuz y\u0131ll\u0131k periyodda kan merkezine ba\u015fvuran kan ba\u011f\u0131\u015f\u00e7\u0131lar\u0131n\u0131n HBsAg, anti-HCV, anti-HIV ve RPR seroprevalans\u0131n\u0131 geriye d\u00f6n\u00fck olarak saptamay\u0131 ama\u00e7lad\u0131k.\u00a0<\/p>\n<p> <strong>Y\u00f6ntemler<\/strong>: Bu \u00e7al\u0131\u015fmada Denizli Devlet Hastanesi Kan Merkezi\u2019ndeki kan ba\u011f\u0131\u015f\u00e7\u0131lar\u0131n\u0131n 1999-2007 y\u0131llar\u0131 aras\u0131ndaki serolojik test sonu\u00e7lar\u0131 de\u011ferlendirildi. Ba\u011f\u0131\u015f\u00e7\u0131lar 18 ya\u015f \u00fcst\u00fc ve 65 ya\u015f alt\u0131ndayd\u0131. Y\u00fcksek riskli hastalar standard bir anketle elde edilen bilgilerle reddedildi. Veriler, SPSS 17.0 program\u0131nda analiz edildi.\u00a0<\/p>\n<p> <strong>Bulgular<\/strong>: Test edilen ba\u011f\u0131\u015f\u00e7\u0131 say\u0131s\u0131 50 521 idi. T\u00fcm ba\u011f\u0131\u015f\u00e7\u0131lar aras\u0131nda HBsAg pozitifli\u011fi %0.97, anti-HCV pozitifli\u011fi %0.44, \u201crapid plasma reagin\u201d (RPR) pozitifli\u011fi %0.14 olarak bulundu. Anti-HIV 1\/2 pozitifli\u011fi saptanmad\u0131. \u0130statistiksel analizde, HBsAg ve RPR pozitiflik oranlar\u0131n\u0131n son y\u0131llarda anlaml\u0131 olarak azald\u0131\u011f\u0131 g\u00f6r\u00fcld\u00fc (p&lt;0.001). Anti-HCV pozitifli\u011finde ise anlaml\u0131 bir de\u011fi\u015fiklik yoktu (p&gt;0.05). Ba\u011f\u0131\u015f\u00e7\u0131lardan elde edilen kanlar\u0131n %63.1 (45 400)\u2019i tam kan ve %36.8 (26 466)\u2019i kan komponenti idi. Toplamda g\u00f6n\u00fcll\u00fc ba\u011f\u0131\u015f oran\u0131 hasta yak\u0131n\u0131 ba\u011f\u0131\u015f oran\u0131ndan daha d\u00fc\u015f\u00fckt\u00fc. Ancak hem g\u00f6n\u00fcll\u00fc ba\u011f\u0131\u015flar\u0131n hem de kan komponenti kullan\u0131m oranlar\u0131n\u0131n son y\u0131llarda anlaml\u0131 olarak artt\u0131\u011f\u0131 g\u00f6r\u00fcld\u00fc (p&lt;0.001).\u00a0<\/p>\n<p> <strong>Sonu\u00e7lar<\/strong>: Transf\u00fczyondan kaynaklanan riskleri azalt\u0131p s\u0131f\u0131ra indirecek herhangi bir tarama metodu yoktur. Bu nedenle gereksiz transf\u00fczyondan ka\u00e7\u0131nmal\u0131 ve ba\u011f\u0131\u015f\u00e7\u0131 se\u00e7iminde daha dikkatli olunmal\u0131d\u0131r.<\/p>\n","protected":false},"excerpt":{"rendered":"<p>\u00d6zet Ama\u00e7: Bu \u00e7al\u0131\u015fmada dokuz y\u0131ll\u0131k periyodda kan merkezine ba\u015fvuran kan ba\u011f\u0131\u015f\u00e7\u0131lar\u0131n\u0131n HBsAg, anti-HCV, anti-HIV ve RPR seroprevalans\u0131n\u0131 geriye d\u00f6n\u00fck olarak saptamay\u0131 ama\u00e7lad\u0131k.\u00a0 Y\u00f6ntemler: Bu \u00e7al\u0131\u015fmada Denizli Devlet Hastanesi Kan Merkezi\u2019ndeki kan ba\u011f\u0131\u015f\u00e7\u0131lar\u0131n\u0131n 1999-2007 y\u0131llar\u0131 aras\u0131ndaki serolojik test sonu\u00e7lar\u0131 de\u011ferlendirildi. Ba\u011f\u0131\u015f\u00e7\u0131lar 18 ya\u015f \u00fcst\u00fc ve 65 ya\u015f alt\u0131ndayd\u0131. Y\u00fcksek riskli hastalar standard bir anketle elde [&hellip;]<\/p>\n","protected":false},"author":0,"featured_media":0,"comment_status":"","ping_status":"","sticky":false,"template":"","format":"standard","meta":{"_acf_changed":false,"footnotes":""},"categories":[5129],"tags":[3525,2587,4092,3693],"class_list":["post-16373","post","type-post","status-publish","format-standard","hentry","category-ozgun-arastirma","tag-hepatit-b","tag-hepatit-c","tag-kan-bagiscilari","tag-sifilis"],"acf":[],"_links":{"self":[{"href":"https:\/\/www.klimikdergisi.org\/tr\/wp-json\/wp\/v2\/posts\/16373","targetHints":{"allow":["GET"]}}],"collection":[{"href":"https:\/\/www.klimikdergisi.org\/tr\/wp-json\/wp\/v2\/posts"}],"about":[{"href":"https:\/\/www.klimikdergisi.org\/tr\/wp-json\/wp\/v2\/types\/post"}],"replies":[{"embeddable":true,"href":"https:\/\/www.klimikdergisi.org\/tr\/wp-json\/wp\/v2\/comments?post=16373"}],"version-history":[{"count":0,"href":"https:\/\/www.klimikdergisi.org\/tr\/wp-json\/wp\/v2\/posts\/16373\/revisions"}],"wp:attachment":[{"href":"https:\/\/www.klimikdergisi.org\/tr\/wp-json\/wp\/v2\/media?parent=16373"}],"wp:term":[{"taxonomy":"category","embeddable":true,"href":"https:\/\/www.klimikdergisi.org\/tr\/wp-json\/wp\/v2\/categories?post=16373"},{"taxonomy":"post_tag","embeddable":true,"href":"https:\/\/www.klimikdergisi.org\/tr\/wp-json\/wp\/v2\/tags?post=16373"}],"curies":[{"name":"wp","href":"https:\/\/api.w.org\/{rel}","templated":true}]}}