{"id":16367,"date":"2021-01-05T01:25:00","date_gmt":"2021-01-04T22:25:00","guid":{"rendered":"https:\/\/www.klimikdergisi.org\/\/2021\/01\/05\/sik-gorulen-bir-deri-hastaligi-olan-urtikere-eslik-eden-fokal-infeksiyonlar\/"},"modified":"2021-01-05T01:25:00","modified_gmt":"2021-01-04T22:25:00","slug":"sik-gorulen-bir-deri-hastaligi-olan-urtikere-eslik-eden-fokal-infeksiyonlar","status":"publish","type":"post","link":"https:\/\/www.klimikdergisi.org\/tr\/2021\/01\/05\/sik-gorulen-bir-deri-hastaligi-olan-urtikere-eslik-eden-fokal-infeksiyonlar\/","title":{"rendered":"S\u0131k G\u00f6r\u00fclen Bir Deri Hastal\u0131\u011f\u0131 Olan \u00dcrtikere E\u015flik Eden Fokal \u0130nfeksiyonlar"},"content":{"rendered":"<h1>\u00d6zet<\/h1>\n<p> <strong>Ama\u00e7<\/strong>: Bu \u00e7al\u0131\u015fmam\u0131zda akut ve kronik \u00fcrtiker hastalar\u0131nda en s\u0131k rastlanan fokal infeksiyonlar\u0131, bunlar\u0131n ya\u015f ve cinsiyetle olan ili\u015fkilerini saptamay\u0131 ama\u00e7lad\u0131k.<\/p>\n<p> <strong>Y\u00f6ntemler<\/strong>: \u00c7al\u0131\u015fmaya akut veya kronik \u00fcrtiker tan\u0131s\u0131 olan toplam 238 olgu dahil edildi. T\u00fcm olgular\u0131n sistem sorgulamas\u0131 ve fizik muayenesi yap\u0131ld\u0131ktan sonra, olgulara gerekli laboratuvar ve radyolojik tetkikler uyguland\u0131. Hastalar\u0131n t\u00fcm\u00fcn\u00fcn di\u015f ve jinekolojik bak\u0131lar\u0131 yap\u0131ld\u0131.<\/p>\n<p> <strong>Bulgular<\/strong>: Toplam 238 hastan\u0131n 98 (%41.2)\u2019i akut, 140 (%58.8)\u2019\u0131 kronik \u00fcrtiker tan\u0131l\u0131 idi. Akut \u00fcrtikerli olgular\u0131n 61 (%62.2)\u2019inde, kronik \u00fcrtikerli olgular\u0131n 110 (%78.6)\u2019unda bir veya birden fazla infeksiyon oda\u011f\u0131 saptand\u0131. En s\u0131k saptanan fokal infeksiyonlar\u0131 s\u0131ras\u0131yla \u00fcst solunum yolu infeksiyonlar\u0131, idrar yolu infeksiyonu ve di\u015f infeksiyonu olu\u015fturmaktayd\u0131.\u00a0<\/p>\n<p> <strong>Sonu\u00e7lar<\/strong>: \u00dcrtiker etyolojisinde bir\u00e7ok de\u011fi\u015fik fakt\u00f6r bulunmakta, \u00e7al\u0131\u015fmam\u0131z\u0131n bulgular\u0131 da \u00fcrtiker etyolojisinde infeksiyonun g\u00f6z ard\u0131 edilemeyece\u011fini g\u00f6stermektedir. Toplumda s\u0131k g\u00f6r\u00fclen bu hastal\u0131kta, hastan\u0131n \u00f6yk\u00fcs\u00fcn\u00fcn dikkatlice ele al\u0131nmas\u0131yla, iyi bir fizik bak\u0131yla ve\/veya basit birka\u00e7 incelemeyle daha erken tan\u0131 ve sa\u011falt\u0131m m\u00fcmk\u00fcn olacakt\u0131r.<\/p>\n","protected":false},"excerpt":{"rendered":"<p>\u00d6zet Ama\u00e7: Bu \u00e7al\u0131\u015fmam\u0131zda akut ve kronik \u00fcrtiker hastalar\u0131nda en s\u0131k rastlanan fokal infeksiyonlar\u0131, bunlar\u0131n ya\u015f ve cinsiyetle olan ili\u015fkilerini saptamay\u0131 ama\u00e7lad\u0131k. Y\u00f6ntemler: \u00c7al\u0131\u015fmaya akut veya kronik \u00fcrtiker tan\u0131s\u0131 olan toplam 238 olgu dahil edildi. T\u00fcm olgular\u0131n sistem sorgulamas\u0131 ve fizik muayenesi yap\u0131ld\u0131ktan sonra, olgulara gerekli laboratuvar ve radyolojik tetkikler uyguland\u0131. Hastalar\u0131n t\u00fcm\u00fcn\u00fcn di\u015f ve [&hellip;]<\/p>\n","protected":false},"author":0,"featured_media":0,"comment_status":"","ping_status":"","sticky":false,"template":"","format":"standard","meta":{"_acf_changed":false,"footnotes":""},"categories":[5129],"tags":[3436,4095,4093],"class_list":["post-16367","post","type-post","status-publish","format-standard","hentry","category-ozgun-arastirma","tag-etyoloji","tag-fokal-infeksiyon","tag-urtiker"],"acf":[],"_links":{"self":[{"href":"https:\/\/www.klimikdergisi.org\/tr\/wp-json\/wp\/v2\/posts\/16367","targetHints":{"allow":["GET"]}}],"collection":[{"href":"https:\/\/www.klimikdergisi.org\/tr\/wp-json\/wp\/v2\/posts"}],"about":[{"href":"https:\/\/www.klimikdergisi.org\/tr\/wp-json\/wp\/v2\/types\/post"}],"replies":[{"embeddable":true,"href":"https:\/\/www.klimikdergisi.org\/tr\/wp-json\/wp\/v2\/comments?post=16367"}],"version-history":[{"count":0,"href":"https:\/\/www.klimikdergisi.org\/tr\/wp-json\/wp\/v2\/posts\/16367\/revisions"}],"wp:attachment":[{"href":"https:\/\/www.klimikdergisi.org\/tr\/wp-json\/wp\/v2\/media?parent=16367"}],"wp:term":[{"taxonomy":"category","embeddable":true,"href":"https:\/\/www.klimikdergisi.org\/tr\/wp-json\/wp\/v2\/categories?post=16367"},{"taxonomy":"post_tag","embeddable":true,"href":"https:\/\/www.klimikdergisi.org\/tr\/wp-json\/wp\/v2\/tags?post=16367"}],"curies":[{"name":"wp","href":"https:\/\/api.w.org\/{rel}","templated":true}]}}