{"id":16283,"date":"2021-01-05T01:24:54","date_gmt":"2021-01-04T22:24:54","guid":{"rendered":"https:\/\/www.klimikdergisi.org\/\/2021\/01\/05\/infektif-endokarditin-embolik-komplikasyonlari-iki-olgu-sunumu-ve-ulusal-literaturun-irdelenmesi\/"},"modified":"2021-01-05T01:24:54","modified_gmt":"2021-01-04T22:24:54","slug":"infektif-endokarditin-embolik-komplikasyonlari-iki-olgu-sunumu-ve-ulusal-literaturun-irdelenmesi","status":"publish","type":"post","link":"https:\/\/www.klimikdergisi.org\/tr\/2021\/01\/05\/infektif-endokarditin-embolik-komplikasyonlari-iki-olgu-sunumu-ve-ulusal-literaturun-irdelenmesi\/","title":{"rendered":"\u0130nfektif Endokarditin Embolik Komplikasyonlar\u0131: \u0130ki Olgu Sunumu ve Ulusal Literat\u00fcr\u00fcn \u0130rdelenmesi"},"content":{"rendered":"<h1>\u00d6zet<\/h1>\n<p> \u0130nfektif endokardit (\u0130E)\u2019in klinik belirti ve bulgular\u0131 olduk\u00e7a de\u011fi\u015fkendir. Ate\u015f, yeni kardiyak \u00fcf\u00fcr\u00fcm, anemi ve splenomegali gibi t\u00fcm klasik bulgular her zaman bir arada bulunmayabilir. A\u00e7\u0131klanamayan ate\u015fi olan her hastada infektif endokardit de akla gelmelidir. Bu yaz\u0131da \u0130E\u2019nin embolik komplikasyonlar\u0131 sonucu ilk tan\u0131lar\u0131 \u00fcrosepsis ve n\u00f6ro-Beh\u00e7et hastal\u0131\u011f\u0131 olan iki olgu sunulmu\u015ftur. Altm\u0131\u015f yedi ya\u015f\u0131nda erkek hasta, acil servise ate\u015f, idrarda yanma ve b\u00f6\u011f\u00fcr a\u011fr\u0131s\u0131yla ba\u015fvurdu. \u0130drar ve ard\u0131\u015f\u0131k kan k\u00fclt\u00fcrlerinde metisiline duyarl\u0131 Staphylococcus aureus (MSSA) \u00fcredi. Trans\u00f6zofageal ekokardiyografide (TEE) mitral kapakta 11&#215;6 mm boyutlar\u0131nda vejetasyon saptand\u0131. Ultrasonografisinde ise her iki b\u00f6brekte pyelonefritle uyumlu g\u00f6r\u00fcn\u00fcm saptand\u0131. Ekokardiyografisinde vejetasyon boyutlar\u0131nda b\u00fcy\u00fcme saptanmas\u0131 nedeniyle mitral kapak onar\u0131m\u0131 operasyonu planland\u0131. Beh\u00e7et hastal\u0131\u011f\u0131 oldu\u011fu bilinen 45 ya\u015f\u0131nda erkek hasta ise iki g\u00fcnd\u00fcr olan konu\u015fma bozuklu\u011fu ve sol beden yar\u0131s\u0131nda g\u00fc\u00e7 kayb\u0131 nedeniyle n\u00f6roloji klini\u011finde takip edilirken kan k\u00fclt\u00fcr\u00fcnde viridans streptokoklar \u00fcredi. TEE sonucunda aort kapa\u011f\u0131n\u0131n sol ventrik\u00fcle bakan y\u00fcz\u00fcnde hareketli vejetasyon ve ileri derecede aort yetmezli\u011fi saptand\u0131. Antibiyotik tedavisi verildikten sonra aort kapak replasman\u0131 yap\u0131ld\u0131. Her iki hastan\u0131n operasyon sonras\u0131 takibinde komplikasyon g\u00f6zlenmedi.\u00a0<\/p>\n","protected":false},"excerpt":{"rendered":"<p>\u00d6zet \u0130nfektif endokardit (\u0130E)\u2019in klinik belirti ve bulgular\u0131 olduk\u00e7a de\u011fi\u015fkendir. Ate\u015f, yeni kardiyak \u00fcf\u00fcr\u00fcm, anemi ve splenomegali gibi t\u00fcm klasik bulgular her zaman bir arada bulunmayabilir. A\u00e7\u0131klanamayan ate\u015fi olan her hastada infektif endokardit de akla gelmelidir. Bu yaz\u0131da \u0130E\u2019nin embolik komplikasyonlar\u0131 sonucu ilk tan\u0131lar\u0131 \u00fcrosepsis ve n\u00f6ro-Beh\u00e7et hastal\u0131\u011f\u0131 olan iki olgu sunulmu\u015ftur. Altm\u0131\u015f yedi ya\u015f\u0131nda [&hellip;]<\/p>\n","protected":false},"author":0,"featured_media":0,"comment_status":"","ping_status":"","sticky":false,"template":"","format":"standard","meta":{"_acf_changed":false,"footnotes":""},"categories":[5131],"tags":[4125,3854],"class_list":["post-16283","post","type-post","status-publish","format-standard","hentry","category-olgu-sunumu","tag-emboli","tag-endokardit"],"acf":[],"_links":{"self":[{"href":"https:\/\/www.klimikdergisi.org\/tr\/wp-json\/wp\/v2\/posts\/16283","targetHints":{"allow":["GET"]}}],"collection":[{"href":"https:\/\/www.klimikdergisi.org\/tr\/wp-json\/wp\/v2\/posts"}],"about":[{"href":"https:\/\/www.klimikdergisi.org\/tr\/wp-json\/wp\/v2\/types\/post"}],"replies":[{"embeddable":true,"href":"https:\/\/www.klimikdergisi.org\/tr\/wp-json\/wp\/v2\/comments?post=16283"}],"version-history":[{"count":0,"href":"https:\/\/www.klimikdergisi.org\/tr\/wp-json\/wp\/v2\/posts\/16283\/revisions"}],"wp:attachment":[{"href":"https:\/\/www.klimikdergisi.org\/tr\/wp-json\/wp\/v2\/media?parent=16283"}],"wp:term":[{"taxonomy":"category","embeddable":true,"href":"https:\/\/www.klimikdergisi.org\/tr\/wp-json\/wp\/v2\/categories?post=16283"},{"taxonomy":"post_tag","embeddable":true,"href":"https:\/\/www.klimikdergisi.org\/tr\/wp-json\/wp\/v2\/tags?post=16283"}],"curies":[{"name":"wp","href":"https:\/\/api.w.org\/{rel}","templated":true}]}}