{"id":16277,"date":"2021-01-05T01:24:54","date_gmt":"2021-01-04T22:24:54","guid":{"rendered":"https:\/\/www.klimikdergisi.org\/\/2021\/01\/05\/deri-sarbonu-14-olgunun-degerlendirilmesi\/"},"modified":"2021-01-05T01:24:54","modified_gmt":"2021-01-04T22:24:54","slug":"deri-sarbonu-14-olgunun-degerlendirilmesi","status":"publish","type":"post","link":"https:\/\/www.klimikdergisi.org\/tr\/2021\/01\/05\/deri-sarbonu-14-olgunun-degerlendirilmesi\/","title":{"rendered":"Deri \u015earbonu: 14 Olgunun De\u011ferlendirilmesi"},"content":{"rendered":"<h1>\u00d6zet<\/h1>\n<p> \u015earbon \u00fclkemizde endemik bir hastal\u0131kt\u0131r. \u015earbon olgular\u0131n\u0131n %95\u2019ini deri \u015farbonu olu\u015fturmaktad\u0131r. \u00c7al\u0131\u015fmam\u0131zda Do\u011fu Anadolu B\u00f6lgesi\u2019nde Mu\u015f ilimizde Temmuz 2006-Kas\u0131m 2007 tarihleri aras\u0131nda tan\u0131 konulan 14 deri \u015farbonlu olgunun klinik \u00f6zelliklerini, tedavisini ve sonu\u00e7lar\u0131n\u0131 de\u011ferlendirdik. Bir hasta d\u0131\u015f\u0131nda olgular\u0131n t\u00fcm\u00fcnde hayvan ve hayvan \u00fcr\u00fcnleriyle temas \u00f6yk\u00fcs\u00fc vard\u0131. Ya\u015flar\u0131 15-65 ya\u015f aras\u0131nda olan hastalar\u0131n 6\u2019s\u0131 erkek, 8\u2019i kad\u0131nd\u0131. Lezyonun lokalizasyonu iki olguda y\u00fczde, bir olguda boyunda, \u00fc\u00e7 olguda \u00f6n kolda ve 8 olguda elde saptand\u0131. Olgular\u0131n 13\u2019\u00fcnde lezyonun g\u00f6r\u00fcn\u00fcm\u00fc malign p\u00fcst\u00fcl, birinde ise malign \u00f6dem \u015feklindeydi. Etken Gram boyamas\u0131yla 4 olguda g\u00f6sterilebildi. Di\u011fer hastalara klinik bulgularla tan\u0131 kondu. On \u00fc\u00e7 hastada k\u00fcr sa\u011flan\u0131rken bir hasta asfiksi tehdidi nedeniyle bir ileri merkeze sevk edildi.<\/p>\n","protected":false},"excerpt":{"rendered":"<p>\u00d6zet \u015earbon \u00fclkemizde endemik bir hastal\u0131kt\u0131r. \u015earbon olgular\u0131n\u0131n %95\u2019ini deri \u015farbonu olu\u015fturmaktad\u0131r. \u00c7al\u0131\u015fmam\u0131zda Do\u011fu Anadolu B\u00f6lgesi\u2019nde Mu\u015f ilimizde Temmuz 2006-Kas\u0131m 2007 tarihleri aras\u0131nda tan\u0131 konulan 14 deri \u015farbonlu olgunun klinik \u00f6zelliklerini, tedavisini ve sonu\u00e7lar\u0131n\u0131 de\u011ferlendirdik. Bir hasta d\u0131\u015f\u0131nda olgular\u0131n t\u00fcm\u00fcnde hayvan ve hayvan \u00fcr\u00fcnleriyle temas \u00f6yk\u00fcs\u00fc vard\u0131. Ya\u015flar\u0131 15-65 ya\u015f aras\u0131nda olan hastalar\u0131n 6\u2019s\u0131 erkek, [&hellip;]<\/p>\n","protected":false},"author":0,"featured_media":0,"comment_status":"","ping_status":"","sticky":false,"template":"","format":"standard","meta":{"_acf_changed":false,"footnotes":""},"categories":[5131],"tags":[4127,4129],"class_list":["post-16277","post","type-post","status-publish","format-standard","hentry","category-olgu-sunumu","tag-deri-sarbonu","tag-endemik-hastaliklar"],"acf":[],"_links":{"self":[{"href":"https:\/\/www.klimikdergisi.org\/tr\/wp-json\/wp\/v2\/posts\/16277","targetHints":{"allow":["GET"]}}],"collection":[{"href":"https:\/\/www.klimikdergisi.org\/tr\/wp-json\/wp\/v2\/posts"}],"about":[{"href":"https:\/\/www.klimikdergisi.org\/tr\/wp-json\/wp\/v2\/types\/post"}],"replies":[{"embeddable":true,"href":"https:\/\/www.klimikdergisi.org\/tr\/wp-json\/wp\/v2\/comments?post=16277"}],"version-history":[{"count":0,"href":"https:\/\/www.klimikdergisi.org\/tr\/wp-json\/wp\/v2\/posts\/16277\/revisions"}],"wp:attachment":[{"href":"https:\/\/www.klimikdergisi.org\/tr\/wp-json\/wp\/v2\/media?parent=16277"}],"wp:term":[{"taxonomy":"category","embeddable":true,"href":"https:\/\/www.klimikdergisi.org\/tr\/wp-json\/wp\/v2\/categories?post=16277"},{"taxonomy":"post_tag","embeddable":true,"href":"https:\/\/www.klimikdergisi.org\/tr\/wp-json\/wp\/v2\/tags?post=16277"}],"curies":[{"name":"wp","href":"https:\/\/api.w.org\/{rel}","templated":true}]}}