{"id":16217,"date":"2021-01-05T01:24:49","date_gmt":"2021-01-04T22:24:49","guid":{"rendered":"https:\/\/www.klimikdergisi.org\/\/2021\/01\/05\/kirim-kongo-kanamali-atesi-sanliurfada-ilk-olgu-2\/"},"modified":"2021-01-05T01:24:49","modified_gmt":"2021-01-04T22:24:49","slug":"kirim-kongo-kanamali-atesi-sanliurfada-ilk-olgu-2","status":"publish","type":"post","link":"https:\/\/www.klimikdergisi.org\/tr\/2021\/01\/05\/kirim-kongo-kanamali-atesi-sanliurfada-ilk-olgu-2\/","title":{"rendered":"K\u0131r\u0131m-Kongo Kanamal\u0131 Ate\u015fi: \u015eanl\u0131urfa&#8217;da \u0130lk Olgu"},"content":{"rendered":"<h1>\u00d6zet<\/h1>\n<p> K\u0131r\u0131m-Kongo kanamal\u0131 ate\u015fi (KKKA) esas olarak endemik b\u00f6lgede ya\u015fayanlara kene temas\u0131yla bula\u015fan viral kanamal\u0131 ate\u015f sendromlar\u0131ndan biridir. T\u00fcrkiye\u2019de ilk olgular 2002 ve 2003 y\u0131llar\u0131nda ilkbahar ve yaz aylar\u0131nda, kene \u0131s\u0131r\u0131\u011f\u0131 sonras\u0131 ba\u015fta Tokat, Yozgat ve Sivas illerinde g\u00f6r\u00fclmeye ba\u015flam\u0131\u015ft\u0131r. Son y\u0131llarda \u00fclkemizde say\u0131s\u0131 artan KKKA olgular\u0131na, ilimizin de i\u00e7inde bulundu\u011fu G\u00fcneydo\u011fu Anadolu B\u00f6lgesi\u2019nde daha az rastlanmaktad\u0131r. Bu yaz\u0131da \u015eanl\u0131urfa\u2019da tan\u0131 konulan ve takip edilen ilk KKKA olgusu sunulmaktad\u0131r.\u00a0<\/p>\n","protected":false},"excerpt":{"rendered":"<p>\u00d6zet K\u0131r\u0131m-Kongo kanamal\u0131 ate\u015fi (KKKA) esas olarak endemik b\u00f6lgede ya\u015fayanlara kene temas\u0131yla bula\u015fan viral kanamal\u0131 ate\u015f sendromlar\u0131ndan biridir. T\u00fcrkiye\u2019de ilk olgular 2002 ve 2003 y\u0131llar\u0131nda ilkbahar ve yaz aylar\u0131nda, kene \u0131s\u0131r\u0131\u011f\u0131 sonras\u0131 ba\u015fta Tokat, Yozgat ve Sivas illerinde g\u00f6r\u00fclmeye ba\u015flam\u0131\u015ft\u0131r. Son y\u0131llarda \u00fclkemizde say\u0131s\u0131 artan KKKA olgular\u0131na, ilimizin de i\u00e7inde bulundu\u011fu G\u00fcneydo\u011fu Anadolu B\u00f6lgesi\u2019nde daha [&hellip;]<\/p>\n","protected":false},"author":0,"featured_media":0,"comment_status":"","ping_status":"","sticky":false,"template":"","format":"standard","meta":{"_acf_changed":false,"footnotes":""},"categories":[5131],"tags":[4013,4149],"class_list":["post-16217","post","type-post","status-publish","format-standard","hentry","category-olgu-sunumu","tag-kirimkongo-kanamali-atesi-virusu","tag-sanliurfa"],"acf":[],"_links":{"self":[{"href":"https:\/\/www.klimikdergisi.org\/tr\/wp-json\/wp\/v2\/posts\/16217","targetHints":{"allow":["GET"]}}],"collection":[{"href":"https:\/\/www.klimikdergisi.org\/tr\/wp-json\/wp\/v2\/posts"}],"about":[{"href":"https:\/\/www.klimikdergisi.org\/tr\/wp-json\/wp\/v2\/types\/post"}],"replies":[{"embeddable":true,"href":"https:\/\/www.klimikdergisi.org\/tr\/wp-json\/wp\/v2\/comments?post=16217"}],"version-history":[{"count":0,"href":"https:\/\/www.klimikdergisi.org\/tr\/wp-json\/wp\/v2\/posts\/16217\/revisions"}],"wp:attachment":[{"href":"https:\/\/www.klimikdergisi.org\/tr\/wp-json\/wp\/v2\/media?parent=16217"}],"wp:term":[{"taxonomy":"category","embeddable":true,"href":"https:\/\/www.klimikdergisi.org\/tr\/wp-json\/wp\/v2\/categories?post=16217"},{"taxonomy":"post_tag","embeddable":true,"href":"https:\/\/www.klimikdergisi.org\/tr\/wp-json\/wp\/v2\/tags?post=16217"}],"curies":[{"name":"wp","href":"https:\/\/api.w.org\/{rel}","templated":true}]}}