{"id":16205,"date":"2021-01-05T01:24:48","date_gmt":"2021-01-04T22:24:48","guid":{"rendered":"https:\/\/www.klimikdergisi.org\/\/2021\/01\/05\/kanli-ishal-sonrasi-gelisen-hemolitik-uremik-sendrom-trombotik-trombositopenik-purpura\/"},"modified":"2021-01-05T01:24:48","modified_gmt":"2021-01-04T22:24:48","slug":"kanli-ishal-sonrasi-gelisen-hemolitik-uremik-sendrom-trombotik-trombositopenik-purpura","status":"publish","type":"post","link":"https:\/\/www.klimikdergisi.org\/tr\/2021\/01\/05\/kanli-ishal-sonrasi-gelisen-hemolitik-uremik-sendrom-trombotik-trombositopenik-purpura\/","title":{"rendered":"Kanl\u0131 \u0130shal Sonras\u0131 Geli\u015fen Hemolitik \u00dcremik Sendrom-Trombotik Trombositopenik Purpura"},"content":{"rendered":"<h1>\u00d6zet<\/h1>\n<p> Hemolitik \u00fcremik sendrom (H\u00dcS) ve trombotik trombositopenik purpura (TTP), klinik \u00f6zellikleri \u00f6rt\u00fc\u015ft\u00fc\u011f\u00fc i\u00e7in eri\u015fkinlerde genelikle H\u00dcS-TTP olarak da adland\u0131r\u0131lmaktad\u0131r. 42 ya\u015f\u0131ndaki kad\u0131n, iki g\u00fcnd\u00fcr olan kar\u0131n a\u011fr\u0131s\u0131 ve kanl\u0131 d\u0131\u015fk\u0131lama \u015fikayetleriyle ba\u015fvurdu. Yakla\u015f\u0131k 10 g\u00fcn \u00f6nce \u00fcst solunum yolu infeksiyonuna y\u00f6nelik antibiyotik tedavisi ald\u0131\u011f\u0131 \u00f6\u011frenildi. V\u00fccut s\u0131cakl\u0131\u011f\u0131 36.6\u00b0C idi ve kar\u0131nda hassasiyeti vard\u0131. Di\u011fer sistemlerin muayenesi normaldi. Takiplerinde hemolitik anemi, trombositopeni ve akut b\u00f6brek yetmezli\u011fi geli\u015fen hastaya H\u00dcS-TTP tan\u0131s\u0131 konuldu. D\u0131\u015fk\u0131 incelemesinde patojen bir mikroorganizma ve verotoksin saptanmad\u0131. Destek tedavisine ra\u011fmen klinik tablosunun k\u00f6t\u00fcle\u015fmesi ve laboratuvar testlerinin bozulmas\u0131 \u00fczerine steroid ve plazmaferez uyguland\u0131. Bu tedavi sonras\u0131 hasta iyile\u015fti ve b\u00f6brek fonksiyonlar\u0131 normal s\u0131n\u0131ra geldi. Bu yaz\u0131da H\u00dcS ve TTP ile ilgili literat\u00fcr g\u00f6zden ge\u00e7irilerek tedavisi semptomatik olan H\u00dcS ile birlikte TTP\u2019li hastalara uygulanan plazmaferez temelli tedavilerin ya\u015fam kurtar\u0131c\u0131 olabildi\u011fi vurgulanmaktad\u0131r.<\/p>\n","protected":false},"excerpt":{"rendered":"<p>\u00d6zet Hemolitik \u00fcremik sendrom (H\u00dcS) ve trombotik trombositopenik purpura (TTP), klinik \u00f6zellikleri \u00f6rt\u00fc\u015ft\u00fc\u011f\u00fc i\u00e7in eri\u015fkinlerde genelikle H\u00dcS-TTP olarak da adland\u0131r\u0131lmaktad\u0131r. 42 ya\u015f\u0131ndaki kad\u0131n, iki g\u00fcnd\u00fcr olan kar\u0131n a\u011fr\u0131s\u0131 ve kanl\u0131 d\u0131\u015fk\u0131lama \u015fikayetleriyle ba\u015fvurdu. Yakla\u015f\u0131k 10 g\u00fcn \u00f6nce \u00fcst solunum yolu infeksiyonuna y\u00f6nelik antibiyotik tedavisi ald\u0131\u011f\u0131 \u00f6\u011frenildi. V\u00fccut s\u0131cakl\u0131\u011f\u0131 36.6\u00b0C idi ve kar\u0131nda hassasiyeti vard\u0131. Di\u011fer [&hellip;]<\/p>\n","protected":false},"author":0,"featured_media":0,"comment_status":"","ping_status":"","sticky":false,"template":"","format":"standard","meta":{"_acf_changed":false,"footnotes":""},"categories":[5131],"tags":[4150,4152,4089,4156,4154],"class_list":["post-16205","post","type-post","status-publish","format-standard","hentry","category-olgu-sunumu","tag-enterohemorajik-escherichia-coli","tag-hemolitikuremik-sendrom","tag-ishal","tag-plazmaferez","tag-trombotik-trombositopenik-purpura"],"acf":[],"_links":{"self":[{"href":"https:\/\/www.klimikdergisi.org\/tr\/wp-json\/wp\/v2\/posts\/16205","targetHints":{"allow":["GET"]}}],"collection":[{"href":"https:\/\/www.klimikdergisi.org\/tr\/wp-json\/wp\/v2\/posts"}],"about":[{"href":"https:\/\/www.klimikdergisi.org\/tr\/wp-json\/wp\/v2\/types\/post"}],"replies":[{"embeddable":true,"href":"https:\/\/www.klimikdergisi.org\/tr\/wp-json\/wp\/v2\/comments?post=16205"}],"version-history":[{"count":0,"href":"https:\/\/www.klimikdergisi.org\/tr\/wp-json\/wp\/v2\/posts\/16205\/revisions"}],"wp:attachment":[{"href":"https:\/\/www.klimikdergisi.org\/tr\/wp-json\/wp\/v2\/media?parent=16205"}],"wp:term":[{"taxonomy":"category","embeddable":true,"href":"https:\/\/www.klimikdergisi.org\/tr\/wp-json\/wp\/v2\/categories?post=16205"},{"taxonomy":"post_tag","embeddable":true,"href":"https:\/\/www.klimikdergisi.org\/tr\/wp-json\/wp\/v2\/tags?post=16205"}],"curies":[{"name":"wp","href":"https:\/\/api.w.org\/{rel}","templated":true}]}}