{"id":16193,"date":"2021-01-05T01:24:47","date_gmt":"2021-01-04T22:24:47","guid":{"rendered":"https:\/\/www.klimikdergisi.org\/\/2021\/01\/05\/ulseroglanduler-tularemi-olgu-sunumu\/"},"modified":"2021-01-05T01:24:47","modified_gmt":"2021-01-04T22:24:47","slug":"ulseroglanduler-tularemi-olgu-sunumu","status":"publish","type":"post","link":"https:\/\/www.klimikdergisi.org\/tr\/2021\/01\/05\/ulseroglanduler-tularemi-olgu-sunumu\/","title":{"rendered":"\u00dclserogland\u00fcler Tularemi: Olgu Sunumu"},"content":{"rendered":"<h1>\u00d6zet<\/h1>\n<p> Elli sekiz ya\u015f\u0131nda kad\u0131n, iki haftal\u0131k ate\u015f \u00f6yk\u00fcs\u00fc ve sol aksillada \u015fi\u015flikle hastanemize ba\u015fvurdu. Tulareminin endemik oldu\u011fu bir k\u00f6yde oturuyordu; fakat bir hayvan \u0131s\u0131rmas\u0131 veya kene tutunmas\u0131yla kar\u015f\u0131la\u015fmam\u0131\u015ft\u0131. Sol el ikinci parma\u011f\u0131n\u0131n \u00fczerinde Francisella tularensis\u2019in olas\u0131 giri\u015f yeri olan bir yara vard\u0131. Tulareminin klinik tan\u0131s\u0131 mikroagl\u00fctinasyon testiyle do\u011fruland\u0131. Bu olgunun da g\u00f6sterdi\u011fi gibi, endemik b\u00f6lgelerde ate\u015fi ve lenfadenopatisi olan olgular aras\u0131nda, \u00fclkemizdeki yayg\u0131n orofaringeal formun d\u0131\u015f\u0131ndaki tularemi formlar\u0131yla da kar\u015f\u0131la\u015f\u0131labilece\u011fi ak\u0131lda tutulmal\u0131d\u0131r.<\/p>\n","protected":false},"excerpt":{"rendered":"<p>\u00d6zet Elli sekiz ya\u015f\u0131nda kad\u0131n, iki haftal\u0131k ate\u015f \u00f6yk\u00fcs\u00fc ve sol aksillada \u015fi\u015flikle hastanemize ba\u015fvurdu. Tulareminin endemik oldu\u011fu bir k\u00f6yde oturuyordu; fakat bir hayvan \u0131s\u0131rmas\u0131 veya kene tutunmas\u0131yla kar\u015f\u0131la\u015fmam\u0131\u015ft\u0131. Sol el ikinci parma\u011f\u0131n\u0131n \u00fczerinde Francisella tularensis\u2019in olas\u0131 giri\u015f yeri olan bir yara vard\u0131. Tulareminin klinik tan\u0131s\u0131 mikroagl\u00fctinasyon testiyle do\u011fruland\u0131. Bu olgunun da g\u00f6sterdi\u011fi gibi, endemik [&hellip;]<\/p>\n","protected":false},"author":0,"featured_media":0,"comment_status":"","ping_status":"","sticky":false,"template":"","format":"standard","meta":{"_acf_changed":false,"footnotes":""},"categories":[5131],"tags":[4011,3174],"class_list":["post-16193","post","type-post","status-publish","format-standard","hentry","category-olgu-sunumu","tag-francisella-tularensis","tag-tularemi"],"acf":[],"_links":{"self":[{"href":"https:\/\/www.klimikdergisi.org\/tr\/wp-json\/wp\/v2\/posts\/16193","targetHints":{"allow":["GET"]}}],"collection":[{"href":"https:\/\/www.klimikdergisi.org\/tr\/wp-json\/wp\/v2\/posts"}],"about":[{"href":"https:\/\/www.klimikdergisi.org\/tr\/wp-json\/wp\/v2\/types\/post"}],"replies":[{"embeddable":true,"href":"https:\/\/www.klimikdergisi.org\/tr\/wp-json\/wp\/v2\/comments?post=16193"}],"version-history":[{"count":0,"href":"https:\/\/www.klimikdergisi.org\/tr\/wp-json\/wp\/v2\/posts\/16193\/revisions"}],"wp:attachment":[{"href":"https:\/\/www.klimikdergisi.org\/tr\/wp-json\/wp\/v2\/media?parent=16193"}],"wp:term":[{"taxonomy":"category","embeddable":true,"href":"https:\/\/www.klimikdergisi.org\/tr\/wp-json\/wp\/v2\/categories?post=16193"},{"taxonomy":"post_tag","embeddable":true,"href":"https:\/\/www.klimikdergisi.org\/tr\/wp-json\/wp\/v2\/tags?post=16193"}],"curies":[{"name":"wp","href":"https:\/\/api.w.org\/{rel}","templated":true}]}}