{"id":16187,"date":"2021-01-05T01:24:47","date_gmt":"2021-01-04T22:24:47","guid":{"rendered":"https:\/\/www.klimikdergisi.org\/\/2021\/01\/05\/cocuklarda-tifo-30-olgunun-degerlendirilmesi\/"},"modified":"2021-01-05T01:24:47","modified_gmt":"2021-01-04T22:24:47","slug":"cocuklarda-tifo-30-olgunun-degerlendirilmesi","status":"publish","type":"post","link":"https:\/\/www.klimikdergisi.org\/tr\/2021\/01\/05\/cocuklarda-tifo-30-olgunun-degerlendirilmesi\/","title":{"rendered":"\u00c7ocuklarda Tifo: 30 Olgunun De\u011ferlendirilmesi"},"content":{"rendered":"<h1>\u00d6zet<\/h1>\n<p> <strong>Ama\u00e7<\/strong>: Tifonun endemik oldu\u011fu b\u00f6lgemizde tifo tan\u0131s\u0131 konulan \u00e7ocuk hastalar\u0131n gerek epidemiyolojik, klinik ve laboratuvar bulgular\u0131n\u0131n ve gerekse tedaviye yan\u0131tlar\u0131n\u0131n de\u011ferlendirilmesi ama\u00e7land\u0131.\u00a0<\/p>\n<p> <strong>Y\u00f6ntemler<\/strong>: Ocak 2011-Aral\u0131k 2011 tarihleri aras\u0131nda tifo tan\u0131s\u0131yla izledi\u011fimiz 30 \u00e7ocuk hasta, ya\u015f, cinsiyet, ba\u015fvuru yak\u0131nmalar\u0131, fizik muayene, laboratuvar bulgular\u0131 ve uygulanan tedaviler a\u00e7\u0131s\u0131ndan geriye d\u00f6n\u00fck olarak de\u011ferlendirmeye al\u0131nd\u0131. Tan\u0131 Gruber-Widal agl\u00fctinasyon testi ve\/veya k\u00fclt\u00fcrde etkenin \u00fcretilmesiyle konuldu.<\/p>\n<p> <strong>Bulgular<\/strong>: Olgular\u0131n 15\u2019i erkek 15\u2019i k\u0131z olup, ya\u015f ortalamalar\u0131 10.03\u00b15.08 y\u0131ld\u0131. En s\u0131k ba\u015fvuru nedenlerini ate\u015f (n=28), halsizlik (n=22), ba\u015f a\u011fr\u0131s\u0131 (n=19), terleme (n=17), kar\u0131n a\u011fr\u0131s\u0131 (n=16), ishal (n=15), kusma (n=11) ve eklem a\u011fr\u0131lar\u0131 (n=8) olu\u015fturmaktayd\u0131. Fizik muayenede, ate\u015f (n=27), hepatomegali (n=12), splenomegali (n=10) ve ta\u015f roze (n=1) saptand\u0131. Salmonella typhi O agl\u00fctininlerinin titresi t\u00fcm olgularda \u22651\/160 idi. \u00dc\u00e7 olgunun kan k\u00fclt\u00fcr\u00fcnde S. typhi \u00fcredi.\u00a0<\/p>\n<p> <strong>Sonu\u00e7lar<\/strong>: Tifo \u00e7ok de\u011fi\u015fik klinik belirtilerle kar\u015f\u0131m\u0131za \u00e7\u0131kabilmektedir. G\u00fcneydo\u011fu Anadolu B\u00f6lgesi\u2019nde \u00f6zellikle ate\u015f, kar\u0131n a\u011fr\u0131s\u0131 ve ishal yak\u0131nmalar\u0131 olan \u00e7ocuk hastalarda tifonun \u00f6ncelikle d\u00fc\u015f\u00fcn\u00fclmesi gereken bir hastal\u0131k oldu\u011fu bilinmelidir.<\/p>\n","protected":false},"excerpt":{"rendered":"<p>\u00d6zet Ama\u00e7: Tifonun endemik oldu\u011fu b\u00f6lgemizde tifo tan\u0131s\u0131 konulan \u00e7ocuk hastalar\u0131n gerek epidemiyolojik, klinik ve laboratuvar bulgular\u0131n\u0131n ve gerekse tedaviye yan\u0131tlar\u0131n\u0131n de\u011ferlendirilmesi ama\u00e7land\u0131.\u00a0 Y\u00f6ntemler: Ocak 2011-Aral\u0131k 2011 tarihleri aras\u0131nda tifo tan\u0131s\u0131yla izledi\u011fimiz 30 \u00e7ocuk hasta, ya\u015f, cinsiyet, ba\u015fvuru yak\u0131nmalar\u0131, fizik muayene, laboratuvar bulgular\u0131 ve uygulanan tedaviler a\u00e7\u0131s\u0131ndan geriye d\u00f6n\u00fck olarak de\u011ferlendirmeye al\u0131nd\u0131. Tan\u0131 Gruber-Widal agl\u00fctinasyon [&hellip;]<\/p>\n","protected":false},"author":0,"featured_media":0,"comment_status":"","ping_status":"","sticky":false,"template":"","format":"standard","meta":{"_acf_changed":false,"footnotes":""},"categories":[5129],"tags":[3301,3459,3717,2780],"class_list":["post-16187","post","type-post","status-publish","format-standard","hentry","category-ozgun-arastirma","tag-cocukluk-cagi","tag-klinik-bulgular","tag-tedavi","tag-tifo"],"acf":[],"_links":{"self":[{"href":"https:\/\/www.klimikdergisi.org\/tr\/wp-json\/wp\/v2\/posts\/16187","targetHints":{"allow":["GET"]}}],"collection":[{"href":"https:\/\/www.klimikdergisi.org\/tr\/wp-json\/wp\/v2\/posts"}],"about":[{"href":"https:\/\/www.klimikdergisi.org\/tr\/wp-json\/wp\/v2\/types\/post"}],"replies":[{"embeddable":true,"href":"https:\/\/www.klimikdergisi.org\/tr\/wp-json\/wp\/v2\/comments?post=16187"}],"version-history":[{"count":0,"href":"https:\/\/www.klimikdergisi.org\/tr\/wp-json\/wp\/v2\/posts\/16187\/revisions"}],"wp:attachment":[{"href":"https:\/\/www.klimikdergisi.org\/tr\/wp-json\/wp\/v2\/media?parent=16187"}],"wp:term":[{"taxonomy":"category","embeddable":true,"href":"https:\/\/www.klimikdergisi.org\/tr\/wp-json\/wp\/v2\/categories?post=16187"},{"taxonomy":"post_tag","embeddable":true,"href":"https:\/\/www.klimikdergisi.org\/tr\/wp-json\/wp\/v2\/tags?post=16187"}],"curies":[{"name":"wp","href":"https:\/\/api.w.org\/{rel}","templated":true}]}}