{"id":16103,"date":"2021-01-05T01:24:40","date_gmt":"2021-01-04T22:24:40","guid":{"rendered":"https:\/\/www.klimikdergisi.org\/\/2021\/01\/05\/bakteriyel-menenjitli-cocuklarda-tedavi-oncesi-ve-sonrasi-s-100b-ve-oksidatif-durumun-degerlendirilmesi\/"},"modified":"2021-01-05T01:24:40","modified_gmt":"2021-01-04T22:24:40","slug":"bakteriyel-menenjitli-cocuklarda-tedavi-oncesi-ve-sonrasi-s-100b-ve-oksidatif-durumun-degerlendirilmesi","status":"publish","type":"post","link":"https:\/\/www.klimikdergisi.org\/tr\/2021\/01\/05\/bakteriyel-menenjitli-cocuklarda-tedavi-oncesi-ve-sonrasi-s-100b-ve-oksidatif-durumun-degerlendirilmesi\/","title":{"rendered":"Bakteriyel Menenjitli \u00c7ocuklarda Tedavi \u00d6ncesi ve Sonras\u0131 S-100B ve Oksidatif Durumun De\u011ferlendirilmesi"},"content":{"rendered":"<h1>\u00d6zet<\/h1>\n<p> <strong>Ama\u00e7<\/strong>: Bakteriyel menenjitli hastalar\u0131n tedavi \u00f6ncesi ve sonras\u0131 serum ve beyin-omurilik s\u0131v\u0131s\u0131 (BOS)\u2019nda total oksidan, total antioksidan ve S-100B de\u011ferlerinde olas\u0131 de\u011fi\u015fikliklerin ara\u015ft\u0131r\u0131lmas\u0131 ama\u00e7land\u0131.\u00a0<\/p>\n<p> <strong>Y\u00f6ntemler<\/strong>: Bakteriyel menenjit tan\u0131s\u0131yla hastaneye yat\u0131r\u0131lan 25 hasta \u00e7al\u0131\u015fmaya dahil edildi. Hastalardan yat\u0131\u015f\u0131n ilk iki saati i\u00e7inde ve 10 g\u00fcnl\u00fck tedavi sonras\u0131 kan ve BOS al\u0131nd\u0131. Tedavi \u00f6ncesi ve tedavi sonras\u0131 serum ve BOS\u2019ta S-100B, total oksidan ve total antioksidan seviyeleri \u00f6l\u00e7\u00fclerek oksidatif stres indeksi (OS\u0130) hesapland\u0131.\u00a0<\/p>\n<p> <strong>Bulgular<\/strong>: Tedavi \u00f6ncesi serum total oksidan ve oksidatif stres indeks de\u011ferleri, tedavi sonras\u0131na g\u00f6re istatistiksel olarak anlaml\u0131 derecede y\u00fcksek bulunurken, total antioksidan ve S-100B de\u011ferleri anlaml\u0131 derecede d\u00fc\u015f\u00fck bulundu. Hastalar\u0131n BOS\u2019unun tedavi \u00f6ncesi total oksidan ve OS\u0130 de\u011ferleri tedavi sonras\u0131na g\u00f6re anlaml\u0131 derecede d\u00fc\u015f\u00fck bulunurken, total antioksidan ve S-100B de\u011ferleri i\u00e7in anlaml\u0131 bir fark bulunmad\u0131.<\/p>\n<p> <strong>Sonu\u00e7lar<\/strong>: Tedavi sonras\u0131 klinik ve bakteriyolojik d\u00fczelme sa\u011flanan bakteriyel menenjitli hastalarda OS\u0130\u2019de azalma g\u00f6r\u00fcld\u00fc. Ancak klinik ve bakteriyolojik d\u00fczelmeye ra\u011fmen S-100B de\u011ferleri tedavi sonras\u0131 y\u00fcksek bulundu. Bu durum akut bakteriyel menenjitli olgularda S-100B\u2019deki biyokimyasal d\u00fczelmenin daha uzun bir s\u00fcre\u00e7 olaca\u011f\u0131n\u0131 d\u00fc\u015f\u00fcnd\u00fcrmektedir.\u00a0<\/p>\n","protected":false},"excerpt":{"rendered":"<p>\u00d6zet Ama\u00e7: Bakteriyel menenjitli hastalar\u0131n tedavi \u00f6ncesi ve sonras\u0131 serum ve beyin-omurilik s\u0131v\u0131s\u0131 (BOS)\u2019nda total oksidan, total antioksidan ve S-100B de\u011ferlerinde olas\u0131 de\u011fi\u015fikliklerin ara\u015ft\u0131r\u0131lmas\u0131 ama\u00e7land\u0131.\u00a0 Y\u00f6ntemler: Bakteriyel menenjit tan\u0131s\u0131yla hastaneye yat\u0131r\u0131lan 25 hasta \u00e7al\u0131\u015fmaya dahil edildi. Hastalardan yat\u0131\u015f\u0131n ilk iki saati i\u00e7inde ve 10 g\u00fcnl\u00fck tedavi sonras\u0131 kan ve BOS al\u0131nd\u0131. Tedavi \u00f6ncesi ve tedavi [&hellip;]<\/p>\n","protected":false},"author":0,"featured_media":0,"comment_status":"","ping_status":"","sticky":false,"template":"","format":"standard","meta":{"_acf_changed":false,"footnotes":""},"categories":[5129],"tags":[3396,4198,2698,4200,4202],"class_list":["post-16103","post","type-post","status-publish","format-standard","hentry","category-ozgun-arastirma","tag-bakteri","tag-cocuk","tag-menenjit","tag-oksidatif-durum","tag-s100b"],"acf":[],"_links":{"self":[{"href":"https:\/\/www.klimikdergisi.org\/tr\/wp-json\/wp\/v2\/posts\/16103","targetHints":{"allow":["GET"]}}],"collection":[{"href":"https:\/\/www.klimikdergisi.org\/tr\/wp-json\/wp\/v2\/posts"}],"about":[{"href":"https:\/\/www.klimikdergisi.org\/tr\/wp-json\/wp\/v2\/types\/post"}],"replies":[{"embeddable":true,"href":"https:\/\/www.klimikdergisi.org\/tr\/wp-json\/wp\/v2\/comments?post=16103"}],"version-history":[{"count":0,"href":"https:\/\/www.klimikdergisi.org\/tr\/wp-json\/wp\/v2\/posts\/16103\/revisions"}],"wp:attachment":[{"href":"https:\/\/www.klimikdergisi.org\/tr\/wp-json\/wp\/v2\/media?parent=16103"}],"wp:term":[{"taxonomy":"category","embeddable":true,"href":"https:\/\/www.klimikdergisi.org\/tr\/wp-json\/wp\/v2\/categories?post=16103"},{"taxonomy":"post_tag","embeddable":true,"href":"https:\/\/www.klimikdergisi.org\/tr\/wp-json\/wp\/v2\/tags?post=16103"}],"curies":[{"name":"wp","href":"https:\/\/api.w.org\/{rel}","templated":true}]}}