{"id":16067,"date":"2021-01-05T01:24:38","date_gmt":"2021-01-04T22:24:38","guid":{"rendered":"https:\/\/www.klimikdergisi.org\/\/2021\/01\/05\/cheyletiella-dermatiti-bir-olgu-sunumu\/"},"modified":"2021-01-05T01:24:38","modified_gmt":"2021-01-04T22:24:38","slug":"cheyletiella-dermatiti-bir-olgu-sunumu","status":"publish","type":"post","link":"https:\/\/www.klimikdergisi.org\/tr\/2021\/01\/05\/cheyletiella-dermatiti-bir-olgu-sunumu\/","title":{"rendered":"Cheyletiella Dermatiti: Bir Olgu Sunumu"},"content":{"rendered":"<h1>\u00d6zet<\/h1>\n<p> Cheyletiella kedi, k\u00f6pek ve tav\u015fanlar\u0131n derisinde ya\u015fayan bir akar cinsi olup y\u00fcksek oranda bula\u015f\u0131c\u0131l\u0131\u011fa sahiptir. \u0130nfeste hayvanlarda ka\u015f\u0131nt\u0131 ve kepeklenme \u015feklinde hastal\u0131\u011fa yol a\u00e7abilir, ancak s\u0131kl\u0131kla asemptomatik oldu\u011fundan parazitten \u015f\u00fcphelenilmedi\u011fi takdirde tan\u0131 koymak g\u00fc\u00e7t\u00fcr. \u0130nfeste hayvan sahiplerinin de %2\u2019si infeste olmaktad\u0131r. Dermatoz, insanlarda infeste hayvanla temas eden b\u00f6lgelere \u00f6zg\u00fc eritemli, ka\u015f\u0131nt\u0131l\u0131, baz\u0131lar\u0131 nekrotik \u00f6zellikte pap\u00fcller \u015feklinde g\u00f6r\u00fclmektedir. Bu olgu sunumunda infeste k\u00f6pekle temas sonras\u0131nda Cheyletiella dermatiti geli\u015fen bir olgu dolay\u0131s\u0131yla bu dermatoza dikkat \u00e7ekilmek istenmi\u015ftir.\u00a0<\/p>\n","protected":false},"excerpt":{"rendered":"<p>\u00d6zet Cheyletiella kedi, k\u00f6pek ve tav\u015fanlar\u0131n derisinde ya\u015fayan bir akar cinsi olup y\u00fcksek oranda bula\u015f\u0131c\u0131l\u0131\u011fa sahiptir. \u0130nfeste hayvanlarda ka\u015f\u0131nt\u0131 ve kepeklenme \u015feklinde hastal\u0131\u011fa yol a\u00e7abilir, ancak s\u0131kl\u0131kla asemptomatik oldu\u011fundan parazitten \u015f\u00fcphelenilmedi\u011fi takdirde tan\u0131 koymak g\u00fc\u00e7t\u00fcr. \u0130nfeste hayvan sahiplerinin de %2\u2019si infeste olmaktad\u0131r. Dermatoz, insanlarda infeste hayvanla temas eden b\u00f6lgelere \u00f6zg\u00fc eritemli, ka\u015f\u0131nt\u0131l\u0131, baz\u0131lar\u0131 nekrotik \u00f6zellikte [&hellip;]<\/p>\n","protected":false},"author":0,"featured_media":0,"comment_status":"","ping_status":"","sticky":false,"template":"","format":"standard","meta":{"_acf_changed":false,"footnotes":""},"categories":[5131],"tags":[4215,4219,4220,4217],"class_list":["post-16067","post","type-post","status-publish","format-standard","hentry","category-olgu-sunumu","tag-akarlar","tag-cheyletiella","tag-dermatit","tag-parazitoz"],"acf":[],"_links":{"self":[{"href":"https:\/\/www.klimikdergisi.org\/tr\/wp-json\/wp\/v2\/posts\/16067","targetHints":{"allow":["GET"]}}],"collection":[{"href":"https:\/\/www.klimikdergisi.org\/tr\/wp-json\/wp\/v2\/posts"}],"about":[{"href":"https:\/\/www.klimikdergisi.org\/tr\/wp-json\/wp\/v2\/types\/post"}],"replies":[{"embeddable":true,"href":"https:\/\/www.klimikdergisi.org\/tr\/wp-json\/wp\/v2\/comments?post=16067"}],"version-history":[{"count":0,"href":"https:\/\/www.klimikdergisi.org\/tr\/wp-json\/wp\/v2\/posts\/16067\/revisions"}],"wp:attachment":[{"href":"https:\/\/www.klimikdergisi.org\/tr\/wp-json\/wp\/v2\/media?parent=16067"}],"wp:term":[{"taxonomy":"category","embeddable":true,"href":"https:\/\/www.klimikdergisi.org\/tr\/wp-json\/wp\/v2\/categories?post=16067"},{"taxonomy":"post_tag","embeddable":true,"href":"https:\/\/www.klimikdergisi.org\/tr\/wp-json\/wp\/v2\/tags?post=16067"}],"curies":[{"name":"wp","href":"https:\/\/api.w.org\/{rel}","templated":true}]}}