{"id":15989,"date":"2021-01-05T01:24:30","date_gmt":"2021-01-04T22:24:30","guid":{"rendered":"https:\/\/www.klimikdergisi.org\/\/2021\/01\/05\/sekelsiz-iyilesen-hic-asilanmamis-bir-tetanos-olgusu\/"},"modified":"2021-01-05T01:24:30","modified_gmt":"2021-01-04T22:24:30","slug":"sekelsiz-iyilesen-hic-asilanmamis-bir-tetanos-olgusu","status":"publish","type":"post","link":"https:\/\/www.klimikdergisi.org\/tr\/2021\/01\/05\/sekelsiz-iyilesen-hic-asilanmamis-bir-tetanos-olgusu\/","title":{"rendered":"Sekelsiz \u0130yile\u015fen Hi\u00e7 A\u015f\u0131lanmam\u0131\u015f Bir Tetanos Olgusu"},"content":{"rendered":"<h1>\u00d6zet<\/h1>\n<p> \u00c7ocukluk \u00e7a\u011f\u0131n\u0131n hi\u00e7bir a\u015f\u0131s\u0131 yap\u0131lmam\u0131\u015f olan 12 ya\u015f\u0131ndaki hasta a\u011fz\u0131n\u0131 a\u00e7amama ve v\u00fccutta yayg\u0131n kas\u0131lmalar nedeniyle ba\u015fvurdu. \u00d6yk\u00fcs\u00fcnde, yirmi g\u00fcn \u00f6nce sa\u011f aya\u011f\u0131ndan \u00e7iviyle yaralanma vard\u0131. Yaralanmadan sonra tetanos a\u015f\u0131s\u0131 ve imm\u00fcn glob\u00fclini uygulanmad\u0131\u011f\u0131 \u00f6\u011frenildi. Hastaya klinik olarak tetanos tan\u0131s\u0131 konuldu ve hasta yo\u011fun bak\u0131m birimine al\u0131nd\u0131. Solunum s\u0131k\u0131nt\u0131s\u0131 olmad\u0131\u011f\u0131ndan mekanik ventilasyon deste\u011fi verilmeden spontan solunumda yak\u0131n takibe al\u0131nd\u0131. Tetanos a\u015f\u0131s\u0131 ve 500 \u0130\u00dc insan kaynakl\u0131 anti-tetanos imm\u00fcn glob\u00fclini yap\u0131ld\u0131. Jeneralize kas spazmlar\u0131 i\u00e7in midazolam verildi ve intraven\u00f6z metronidazol tedavisi uyguland\u0131. Yat\u0131\u015f\u0131n\u0131n 28. g\u00fcn\u00fcnde kas\u0131lmalar\u0131 tamamen kesilen hasta \u015fifayla taburcu edildi. Sonu\u00e7 olarak, tetanos nadir g\u00f6r\u00fclen bir infeksiyon hastal\u0131\u011f\u0131 olmakla birlikte yaralanmalardan sonra daima akla getirilmelidir. Tetanostan korunmak i\u00e7in \u00e7ocukluk \u00e7a\u011f\u0131 ve eri\u015fkin a\u015f\u0131lamalar\u0131n\u0131n d\u00fczenli olarak uygulanmas\u0131 son derece \u00f6nemlidir.\u00a0<\/p>\n","protected":false},"excerpt":{"rendered":"<p>\u00d6zet \u00c7ocukluk \u00e7a\u011f\u0131n\u0131n hi\u00e7bir a\u015f\u0131s\u0131 yap\u0131lmam\u0131\u015f olan 12 ya\u015f\u0131ndaki hasta a\u011fz\u0131n\u0131 a\u00e7amama ve v\u00fccutta yayg\u0131n kas\u0131lmalar nedeniyle ba\u015fvurdu. \u00d6yk\u00fcs\u00fcnde, yirmi g\u00fcn \u00f6nce sa\u011f aya\u011f\u0131ndan \u00e7iviyle yaralanma vard\u0131. Yaralanmadan sonra tetanos a\u015f\u0131s\u0131 ve imm\u00fcn glob\u00fclini uygulanmad\u0131\u011f\u0131 \u00f6\u011frenildi. Hastaya klinik olarak tetanos tan\u0131s\u0131 konuldu ve hasta yo\u011fun bak\u0131m birimine al\u0131nd\u0131. Solunum s\u0131k\u0131nt\u0131s\u0131 olmad\u0131\u011f\u0131ndan mekanik ventilasyon deste\u011fi verilmeden [&hellip;]<\/p>\n","protected":false},"author":0,"featured_media":0,"comment_status":"","ping_status":"","sticky":false,"template":"","format":"standard","meta":{"_acf_changed":false,"footnotes":""},"categories":[5131],"tags":[2799,4260],"class_list":["post-15989","post","type-post","status-publish","format-standard","hentry","category-olgu-sunumu","tag-tetanos","tag-tetanos-toksoidi"],"acf":[],"_links":{"self":[{"href":"https:\/\/www.klimikdergisi.org\/tr\/wp-json\/wp\/v2\/posts\/15989","targetHints":{"allow":["GET"]}}],"collection":[{"href":"https:\/\/www.klimikdergisi.org\/tr\/wp-json\/wp\/v2\/posts"}],"about":[{"href":"https:\/\/www.klimikdergisi.org\/tr\/wp-json\/wp\/v2\/types\/post"}],"replies":[{"embeddable":true,"href":"https:\/\/www.klimikdergisi.org\/tr\/wp-json\/wp\/v2\/comments?post=15989"}],"version-history":[{"count":0,"href":"https:\/\/www.klimikdergisi.org\/tr\/wp-json\/wp\/v2\/posts\/15989\/revisions"}],"wp:attachment":[{"href":"https:\/\/www.klimikdergisi.org\/tr\/wp-json\/wp\/v2\/media?parent=15989"}],"wp:term":[{"taxonomy":"category","embeddable":true,"href":"https:\/\/www.klimikdergisi.org\/tr\/wp-json\/wp\/v2\/categories?post=15989"},{"taxonomy":"post_tag","embeddable":true,"href":"https:\/\/www.klimikdergisi.org\/tr\/wp-json\/wp\/v2\/tags?post=15989"}],"curies":[{"name":"wp","href":"https:\/\/api.w.org\/{rel}","templated":true}]}}