{"id":15965,"date":"2021-01-05T01:24:28","date_gmt":"2021-01-04T22:24:28","guid":{"rendered":"https:\/\/www.klimikdergisi.org\/\/2021\/01\/05\/akut-gastroenteritli-olgularda-rotavirus-ve-enterik-adenovirus-infeksiyonlarinin-sikliginin-arastirilmasi\/"},"modified":"2021-01-05T01:24:28","modified_gmt":"2021-01-04T22:24:28","slug":"akut-gastroenteritli-olgularda-rotavirus-ve-enterik-adenovirus-infeksiyonlarinin-sikliginin-arastirilmasi","status":"publish","type":"post","link":"https:\/\/www.klimikdergisi.org\/tr\/2021\/01\/05\/akut-gastroenteritli-olgularda-rotavirus-ve-enterik-adenovirus-infeksiyonlarinin-sikliginin-arastirilmasi\/","title":{"rendered":"Akut Gastroenteritli Olgularda Rotavirus ve Enterik Adenovirus \u0130nfeksiyonlar\u0131n\u0131n S\u0131kl\u0131\u011f\u0131n\u0131n Ara\u015ft\u0131r\u0131lmas\u0131"},"content":{"rendered":"<h1>\u00d6zet<\/h1>\n<p> <strong>Ama\u00e7<\/strong>: Bu \u00e7al\u0131\u015fmada akut gastroenteritli olgularda rotavirus ve adenovirus s\u0131kl\u0131\u011f\u0131n\u0131n ya\u015f ve mevsimlere g\u00f6re da\u011f\u0131l\u0131m\u0131n\u0131n ara\u015ft\u0131r\u0131lmas\u0131 ama\u00e7lanm\u0131\u015ft\u0131r.<\/p>\n<p> <strong>Y\u00f6ntemler<\/strong>: Ekim 2009-\u015eubat 2011 tarihleri aras\u0131nda hastanemize ba\u015fvuran toplam 1069 akut gastroenteritli olgunun d\u0131\u015fk\u0131 \u00f6rneklerinde rotavirus-adenovirus antijen kiti (Rota-Adeno Virus Combo Rapid Test\u00ae, DIMA GmbH, Almanya) kullan\u0131larak imm\u00fcnokromatografik y\u00f6ntemle rotavirus ve adenovirus antijenleri ara\u015ft\u0131r\u0131lm\u0131\u015ft\u0131r. Veriler geriye d\u00f6n\u00fck olarak hasta dosyalar\u0131ndan elde edilmi\u015ftir.<\/p>\n<p> <strong>Bulgular<\/strong>: Hastanemize kabul edilen akut gastroenteritli 1069 hastan\u0131n d\u0131\u015fk\u0131 \u00f6rneklerinin 244 (%22.8)\u2019\u00fcnde rotavirus, 31 (%2.9)\u2019inde adenovirus saptand\u0131. Ayr\u0131ca rotavirus infeksiyonlar\u0131n\u0131n %60\u2019\u0131 ve adenovirus infeksiyonlar\u0131n\u0131n %52.2\u2019si k\u0131\u015f aylar\u0131nda saptanm\u0131\u015ft\u0131r.<\/p>\n<p> <strong>Sonu\u00e7lar<\/strong>: D\u0131\u015fk\u0131 \u00f6rneklerinde rotavirus ve adenovirus antijenlerinin ara\u015ft\u0131r\u0131lmas\u0131 epidemiyolojik ama\u00e7lar a\u00e7\u0131s\u0131ndan \u00f6nemlidir. B\u00f6lgemizde gastroenterit vakalar\u0131nda bu iki etkenin de rutin olarak ara\u015ft\u0131r\u0131lmas\u0131 gerekti\u011fi d\u00fc\u015f\u00fcn\u00fclm\u00fc\u015ft\u00fcr.<\/p>\n","protected":false},"excerpt":{"rendered":"<p>\u00d6zet Ama\u00e7: Bu \u00e7al\u0131\u015fmada akut gastroenteritli olgularda rotavirus ve adenovirus s\u0131kl\u0131\u011f\u0131n\u0131n ya\u015f ve mevsimlere g\u00f6re da\u011f\u0131l\u0131m\u0131n\u0131n ara\u015ft\u0131r\u0131lmas\u0131 ama\u00e7lanm\u0131\u015ft\u0131r. Y\u00f6ntemler: Ekim 2009-\u015eubat 2011 tarihleri aras\u0131nda hastanemize ba\u015fvuran toplam 1069 akut gastroenteritli olgunun d\u0131\u015fk\u0131 \u00f6rneklerinde rotavirus-adenovirus antijen kiti (Rota-Adeno Virus Combo Rapid Test\u00ae, DIMA GmbH, Almanya) kullan\u0131larak imm\u00fcnokromatografik y\u00f6ntemle rotavirus ve adenovirus antijenleri ara\u015ft\u0131r\u0131lm\u0131\u015ft\u0131r. Veriler geriye d\u00f6n\u00fck [&hellip;]<\/p>\n","protected":false},"author":0,"featured_media":0,"comment_status":"","ping_status":"","sticky":false,"template":"","format":"standard","meta":{"_acf_changed":false,"footnotes":""},"categories":[5129],"tags":[3942,3533,3538],"class_list":["post-15965","post","type-post","status-publish","format-standard","hentry","category-ozgun-arastirma","tag-adenovirus","tag-gastroenterit","tag-rotavirus"],"acf":[],"_links":{"self":[{"href":"https:\/\/www.klimikdergisi.org\/tr\/wp-json\/wp\/v2\/posts\/15965","targetHints":{"allow":["GET"]}}],"collection":[{"href":"https:\/\/www.klimikdergisi.org\/tr\/wp-json\/wp\/v2\/posts"}],"about":[{"href":"https:\/\/www.klimikdergisi.org\/tr\/wp-json\/wp\/v2\/types\/post"}],"replies":[{"embeddable":true,"href":"https:\/\/www.klimikdergisi.org\/tr\/wp-json\/wp\/v2\/comments?post=15965"}],"version-history":[{"count":0,"href":"https:\/\/www.klimikdergisi.org\/tr\/wp-json\/wp\/v2\/posts\/15965\/revisions"}],"wp:attachment":[{"href":"https:\/\/www.klimikdergisi.org\/tr\/wp-json\/wp\/v2\/media?parent=15965"}],"wp:term":[{"taxonomy":"category","embeddable":true,"href":"https:\/\/www.klimikdergisi.org\/tr\/wp-json\/wp\/v2\/categories?post=15965"},{"taxonomy":"post_tag","embeddable":true,"href":"https:\/\/www.klimikdergisi.org\/tr\/wp-json\/wp\/v2\/tags?post=15965"}],"curies":[{"name":"wp","href":"https:\/\/api.w.org\/{rel}","templated":true}]}}