{"id":15875,"date":"2021-01-05T01:24:20","date_gmt":"2021-01-04T22:24:20","guid":{"rendered":"https:\/\/www.klimikdergisi.org\/\/2021\/01\/05\/gebelikte-kronik-hepatit-b-yonetimi-turk-klinik-mikrobiyoloji-ve-infeksiyon-hastaliklari-dernegi-viral-hepatit-calisma-grubu-uzlasi-raporu\/"},"modified":"2021-01-05T01:24:20","modified_gmt":"2021-01-04T22:24:20","slug":"gebelikte-kronik-hepatit-b-yonetimi-turk-klinik-mikrobiyoloji-ve-infeksiyon-hastaliklari-dernegi-viral-hepatit-calisma-grubu-uzlasi-raporu","status":"publish","type":"post","link":"https:\/\/www.klimikdergisi.org\/tr\/2021\/01\/05\/gebelikte-kronik-hepatit-b-yonetimi-turk-klinik-mikrobiyoloji-ve-infeksiyon-hastaliklari-dernegi-viral-hepatit-calisma-grubu-uzlasi-raporu\/","title":{"rendered":"Gebelikte Kronik Hepatit B Y\u00f6netimi: T\u00fcrk Klinik Mikrobiyoloji ve \u0130nfeksiyon Hastal\u0131klar\u0131 Derne\u011fi Viral Hepatit \u00c7al\u0131\u015fma Grubu Uzla\u015f\u0131 Raporu"},"content":{"rendered":"<h1>\u00d6zet<\/h1>\n<p> T\u00fcrk Klinik Mikrobiyoloji ve \u0130nfeksiyon Hastal\u0131klar\u0131 Derne\u011fi Viral Hepatit \u00c7al\u0131\u015fma Grubu, baz\u0131 \u00fcyelerine, gerek ileri d\u00f6nemde bir karaci\u011fer hastal\u0131\u011f\u0131 olan anne i\u00e7in, gerekse hepatit B virusu (HBV) bula\u015fmas\u0131 riski alt\u0131ndaki do\u011fmam\u0131\u015f \u00e7ocuk i\u00e7in, karma\u015f\u0131k bir sorun olu\u015fturan gebelikte kronik hepatit B y\u00f6netimi \u00fczerine odaklanan bir uzla\u015f\u0131 raporu haz\u0131rlama g\u00f6revini vermi\u015ftir. Raporda konuyla ilgili literat\u00fcr ve uluslararas\u0131 k\u0131lavuzlar g\u00f6zden ge\u00e7irilmi\u015f ve \u00fczerinde uzla\u015f\u0131lan \u00f6neriler sunulmu\u015ftur. Gebe hastada kronik hepatit B y\u00f6netimi i\u00e7in g\u00fcncel yay\u0131nlardan uyarlanan bir algoritm de \u00f6nerilmi\u015ftir. Do\u011furganl\u0131k \u00e7a\u011f\u0131ndaki bir\u00e7ok kad\u0131n infeksiyonun imm\u00fcn toleran faz\u0131nda oldu\u011fu i\u00e7in genellikle tedavi edilmeleri gerekmez ve gebeli\u011fin erken d\u00f6nemlerinde tedaviye ba\u015flama indikasyonu yoktur. Uygulanan postnatal pasif ve aktif imm\u00fcnoprofilaksiye kar\u015f\u0131n anneden \u00e7ocu\u011fa HBV bula\u015fmas\u0131, y\u00fcksek derecede viremik (HBV DNA &gt;200 000 \u0130\u00dc\/ml) gebelerde \u00fc\u00e7\u00fcnc\u00fc trimestrin ba\u015f\u0131nda antiviral tedaviye ba\u015flanmas\u0131yla \u00f6nlenebilir. Potensi ve dirence kar\u015f\u0131 y\u00fcksek genetik bariyeri g\u00f6z \u00f6n\u00fcne al\u0131nd\u0131\u011f\u0131nda, tenofovir, aktif hepatit B i\u00e7in tedavileri do\u011fumdan sonra da s\u00fcrd\u00fcr\u00fclecek annelerde uygun bir se\u00e7enek olabilir.\u00a0\u00a0<\/p>\n","protected":false},"excerpt":{"rendered":"<p>\u00d6zet T\u00fcrk Klinik Mikrobiyoloji ve \u0130nfeksiyon Hastal\u0131klar\u0131 Derne\u011fi Viral Hepatit \u00c7al\u0131\u015fma Grubu, baz\u0131 \u00fcyelerine, gerek ileri d\u00f6nemde bir karaci\u011fer hastal\u0131\u011f\u0131 olan anne i\u00e7in, gerekse hepatit B virusu (HBV) bula\u015fmas\u0131 riski alt\u0131ndaki do\u011fmam\u0131\u015f \u00e7ocuk i\u00e7in, karma\u015f\u0131k bir sorun olu\u015fturan gebelikte kronik hepatit B y\u00f6netimi \u00fczerine odaklanan bir uzla\u015f\u0131 raporu haz\u0131rlama g\u00f6revini vermi\u015ftir. Raporda konuyla ilgili literat\u00fcr [&hellip;]<\/p>\n","protected":false},"author":0,"featured_media":0,"comment_status":"","ping_status":"","sticky":false,"template":"","format":"standard","meta":{"_acf_changed":false,"footnotes":""},"categories":[5147],"tags":[4309,3875,3328],"class_list":["post-15875","post","type-post","status-publish","format-standard","hentry","category-uzlasi-raporu","tag-antiviral-ajanlar","tag-gebelik","tag-kronik-hepatit-b"],"acf":[],"_links":{"self":[{"href":"https:\/\/www.klimikdergisi.org\/tr\/wp-json\/wp\/v2\/posts\/15875","targetHints":{"allow":["GET"]}}],"collection":[{"href":"https:\/\/www.klimikdergisi.org\/tr\/wp-json\/wp\/v2\/posts"}],"about":[{"href":"https:\/\/www.klimikdergisi.org\/tr\/wp-json\/wp\/v2\/types\/post"}],"replies":[{"embeddable":true,"href":"https:\/\/www.klimikdergisi.org\/tr\/wp-json\/wp\/v2\/comments?post=15875"}],"version-history":[{"count":0,"href":"https:\/\/www.klimikdergisi.org\/tr\/wp-json\/wp\/v2\/posts\/15875\/revisions"}],"wp:attachment":[{"href":"https:\/\/www.klimikdergisi.org\/tr\/wp-json\/wp\/v2\/media?parent=15875"}],"wp:term":[{"taxonomy":"category","embeddable":true,"href":"https:\/\/www.klimikdergisi.org\/tr\/wp-json\/wp\/v2\/categories?post=15875"},{"taxonomy":"post_tag","embeddable":true,"href":"https:\/\/www.klimikdergisi.org\/tr\/wp-json\/wp\/v2\/tags?post=15875"}],"curies":[{"name":"wp","href":"https:\/\/api.w.org\/{rel}","templated":true}]}}