{"id":15869,"date":"2021-01-05T01:24:19","date_gmt":"2021-01-04T22:24:19","guid":{"rendered":"https:\/\/www.klimikdergisi.org\/\/2021\/01\/05\/fulminan-hepatit-b-tedavisi-turk-klinik-mikrobiyoloji-ve-infeksiyon-hastaliklari-dernegi-viral-hepatit-calisma-grubu-uzlasi-raporu\/"},"modified":"2022-06-01T10:05:06","modified_gmt":"2022-06-01T07:05:06","slug":"fulminan-hepatit-b-tedavisi-turk-klinik-mikrobiyoloji-ve-infeksiyon-hastaliklari-dernegi-viral-hepatit-calisma-grubu-uzlasi-raporu","status":"publish","type":"post","link":"https:\/\/www.klimikdergisi.org\/tr\/2021\/01\/05\/fulminan-hepatit-b-tedavisi-turk-klinik-mikrobiyoloji-ve-infeksiyon-hastaliklari-dernegi-viral-hepatit-calisma-grubu-uzlasi-raporu\/","title":{"rendered":"F\u00fclminan Hepatit B Tedavisi: T\u00fcrk Klinik Mikrobiyoloji ve \u0130nfeksiyon Hastal\u0131klar\u0131 Derne\u011fi Viral Hepatit \u00c7al\u0131\u015fma Grubu Uzla\u015f\u0131 Raporu"},"content":{"rendered":"<h1>\u00d6zet<\/h1>\n<p>T\u00fcrk Klinik Mikrobiyoloji ve \u0130nfeksiyon Hastal\u0131klar\u0131 Derne\u011fi Viral Hepatit \u00c7al\u0131\u015fma Grubu, baz\u0131 \u00fcyelerine, etkin bir antiviral yakla\u015f\u0131m\u0131n s\u00f6z konusu oldu\u011fu f\u00fclminan hepatit B \u00fczerine odaklanan bir uzla\u015f\u0131 raporu haz\u0131rlama g\u00f6revini vermi\u015ftir. Raporda hem antiviral hem de antiviral d\u0131\u015f\u0131 tedaviler g\u00f6zden ge\u00e7irilmi\u015ftir. \u00dc\u00e7 uluslararas\u0131 kurulu\u015fun (European Association for the Study of the Liver, American Association for the Study of Liver Disease ve Asian Pacific Association for the Study of the Liver) konuyla ilgili k\u0131lavuzlar\u0131ndaki baz\u0131 pratik \u00f6neriler de benimsenerek kan\u0131t d\u00fczeyi ve \u00f6neri dereceleriyle birlikte raporun sonunda s\u0131ralanm\u0131\u015ft\u0131r.<\/p>\n","protected":false},"excerpt":{"rendered":"<p>\u00d6zet T\u00fcrk Klinik Mikrobiyoloji ve \u0130nfeksiyon Hastal\u0131klar\u0131 Derne\u011fi Viral Hepatit \u00c7al\u0131\u015fma Grubu, baz\u0131 \u00fcyelerine, etkin bir antiviral yakla\u015f\u0131m\u0131n s\u00f6z konusu oldu\u011fu f\u00fclminan hepatit B \u00fczerine odaklanan bir uzla\u015f\u0131 raporu haz\u0131rlama g\u00f6revini vermi\u015ftir. Raporda hem antiviral hem de antiviral d\u0131\u015f\u0131 tedaviler g\u00f6zden ge\u00e7irilmi\u015ftir. \u00dc\u00e7 uluslararas\u0131 kurulu\u015fun (European Association for the Study of the Liver, American Association [&hellip;]<\/p>\n","protected":false},"author":2,"featured_media":0,"comment_status":"closed","ping_status":"closed","sticky":false,"template":"","format":"standard","meta":{"_acf_changed":false,"footnotes":""},"categories":[5147],"tags":[4311,4315,4313],"class_list":["post-15869","post","type-post","status-publish","format-standard","hentry","category-uzlasi-raporu","tag-akut-karaciger-yetmezligi","tag-antiviral","tag-fulminan-hepatit-b"],"acf":[],"_links":{"self":[{"href":"https:\/\/www.klimikdergisi.org\/tr\/wp-json\/wp\/v2\/posts\/15869","targetHints":{"allow":["GET"]}}],"collection":[{"href":"https:\/\/www.klimikdergisi.org\/tr\/wp-json\/wp\/v2\/posts"}],"about":[{"href":"https:\/\/www.klimikdergisi.org\/tr\/wp-json\/wp\/v2\/types\/post"}],"author":[{"embeddable":true,"href":"https:\/\/www.klimikdergisi.org\/tr\/wp-json\/wp\/v2\/users\/2"}],"replies":[{"embeddable":true,"href":"https:\/\/www.klimikdergisi.org\/tr\/wp-json\/wp\/v2\/comments?post=15869"}],"version-history":[{"count":1,"href":"https:\/\/www.klimikdergisi.org\/tr\/wp-json\/wp\/v2\/posts\/15869\/revisions"}],"predecessor-version":[{"id":24874,"href":"https:\/\/www.klimikdergisi.org\/tr\/wp-json\/wp\/v2\/posts\/15869\/revisions\/24874"}],"wp:attachment":[{"href":"https:\/\/www.klimikdergisi.org\/tr\/wp-json\/wp\/v2\/media?parent=15869"}],"wp:term":[{"taxonomy":"category","embeddable":true,"href":"https:\/\/www.klimikdergisi.org\/tr\/wp-json\/wp\/v2\/categories?post=15869"},{"taxonomy":"post_tag","embeddable":true,"href":"https:\/\/www.klimikdergisi.org\/tr\/wp-json\/wp\/v2\/tags?post=15869"}],"curies":[{"name":"wp","href":"https:\/\/api.w.org\/{rel}","templated":true}]}}