{"id":15815,"date":"2021-01-05T01:24:16","date_gmt":"2021-01-04T22:24:16","guid":{"rendered":"https:\/\/www.klimikdergisi.org\/\/2021\/01\/05\/yogun-bakim-unitesinde-kafa-travmali-hastalardan-izole-edilen-pseudomonas-aeruginosa-suslarinin-antibiyotik-duyarliliklari\/"},"modified":"2021-01-05T01:24:16","modified_gmt":"2021-01-04T22:24:16","slug":"yogun-bakim-unitesinde-kafa-travmali-hastalardan-izole-edilen-pseudomonas-aeruginosa-suslarinin-antibiyotik-duyarliliklari","status":"publish","type":"post","link":"https:\/\/www.klimikdergisi.org\/tr\/2021\/01\/05\/yogun-bakim-unitesinde-kafa-travmali-hastalardan-izole-edilen-pseudomonas-aeruginosa-suslarinin-antibiyotik-duyarliliklari\/","title":{"rendered":"Yo\u011fun Bak\u0131m \u00dcnitesinde Kafa Travmal\u0131 Hastalardan \u0130zole Edilen Pseudomonas aeruginosa Su\u015flar\u0131n\u0131n Antibiyotik Duyarl\u0131l\u0131klar\u0131"},"content":{"rendered":"<h1>\u00d6zet<\/h1>\n<p> <strong>Ama\u00e7<\/strong>: Son y\u0131llarda, \u00f6zellikle yo\u011fun bak\u0131m \u00fcnitelerinde non-fermentatif Gram-negatif \u00e7omak infeksiyonlar\u0131 artma e\u011filimindedir. Bu \u00e7al\u0131\u015fmada hastanemizin Anesteziyoloji Yo\u011fun Bak\u0131m \u00dcnitesinde izlenen hastalar\u0131n \u00e7e\u015fitli klinik \u00f6rneklerinden izole edilen Pseudomonas aeruginosa su\u015flar\u0131n\u0131n antibiyotiklere duyarl\u0131l\u0131k oranlar\u0131n\u0131 belirlenmesi ama\u00e7lanm\u0131\u015ft\u0131r.<\/p>\n<p> <strong>Y\u00f6ntemler<\/strong>: Yo\u011fun Bak\u0131m \u00dcnitesinde kafa travmas\u0131 nedeniyle izlenen 113 olgu \u00e7al\u0131\u015fmaya al\u0131nd\u0131. Al\u0131nan k\u00fclt\u00fcrlerden izole edilen P. aeruginosa su\u015flar\u0131n\u0131n antibiyotik duyarl\u0131l\u0131klar\u0131 Clinical and Laboratory Standards Institute (CLSI) kriterlerine g\u00f6re disk dif\u00fczyon testi kullan\u0131larak \u00e7al\u0131\u015f\u0131ld\u0131.<\/p>\n<p> <strong>Bulgular<\/strong>: 113 olgudan 14 (%12.4)\u2019\u00fcn\u00fcn k\u00fclt\u00fcrlerinde P. aeruginosa izole edildi. Bu 14 P. aeruginosa su\u015fundan 6 (%42.8)\u2019s\u0131 seftazidime, 6 (%42.8)\u2019s\u0131 siprofloksasine, 5 (%35.7)\u2019i sefoperazon-sulbaktama, 4 (% 28.6)\u2019\u00fc amikasine, 3 (%21.4)\u2019\u00fc piperasilin-tazobaktama ve 2 (%14.3)\u2019si imipeneme diren\u00e7li olarak saptand\u0131. <\/p>\n<p> <strong>Sonu\u00e7lar<\/strong>: Antibiyotik direncini \u00f6nlemek i\u00e7in antibiyotik duyarl\u0131l\u0131klar\u0131 belirlenerek do\u011fru antibiyotik kullan\u0131m politikalar\u0131 geli\u015ftirilmelidir.\u00a0<\/p>\n","protected":false},"excerpt":{"rendered":"<p>\u00d6zet Ama\u00e7: Son y\u0131llarda, \u00f6zellikle yo\u011fun bak\u0131m \u00fcnitelerinde non-fermentatif Gram-negatif \u00e7omak infeksiyonlar\u0131 artma e\u011filimindedir. Bu \u00e7al\u0131\u015fmada hastanemizin Anesteziyoloji Yo\u011fun Bak\u0131m \u00dcnitesinde izlenen hastalar\u0131n \u00e7e\u015fitli klinik \u00f6rneklerinden izole edilen Pseudomonas aeruginosa su\u015flar\u0131n\u0131n antibiyotiklere duyarl\u0131l\u0131k oranlar\u0131n\u0131 belirlenmesi ama\u00e7lanm\u0131\u015ft\u0131r. Y\u00f6ntemler: Yo\u011fun Bak\u0131m \u00dcnitesinde kafa travmas\u0131 nedeniyle izlenen 113 olgu \u00e7al\u0131\u015fmaya al\u0131nd\u0131. Al\u0131nan k\u00fclt\u00fcrlerden izole edilen P. aeruginosa su\u015flar\u0131n\u0131n [&hellip;]<\/p>\n","protected":false},"author":0,"featured_media":0,"comment_status":"","ping_status":"","sticky":false,"template":"","format":"standard","meta":{"_acf_changed":false,"footnotes":""},"categories":[5129],"tags":[3064,3691],"class_list":["post-15815","post","type-post","status-publish","format-standard","hentry","category-ozgun-arastirma","tag-pseudomonas-aeruginosa","tag-yogun-bakim-uniteleri"],"acf":[],"_links":{"self":[{"href":"https:\/\/www.klimikdergisi.org\/tr\/wp-json\/wp\/v2\/posts\/15815","targetHints":{"allow":["GET"]}}],"collection":[{"href":"https:\/\/www.klimikdergisi.org\/tr\/wp-json\/wp\/v2\/posts"}],"about":[{"href":"https:\/\/www.klimikdergisi.org\/tr\/wp-json\/wp\/v2\/types\/post"}],"replies":[{"embeddable":true,"href":"https:\/\/www.klimikdergisi.org\/tr\/wp-json\/wp\/v2\/comments?post=15815"}],"version-history":[{"count":0,"href":"https:\/\/www.klimikdergisi.org\/tr\/wp-json\/wp\/v2\/posts\/15815\/revisions"}],"wp:attachment":[{"href":"https:\/\/www.klimikdergisi.org\/tr\/wp-json\/wp\/v2\/media?parent=15815"}],"wp:term":[{"taxonomy":"category","embeddable":true,"href":"https:\/\/www.klimikdergisi.org\/tr\/wp-json\/wp\/v2\/categories?post=15815"},{"taxonomy":"post_tag","embeddable":true,"href":"https:\/\/www.klimikdergisi.org\/tr\/wp-json\/wp\/v2\/tags?post=15815"}],"curies":[{"name":"wp","href":"https:\/\/api.w.org\/{rel}","templated":true}]}}