{"id":15797,"date":"2021-01-05T01:24:15","date_gmt":"2021-01-04T22:24:15","guid":{"rendered":"https:\/\/www.klimikdergisi.org\/\/2021\/01\/05\/hastane-personelinde-gorulen-kan-ve-vucut-sivilariyla-iliskili-yaralanmalarin-degerlendirilmesi\/"},"modified":"2021-01-05T01:24:15","modified_gmt":"2021-01-04T22:24:15","slug":"hastane-personelinde-gorulen-kan-ve-vucut-sivilariyla-iliskili-yaralanmalarin-degerlendirilmesi","status":"publish","type":"post","link":"https:\/\/www.klimikdergisi.org\/tr\/2021\/01\/05\/hastane-personelinde-gorulen-kan-ve-vucut-sivilariyla-iliskili-yaralanmalarin-degerlendirilmesi\/","title":{"rendered":"Hastane Personelinde G\u00f6r\u00fclen Kan ve V\u00fccut S\u0131v\u0131lar\u0131yla \u0130li\u015fkili Yaralanmalar\u0131n De\u011ferlendirilmesi"},"content":{"rendered":"<h1>\u00d6zet<\/h1>\n<p> <strong>Ama\u00e7<\/strong>: Sa\u011fl\u0131k \u00e7al\u0131\u015fanlar\u0131, mesleki temaslar\u0131 nedeniyle kan yoluyla bula\u015fan infeksiyonlar a\u00e7\u0131s\u0131ndan risk grubundad\u0131r. Bu \u00e7al\u0131\u015fmada Ba\u015fkent \u00dcniversitesi Konya Uygulama ve Ara\u015ft\u0131rma Merkezi\u2019nde on y\u0131l i\u00e7erisinde g\u00f6r\u00fclen, kan ve v\u00fccut s\u0131v\u0131lar\u0131yla ili\u015fkili yaralanmalar\u0131n de\u011ferlendirilmesi ve buna kar\u015f\u0131 al\u0131nabilecek \u00f6nlemler irdelendi.<\/p>\n<p> <strong>Y\u00f6ntemler<\/strong>: Hastanemizde 2003-2013 y\u0131llar\u0131 aras\u0131nda meydana gelen, kan ve v\u00fccut s\u0131v\u0131lar\u0131yla ili\u015fkili 202 yaralanma retrospektif olarak incelendi.<\/p>\n<p> <strong>Bulgular<\/strong>: \u00c7al\u0131\u015fmam\u0131zda personelin %52.5\u2019inin eldiven, %6.9\u2019unun \u00f6nl\u00fck, %3.9\u2019unun maske, %2.4\u2019\u00fcn\u00fcn g\u00f6zl\u00fck kulland\u0131\u011f\u0131 tespit edildi. 202 personelin 88\u2019inde kaynak belliydi. 47 personel HBsAg-pozitif hastayla temas, 40 personel anti-HCV-pozitif hastayla temas, 1 personel HBsAg- ve anti-HCV-pozitif hastayla temasa maruz kald\u0131. Ba\u011f\u0131\u015f\u0131kl\u0131\u011f\u0131 olmayan ve HBsAg kaynakla temas eden 7 personele hepatit B a\u015f\u0131s\u0131 ve hepatit B imm\u00fcn glob\u00fclini yap\u0131ld\u0131. Takiplerde hi\u00e7bir sa\u011fl\u0131k personelinde serokonversiyon g\u00f6zlenmedi.<\/p>\n<p> <strong>Sonu\u00e7lar<\/strong>: Sonu\u00e7ta sa\u011fl\u0131k \u00e7al\u0131\u015fanlar\u0131 mesleki temas riski, korunma yollar\u0131 ve temas sonras\u0131 izlemle ilgili olarak e\u011fitilmelidirler. Ayn\u0131 zamanda i\u015fe ba\u015flamadan \u00f6nce kan yoluyla ge\u00e7en patojenlerle ilgili taramalar\u0131n yap\u0131lmas\u0131 ve hepatit B\u2019ye kar\u015f\u0131 a\u015f\u0131lanmalar\u0131 \u00f6nemlidir.\u00a0<\/p>\n","protected":false},"excerpt":{"rendered":"<p>\u00d6zet Ama\u00e7: Sa\u011fl\u0131k \u00e7al\u0131\u015fanlar\u0131, mesleki temaslar\u0131 nedeniyle kan yoluyla bula\u015fan infeksiyonlar a\u00e7\u0131s\u0131ndan risk grubundad\u0131r. Bu \u00e7al\u0131\u015fmada Ba\u015fkent \u00dcniversitesi Konya Uygulama ve Ara\u015ft\u0131rma Merkezi\u2019nde on y\u0131l i\u00e7erisinde g\u00f6r\u00fclen, kan ve v\u00fccut s\u0131v\u0131lar\u0131yla ili\u015fkili yaralanmalar\u0131n de\u011ferlendirilmesi ve buna kar\u015f\u0131 al\u0131nabilecek \u00f6nlemler irdelendi. Y\u00f6ntemler: Hastanemizde 2003-2013 y\u0131llar\u0131 aras\u0131nda meydana gelen, kan ve v\u00fccut s\u0131v\u0131lar\u0131yla ili\u015fkili 202 yaralanma retrospektif [&hellip;]<\/p>\n","protected":false},"author":0,"featured_media":0,"comment_status":"","ping_status":"","sticky":false,"template":"","format":"standard","meta":{"_acf_changed":false,"footnotes":""},"categories":[5129],"tags":[3243,4336,3675],"class_list":["post-15797","post","type-post","status-publish","format-standard","hentry","category-ozgun-arastirma","tag-infeksiyon","tag-mesleksel-temas","tag-saglik-calisanlari"],"acf":[],"_links":{"self":[{"href":"https:\/\/www.klimikdergisi.org\/tr\/wp-json\/wp\/v2\/posts\/15797","targetHints":{"allow":["GET"]}}],"collection":[{"href":"https:\/\/www.klimikdergisi.org\/tr\/wp-json\/wp\/v2\/posts"}],"about":[{"href":"https:\/\/www.klimikdergisi.org\/tr\/wp-json\/wp\/v2\/types\/post"}],"replies":[{"embeddable":true,"href":"https:\/\/www.klimikdergisi.org\/tr\/wp-json\/wp\/v2\/comments?post=15797"}],"version-history":[{"count":0,"href":"https:\/\/www.klimikdergisi.org\/tr\/wp-json\/wp\/v2\/posts\/15797\/revisions"}],"wp:attachment":[{"href":"https:\/\/www.klimikdergisi.org\/tr\/wp-json\/wp\/v2\/media?parent=15797"}],"wp:term":[{"taxonomy":"category","embeddable":true,"href":"https:\/\/www.klimikdergisi.org\/tr\/wp-json\/wp\/v2\/categories?post=15797"},{"taxonomy":"post_tag","embeddable":true,"href":"https:\/\/www.klimikdergisi.org\/tr\/wp-json\/wp\/v2\/tags?post=15797"}],"curies":[{"name":"wp","href":"https:\/\/api.w.org\/{rel}","templated":true}]}}