{"id":15791,"date":"2021-01-05T01:24:14","date_gmt":"2021-01-04T22:24:14","guid":{"rendered":"https:\/\/www.klimikdergisi.org\/\/2021\/01\/05\/eskisehir-ilinde-gorulen-tularemi-olgularinin-degerlendirilmesi\/"},"modified":"2021-01-05T01:24:14","modified_gmt":"2021-01-04T22:24:14","slug":"eskisehir-ilinde-gorulen-tularemi-olgularinin-degerlendirilmesi","status":"publish","type":"post","link":"https:\/\/www.klimikdergisi.org\/tr\/2021\/01\/05\/eskisehir-ilinde-gorulen-tularemi-olgularinin-degerlendirilmesi\/","title":{"rendered":"Eski\u015fehir \u0130linde G\u00f6r\u00fclen Tularemi Olgular\u0131n\u0131n De\u011ferlendirilmesi"},"content":{"rendered":"<h1>\u00d6zet<\/h1>\n<p> <strong>Ama\u00e7<\/strong>: Bu \u00e7al\u0131\u015fmada Eski\u015fehir ilinde g\u00f6zlenen tularemi hastalar\u0131n\u0131n epidemiyolojik, demografik ve klinik \u00f6zelliklerinin de\u011ferlendirilmesi ama\u00e7lanm\u0131\u015ft\u0131r.<\/p>\n<p> <strong>Y\u00f6ntemler<\/strong>: Eski\u015fehir Halk Sa\u011fl\u0131\u011f\u0131 M\u00fcd\u00fcrl\u00fc\u011f\u00fc Bula\u015f\u0131c\u0131 Hastal\u0131klar \u015eubesi\u2019ne Ocak 2011-Temmuz 2013 tarihleri aras\u0131nda Eski\u015fehir ilinden tularemi \u015f\u00fcphesi nedeniyle bildirilen hastalara ait Tularemi Olas\u0131 Vaka Bildirim Formlar\u0131 retrospektif olarak de\u011ferlendirildi.<\/p>\n<p> <strong>Bulgular<\/strong>: 2011&#39;de Eski\u015fehir ilindeki ilk tularemi epidemisinde 75 olgu saptanm\u0131\u015f olup, 2012&#39;de epideminin h\u0131z\u0131 azalarak 14 olgu olarak devam etmi\u015ftir. 2013 Temmuz ay\u0131na kadar olan kay\u0131tlar incelendi\u011finde ise ilimizde toplam 1 olgu tespit edildi\u011fi g\u00f6r\u00fclm\u00fc\u015ft\u00fcr. Tularemi saptanan olgular\u0131n 46 (%51.1)\u2019s\u0131 kad\u0131n, 44 (%48.9)\u2019\u00fc erkekti. Ya\u015flar\u0131 3-80 (ortalama 42.48) aras\u0131ndayd\u0131. Ba\u015fvuru \u015fikayetleri incelendi\u011finde en s\u0131k 62 (%68.9) hastada halsizlik, 62 (%68.9) hastada bo\u011faz a\u011fr\u0131s\u0131, 85 (%94.4) hastada lenf bezinde b\u00fcy\u00fcme, 53 (%58.9) hastada ate\u015f ve 51 (%56.7) hastada kas a\u011fr\u0131s\u0131 tespit edilmi\u015f ve \u015fikayetlerin ba\u015fvurudan yakla\u015f\u0131k 1-2 ay \u00f6nce ba\u015flad\u0131\u011f\u0131 belirlenmi\u015ftir. 26 hastada tularemi tan\u0131s\u0131 almadan \u00f6nce farkl\u0131 tan\u0131larla antibiyotik kullan\u0131m \u00f6yk\u00fcs\u00fc mevcuttu.<\/p>\n<p> <strong>Sonu\u00e7lar<\/strong>: B\u00f6lgemizde ate\u015f, bo\u011faz a\u011fr\u0131s\u0131 ve lenf bezinde b\u00fcy\u00fcme \u015fikayetiyle ba\u015fvuran, antibiyotik tedavisine cevap vermeyen, tonsillofarenjiti olan hastalarda tularemi ay\u0131r\u0131c\u0131 tan\u0131da mutlaka akla gelmelidir.<\/p>\n","protected":false},"excerpt":{"rendered":"<p>\u00d6zet Ama\u00e7: Bu \u00e7al\u0131\u015fmada Eski\u015fehir ilinde g\u00f6zlenen tularemi hastalar\u0131n\u0131n epidemiyolojik, demografik ve klinik \u00f6zelliklerinin de\u011ferlendirilmesi ama\u00e7lanm\u0131\u015ft\u0131r. Y\u00f6ntemler: Eski\u015fehir Halk Sa\u011fl\u0131\u011f\u0131 M\u00fcd\u00fcrl\u00fc\u011f\u00fc Bula\u015f\u0131c\u0131 Hastal\u0131klar \u015eubesi\u2019ne Ocak 2011-Temmuz 2013 tarihleri aras\u0131nda Eski\u015fehir ilinden tularemi \u015f\u00fcphesi nedeniyle bildirilen hastalara ait Tularemi Olas\u0131 Vaka Bildirim Formlar\u0131 retrospektif olarak de\u011ferlendirildi. Bulgular: 2011&#39;de Eski\u015fehir ilindeki ilk tularemi epidemisinde 75 olgu saptanm\u0131\u015f [&hellip;]<\/p>\n","protected":false},"author":0,"featured_media":0,"comment_status":"","ping_status":"","sticky":false,"template":"","format":"standard","meta":{"_acf_changed":false,"footnotes":""},"categories":[5129],"tags":[4011,3548,3174],"class_list":["post-15791","post","type-post","status-publish","format-standard","hentry","category-ozgun-arastirma","tag-francisella-tularensis","tag-lenfadenopati","tag-tularemi"],"acf":[],"_links":{"self":[{"href":"https:\/\/www.klimikdergisi.org\/tr\/wp-json\/wp\/v2\/posts\/15791","targetHints":{"allow":["GET"]}}],"collection":[{"href":"https:\/\/www.klimikdergisi.org\/tr\/wp-json\/wp\/v2\/posts"}],"about":[{"href":"https:\/\/www.klimikdergisi.org\/tr\/wp-json\/wp\/v2\/types\/post"}],"replies":[{"embeddable":true,"href":"https:\/\/www.klimikdergisi.org\/tr\/wp-json\/wp\/v2\/comments?post=15791"}],"version-history":[{"count":0,"href":"https:\/\/www.klimikdergisi.org\/tr\/wp-json\/wp\/v2\/posts\/15791\/revisions"}],"wp:attachment":[{"href":"https:\/\/www.klimikdergisi.org\/tr\/wp-json\/wp\/v2\/media?parent=15791"}],"wp:term":[{"taxonomy":"category","embeddable":true,"href":"https:\/\/www.klimikdergisi.org\/tr\/wp-json\/wp\/v2\/categories?post=15791"},{"taxonomy":"post_tag","embeddable":true,"href":"https:\/\/www.klimikdergisi.org\/tr\/wp-json\/wp\/v2\/tags?post=15791"}],"curies":[{"name":"wp","href":"https:\/\/api.w.org\/{rel}","templated":true}]}}