{"id":15749,"date":"2021-01-05T01:24:11","date_gmt":"2021-01-04T22:24:11","guid":{"rendered":"https:\/\/www.klimikdergisi.org\/\/2021\/01\/05\/diyabetik-ayak-infeksiyonlarinin-klinik-ve-bakteriyolojik-olarak-degerlendirilmesi\/"},"modified":"2021-01-05T01:24:11","modified_gmt":"2021-01-04T22:24:11","slug":"diyabetik-ayak-infeksiyonlarinin-klinik-ve-bakteriyolojik-olarak-degerlendirilmesi","status":"publish","type":"post","link":"https:\/\/www.klimikdergisi.org\/tr\/2021\/01\/05\/diyabetik-ayak-infeksiyonlarinin-klinik-ve-bakteriyolojik-olarak-degerlendirilmesi\/","title":{"rendered":"Diyabetik Ayak \u0130nfeksiyonlar\u0131n\u0131n Klinik ve Bakteriyolojik Olarak De\u011ferlendirilmesi"},"content":{"rendered":"<h1>\u00d6zet<\/h1>\n<p> <strong>Ama\u00e7<\/strong>: Bu \u00e7al\u0131\u015fmada diyabetik ayak infeksiyonu etkeni olan mikroorganizmalar ve bunlar\u0131n antibiyoti\u011fe duyarl\u0131l\u0131klar\u0131 belirlenerek hastalar\u0131n ampirik antibiyotik tedavilerine katk\u0131da bulunulmas\u0131 ama\u00e7land\u0131.<\/p>\n<p> <strong>Y\u00f6ntemler<\/strong>: Mart 2010-Mart 2012 tarihleri aras\u0131nda klini\u011fimizde izlenen, diyabetik ayak infeksiyonu tan\u0131s\u0131 alm\u0131\u015f toplam 63 olgu \u00e7al\u0131\u015fmaya dahil edildi. Wagner s\u0131n\u0131flamas\u0131na g\u00f6re yara evrelemesi yap\u0131lan olgular demografik \u00f6zellikleri, laboratuvar bulgular\u0131, infeksiyon etkeni olan mikroorganizmalar ve bu mikroorganizmalar\u0131n antibiyoti\u011fe duyarl\u0131l\u0131klar\u0131 a\u00e7\u0131s\u0131ndan retrospektif olarak incelendi.<\/p>\n<p> <strong>Bulgular<\/strong>: Olgular\u0131n ya\u015flar\u0131 43 ve 90 y\u0131l aras\u0131nda de\u011fi\u015fmek \u00fczere ortalama 61 y\u0131ld\u0131. Olgular\u0131n %71.4\u2019\u00fc erkekti. Wagner s\u0131n\u0131flamas\u0131na g\u00f6re Evre I, II, III, IV ve V\u2019de s\u0131ras\u0131yla %6.3, %22.2, %44.4, %6.3 ve %20.6 olgu yer almaktayd\u0131. Olgular\u0131n %88.5\u2019inde toplam 61 bakteri izole edildi ve bunlar\u0131n %68.9\u2019u Gram-negatif, %31.1\u2019i Gram-pozitif bakteriydi. \u0130zole edilen mikroorganizmalar aras\u0131nda Pseudomonas aeruginosa (%19.7) ilk s\u0131rada yer almaktayd\u0131. Bunu Enterococcus spp. (%16.4), Escherichia coli (%14.7) ve Staphylococcus aureus (%13.1) izlemekteydi. S. aureus su\u015flar\u0131nda metisilin direnci %50 idi. Gram-pozitif bakterilerde vankomisin, teikoplanin ve linezolid direnci saptanmad\u0131. Gram-negatif bakterilerin en duyarl\u0131 oldu\u011fu antibiyotikler imipenem-silastatin ve amikasindi.<\/p>\n<p> <strong>Sonu\u00e7lar<\/strong>: \u00c7al\u0131\u015fmam\u0131z\u0131n sonucunda olgular\u0131n \u00e7o\u011funlu\u011funun ileri evrede yer almas\u0131 ve etken olarak Pseudomonas ba\u015fta olmak \u00fczere Gram-negatif mikroorganizmalar\u0131n \u00e7o\u011funlukta olmas\u0131 nedeniyle \u00fclkemizde diyabetik ayak infeksiyonlar\u0131nda ampirik antibiyotik se\u00e7iminde anti-Pseudomonas ajanlar\u0131n kullan\u0131lmas\u0131 gerekti\u011fi d\u00fc\u015f\u00fcn\u00fcld\u00fc.<\/p>\n","protected":false},"excerpt":{"rendered":"<p>\u00d6zet Ama\u00e7: Bu \u00e7al\u0131\u015fmada diyabetik ayak infeksiyonu etkeni olan mikroorganizmalar ve bunlar\u0131n antibiyoti\u011fe duyarl\u0131l\u0131klar\u0131 belirlenerek hastalar\u0131n ampirik antibiyotik tedavilerine katk\u0131da bulunulmas\u0131 ama\u00e7land\u0131. Y\u00f6ntemler: Mart 2010-Mart 2012 tarihleri aras\u0131nda klini\u011fimizde izlenen, diyabetik ayak infeksiyonu tan\u0131s\u0131 alm\u0131\u015f toplam 63 olgu \u00e7al\u0131\u015fmaya dahil edildi. Wagner s\u0131n\u0131flamas\u0131na g\u00f6re yara evrelemesi yap\u0131lan olgular demografik \u00f6zellikleri, laboratuvar bulgular\u0131, infeksiyon etkeni olan [&hellip;]<\/p>\n","protected":false},"author":0,"featured_media":0,"comment_status":"","ping_status":"","sticky":false,"template":"","format":"standard","meta":{"_acf_changed":false,"footnotes":""},"categories":[5129],"tags":[4353,2969,3243,3064],"class_list":["post-15749","post","type-post","status-publish","format-standard","hentry","category-ozgun-arastirma","tag-diyabetik-ayak","tag-gramnegatif-bakteriler","tag-infeksiyon","tag-pseudomonas-aeruginosa"],"acf":[],"_links":{"self":[{"href":"https:\/\/www.klimikdergisi.org\/tr\/wp-json\/wp\/v2\/posts\/15749","targetHints":{"allow":["GET"]}}],"collection":[{"href":"https:\/\/www.klimikdergisi.org\/tr\/wp-json\/wp\/v2\/posts"}],"about":[{"href":"https:\/\/www.klimikdergisi.org\/tr\/wp-json\/wp\/v2\/types\/post"}],"replies":[{"embeddable":true,"href":"https:\/\/www.klimikdergisi.org\/tr\/wp-json\/wp\/v2\/comments?post=15749"}],"version-history":[{"count":0,"href":"https:\/\/www.klimikdergisi.org\/tr\/wp-json\/wp\/v2\/posts\/15749\/revisions"}],"wp:attachment":[{"href":"https:\/\/www.klimikdergisi.org\/tr\/wp-json\/wp\/v2\/media?parent=15749"}],"wp:term":[{"taxonomy":"category","embeddable":true,"href":"https:\/\/www.klimikdergisi.org\/tr\/wp-json\/wp\/v2\/categories?post=15749"},{"taxonomy":"post_tag","embeddable":true,"href":"https:\/\/www.klimikdergisi.org\/tr\/wp-json\/wp\/v2\/tags?post=15749"}],"curies":[{"name":"wp","href":"https:\/\/api.w.org\/{rel}","templated":true}]}}