{"id":15701,"date":"2021-01-05T01:24:08","date_gmt":"2021-01-04T22:24:08","guid":{"rendered":"https:\/\/www.klimikdergisi.org\/\/2021\/01\/05\/bas-agrisiyla-kendini-gosteren-kirim-kongo-kanamali-atesi-bir-olgu-sunumu\/"},"modified":"2021-01-05T01:24:08","modified_gmt":"2021-01-04T22:24:08","slug":"bas-agrisiyla-kendini-gosteren-kirim-kongo-kanamali-atesi-bir-olgu-sunumu","status":"publish","type":"post","link":"https:\/\/www.klimikdergisi.org\/tr\/2021\/01\/05\/bas-agrisiyla-kendini-gosteren-kirim-kongo-kanamali-atesi-bir-olgu-sunumu\/","title":{"rendered":"Ba\u015f A\u011fr\u0131s\u0131yla Kendini G\u00f6steren K\u0131r\u0131m-Kongo Kanamal\u0131 Ate\u015fi: Bir Olgu Sunumu"},"content":{"rendered":"<h1>\u00d6zet<\/h1>\n<p> Ba\u015f a\u011fr\u0131s\u0131, acil servislerde en s\u0131k kar\u015f\u0131la\u015f\u0131lan semptomlardan birisidir. Hastalar\u0131n b\u00fcy\u00fck bir \u00e7o\u011funlu\u011funda primer ba\u015f a\u011fr\u0131s\u0131 vard\u0131r. Sekonder ba\u015f a\u011fr\u0131lar\u0131 daha az g\u00f6r\u00fclmesine ra\u011fmen, altta yatan ikincil bir hastal\u0131\u011fa i\u015faret etti\u011fi i\u00e7in \u00e7ok \u00f6nemlidir. Sekonder ba\u015f a\u011fr\u0131lar\u0131 grubunda ayr\u0131 bir alt grup, infeksiyon hastal\u0131klar\u0131yla ili\u015fkilendirilen ba\u015f a\u011fr\u0131s\u0131d\u0131r. Ba\u015f a\u011fr\u0131s\u0131, infeksiyon hastal\u0131klar\u0131nda s\u0131k kar\u015f\u0131la\u015f\u0131lan bir semptomdur. Bazen ciddi bir infeksiyon hastal\u0131\u011f\u0131n\u0131n ilk semptomu, ba\u015f a\u011fr\u0131s\u0131 olabilir. \u00d6zellikle tedaviye yan\u0131ts\u0131z ba\u015f a\u011fr\u0131lar\u0131, hekimi sekonder ba\u015f a\u011fr\u0131lar\u0131na y\u00f6nlendirmelidir. K\u0131r\u0131m-Kongo kanamal\u0131 ate\u015fi (KKKA), mortalitesi y\u00fcksek endemik bir hastal\u0131kt\u0131r. Zaman\u0131nda ve do\u011fru tan\u0131 konulmas\u0131, hastan\u0131n tedavisinin yan\u0131 s\u0131ra, bula\u015fma oran\u0131 y\u00fcksek olan bu hastal\u0131ktan korunma tedbirlerinin al\u0131nmas\u0131 a\u00e7\u0131s\u0131ndan da \u00f6nemlidir. Bu yaz\u0131da, KKKA\u2019ya ba\u011fl\u0131 nadir bir sekonder ba\u015f a\u011fr\u0131s\u0131 olgusu sunulmaktad\u0131r.\u00a0<\/p>\n","protected":false},"excerpt":{"rendered":"<p>\u00d6zet Ba\u015f a\u011fr\u0131s\u0131, acil servislerde en s\u0131k kar\u015f\u0131la\u015f\u0131lan semptomlardan birisidir. Hastalar\u0131n b\u00fcy\u00fck bir \u00e7o\u011funlu\u011funda primer ba\u015f a\u011fr\u0131s\u0131 vard\u0131r. Sekonder ba\u015f a\u011fr\u0131lar\u0131 daha az g\u00f6r\u00fclmesine ra\u011fmen, altta yatan ikincil bir hastal\u0131\u011fa i\u015faret etti\u011fi i\u00e7in \u00e7ok \u00f6nemlidir. Sekonder ba\u015f a\u011fr\u0131lar\u0131 grubunda ayr\u0131 bir alt grup, infeksiyon hastal\u0131klar\u0131yla ili\u015fkilendirilen ba\u015f a\u011fr\u0131s\u0131d\u0131r. Ba\u015f a\u011fr\u0131s\u0131, infeksiyon hastal\u0131klar\u0131nda s\u0131k kar\u015f\u0131la\u015f\u0131lan bir [&hellip;]<\/p>\n","protected":false},"author":0,"featured_media":0,"comment_status":"","ping_status":"","sticky":false,"template":"","format":"standard","meta":{"_acf_changed":false,"footnotes":""},"categories":[5131],"tags":[4378,3705,4380],"class_list":["post-15701","post","type-post","status-publish","format-standard","hentry","category-olgu-sunumu","tag-bas-agrisi","tag-infeksiyon-hastaliklari","tag-kirimkongo-hemorajik-atesi-virusu"],"acf":[],"_links":{"self":[{"href":"https:\/\/www.klimikdergisi.org\/tr\/wp-json\/wp\/v2\/posts\/15701","targetHints":{"allow":["GET"]}}],"collection":[{"href":"https:\/\/www.klimikdergisi.org\/tr\/wp-json\/wp\/v2\/posts"}],"about":[{"href":"https:\/\/www.klimikdergisi.org\/tr\/wp-json\/wp\/v2\/types\/post"}],"replies":[{"embeddable":true,"href":"https:\/\/www.klimikdergisi.org\/tr\/wp-json\/wp\/v2\/comments?post=15701"}],"version-history":[{"count":0,"href":"https:\/\/www.klimikdergisi.org\/tr\/wp-json\/wp\/v2\/posts\/15701\/revisions"}],"wp:attachment":[{"href":"https:\/\/www.klimikdergisi.org\/tr\/wp-json\/wp\/v2\/media?parent=15701"}],"wp:term":[{"taxonomy":"category","embeddable":true,"href":"https:\/\/www.klimikdergisi.org\/tr\/wp-json\/wp\/v2\/categories?post=15701"},{"taxonomy":"post_tag","embeddable":true,"href":"https:\/\/www.klimikdergisi.org\/tr\/wp-json\/wp\/v2\/tags?post=15701"}],"curies":[{"name":"wp","href":"https:\/\/api.w.org\/{rel}","templated":true}]}}