{"id":15689,"date":"2021-01-05T01:24:07","date_gmt":"2021-01-04T22:24:07","guid":{"rendered":"https:\/\/www.klimikdergisi.org\/\/2021\/01\/05\/kronik-hepatit-b-kronik-hepatit-c-ve-insan-immun-yetmezlik-virusu-infeksiyonu-olgularinda-stigmatizasyon-algilarinin-karsilastirilmasi\/"},"modified":"2021-01-05T01:24:07","modified_gmt":"2021-01-04T22:24:07","slug":"kronik-hepatit-b-kronik-hepatit-c-ve-insan-immun-yetmezlik-virusu-infeksiyonu-olgularinda-stigmatizasyon-algilarinin-karsilastirilmasi","status":"publish","type":"post","link":"https:\/\/www.klimikdergisi.org\/tr\/2021\/01\/05\/kronik-hepatit-b-kronik-hepatit-c-ve-insan-immun-yetmezlik-virusu-infeksiyonu-olgularinda-stigmatizasyon-algilarinin-karsilastirilmasi\/","title":{"rendered":"Kronik Hepatit B, Kronik Hepatit C ve \u0130nsan \u0130mm\u00fcn Yetmezlik Virusu \u0130nfeksiyonu Olgular\u0131nda Stigmatizasyon Alg\u0131lar\u0131n\u0131n Kar\u015f\u0131la\u015ft\u0131r\u0131lmas\u0131"},"content":{"rendered":"<h1>\u00d6zet<\/h1>\n<p> <strong>Ama\u00e7<\/strong>: Bu \u00e7al\u0131\u015fman\u0131n amac\u0131 kronik hepatit B (KHB), kronik hepatit C (KHC) ve insan imm\u00fcn yetmezlik virusu (HIV) infeksiyonu olgular\u0131nda stigmatizasyon alg\u0131lar\u0131n\u0131 kar\u015f\u0131la\u015ft\u0131rmakt\u0131r.<\/p>\n<p> <strong>Y\u00f6ntemler<\/strong>: \u00c7al\u0131\u015fma Ocak 2010-Haziran 2010 tarihleri aras\u0131nda, 22 KHC, 20 KHB ve 20 HIV infeksiyonu olgusuyla ger\u00e7ekle\u015ftirilmi\u015ftir. Olgulara, tan\u0131lar\u0131n\u0131 yak\u0131n \u00e7evrelerindeki ka\u00e7 ki\u015fiyle payla\u015ft\u0131klar\u0131, tan\u0131lar\u0131n\u0131 ilk kime a\u00e7\u0131klad\u0131klar\u0131 ve infeksiyon hastal\u0131klar\u0131 doktor ve sa\u011fl\u0131k \u00e7al\u0131\u015fanlar\u0131 d\u0131\u015f\u0131ndaki di\u011fer bran\u015f doktorlar\u0131 ve sa\u011fl\u0131k \u00e7al\u0131\u015fanlar\u0131na tan\u0131lar\u0131n\u0131 her zaman a\u00e7\u0131klay\u0131p a\u00e7\u0131klamad\u0131klar\u0131 soruldu. Ayr\u0131ca, olgulara g\u00f6r\u00fc\u015fme s\u0131ras\u0131nda tan\u0131lar\u0131yla ilgili konu\u015fmaktan dolay\u0131 nas\u0131l hissettikleri soruldu.<\/p>\n<p> <strong>Bulgular<\/strong>: HIV infeksiyonu grubunda tan\u0131s\u0131n\u0131 \u00fc\u00e7 ve daha \u00e7ok ki\u015fiye a\u00e7\u0131klama oran\u0131 KHB grubundan daha d\u00fc\u015f\u00fckt\u00fc (p&lt;0.01). Tan\u0131s\u0131n\u0131 infeksiyon hastal\u0131klar\u0131 doktor ve sa\u011fl\u0131k \u00e7al\u0131\u015fanlar\u0131 d\u0131\u015f\u0131ndaki di\u011fer bran\u015f doktor ve sa\u011fl\u0131k \u00e7al\u0131\u015fanlar\u0131yla her zaman payla\u015ft\u0131klar\u0131n\u0131 ifade eden olgu oran\u0131 KHB, KHC ve HIV infeksiyonu grubunda s\u0131ras\u0131yla 20 (%91), 20 (%100) ve 11 (%55) idi. HIV infeksiyonu grubunda bu oran di\u011fer iki gruba g\u00f6re daha d\u00fc\u015f\u00fck (p&lt;0.01) bulundu. Tan\u0131s\u0131yla ilgili konu\u015fmaktan dolay\u0131 kendisini rahats\u0131z hissetme oran\u0131 HIV infeksiyonu grubunda KHB grubundan daha y\u00fcksek (p&lt;0.01) bulundu.<\/p>\n<p> <strong>Sonu\u00e7lar<\/strong>: Bu \u00e7al\u0131\u015fma KHB, KHC ve HIV infeksiyonu olgular\u0131nda stigmatizasyon konusuna dikkat \u00e7ekmek amac\u0131yla planlanm\u0131\u015ft\u0131r. \u00c7al\u0131\u015fmam\u0131zda HIV infeksiyonu grubunda stigmatizasyon alg\u0131s\u0131 daha fazla saptanm\u0131\u015ft\u0131r. Benzer yollarla bula\u015fan bu infeksiyonlardaki stigmatizasyon \u015fiddetinin toplumumuzdaki farkl\u0131l\u0131\u011f\u0131, nedenleri ve \u00e7\u00f6z\u00fcmleri konusunda daha fazla \u00e7al\u0131\u015fmaya ihtiya\u00e7 vard\u0131r.\u00a0<\/p>\n","protected":false},"excerpt":{"rendered":"<p>\u00d6zet Ama\u00e7: Bu \u00e7al\u0131\u015fman\u0131n amac\u0131 kronik hepatit B (KHB), kronik hepatit C (KHC) ve insan imm\u00fcn yetmezlik virusu (HIV) infeksiyonu olgular\u0131nda stigmatizasyon alg\u0131lar\u0131n\u0131 kar\u015f\u0131la\u015ft\u0131rmakt\u0131r. Y\u00f6ntemler: \u00c7al\u0131\u015fma Ocak 2010-Haziran 2010 tarihleri aras\u0131nda, 22 KHC, 20 KHB ve 20 HIV infeksiyonu olgusuyla ger\u00e7ekle\u015ftirilmi\u015ftir. Olgulara, tan\u0131lar\u0131n\u0131 yak\u0131n \u00e7evrelerindeki ka\u00e7 ki\u015fiyle payla\u015ft\u0131klar\u0131, tan\u0131lar\u0131n\u0131 ilk kime a\u00e7\u0131klad\u0131klar\u0131 ve infeksiyon hastal\u0131klar\u0131 [&hellip;]<\/p>\n","protected":false},"author":0,"featured_media":0,"comment_status":"","ping_status":"","sticky":false,"template":"","format":"standard","meta":{"_acf_changed":false,"footnotes":""},"categories":[5129],"tags":[3156,2580,3228,4381],"class_list":["post-15689","post","type-post","status-publish","format-standard","hentry","category-ozgun-arastirma","tag-hepatit-b-virusu","tag-hepatit-c-virusu","tag-hiv","tag-stigmatizasyon"],"acf":[],"_links":{"self":[{"href":"https:\/\/www.klimikdergisi.org\/tr\/wp-json\/wp\/v2\/posts\/15689","targetHints":{"allow":["GET"]}}],"collection":[{"href":"https:\/\/www.klimikdergisi.org\/tr\/wp-json\/wp\/v2\/posts"}],"about":[{"href":"https:\/\/www.klimikdergisi.org\/tr\/wp-json\/wp\/v2\/types\/post"}],"replies":[{"embeddable":true,"href":"https:\/\/www.klimikdergisi.org\/tr\/wp-json\/wp\/v2\/comments?post=15689"}],"version-history":[{"count":0,"href":"https:\/\/www.klimikdergisi.org\/tr\/wp-json\/wp\/v2\/posts\/15689\/revisions"}],"wp:attachment":[{"href":"https:\/\/www.klimikdergisi.org\/tr\/wp-json\/wp\/v2\/media?parent=15689"}],"wp:term":[{"taxonomy":"category","embeddable":true,"href":"https:\/\/www.klimikdergisi.org\/tr\/wp-json\/wp\/v2\/categories?post=15689"},{"taxonomy":"post_tag","embeddable":true,"href":"https:\/\/www.klimikdergisi.org\/tr\/wp-json\/wp\/v2\/tags?post=15689"}],"curies":[{"name":"wp","href":"https:\/\/api.w.org\/{rel}","templated":true}]}}