{"id":15671,"date":"2021-01-05T01:24:06","date_gmt":"2021-01-04T22:24:06","guid":{"rendered":"https:\/\/www.klimikdergisi.org\/\/2021\/01\/05\/sanliurfada-saglik-calisanlarinin-mesleki-bulasici-hastaliklara-karsi-asilanma-duzeyi\/"},"modified":"2021-01-05T01:24:06","modified_gmt":"2021-01-04T22:24:06","slug":"sanliurfada-saglik-calisanlarinin-mesleki-bulasici-hastaliklara-karsi-asilanma-duzeyi","status":"publish","type":"post","link":"https:\/\/www.klimikdergisi.org\/tr\/2021\/01\/05\/sanliurfada-saglik-calisanlarinin-mesleki-bulasici-hastaliklara-karsi-asilanma-duzeyi\/","title":{"rendered":"\u015eanl\u0131urfa&#8217;da Sa\u011fl\u0131k \u00c7al\u0131\u015fanlar\u0131n\u0131n Mesleki Bula\u015f\u0131c\u0131 Hastal\u0131klara Kar\u015f\u0131 A\u015f\u0131lanma D\u00fczeyi"},"content":{"rendered":"<h1>\u00d6zet<\/h1>\n<p> <strong>Ama\u00e7<\/strong>: Sa\u011fl\u0131k hizmetleri \u00e7al\u0131\u015fanlar\u0131, i\u015fyeri ortam\u0131nda pek \u00e7ok biyolojik etkene maruz kalabilmektedir. Bu ara\u015ft\u0131rmada, \u015eanl\u0131urfa\u2019da \u00e7al\u0131\u015fan sa\u011fl\u0131k \u00e7al\u0131\u015fanlar\u0131n\u0131n mesleki bula\u015f\u0131c\u0131 hastal\u0131klarla kar\u015f\u0131la\u015fma, bunlara kar\u015f\u0131 a\u015f\u0131 yapt\u0131rma ve ba\u011f\u0131\u015f\u0131k olma d\u00fczeylerinin saptanmas\u0131 ama\u00e7lanm\u0131\u015ft\u0131r.<\/p>\n<p> <strong>Y\u00f6ntemler<\/strong>: Ara\u015ft\u0131rma kesitsel tiptedir. Mart-Nisan 2013 tarihleri aras\u0131nda \u015eanl\u0131urfa\u2019daki t\u00fcm hastanelerde ve \u015eanl\u0131urfa Halk Sa\u011fl\u0131\u011f\u0131 M\u00fcd\u00fcrl\u00fc\u011f\u00fc\u2019ne ba\u011fl\u0131 kurumlarda y\u00fcr\u00fct\u00fclm\u00fc\u015ft\u00fcr. Ara\u015ft\u0131rman\u0131n y\u00fcr\u00fct\u00fcld\u00fc\u011f\u00fc tarihlerde \u015eanl\u0131urfa\u2019da \u00e7al\u0131\u015fan toplam 6849 ki\u015fi ara\u015ft\u0131rman\u0131n evrenini olu\u015fturmu\u015ftur. \u00d6rneklem se\u00e7ilmemi\u015f, t\u00fcm evren ara\u015ft\u0131rmaya dahil edilmi\u015ftir. Ara\u015ft\u0131rmada 2804 sa\u011fl\u0131k \u00e7al\u0131\u015fan\u0131na ula\u015f\u0131lm\u0131\u015f olup, toplam kat\u0131lma d\u00fczeyi %41\u2019dir. Veri toplamak i\u00e7in yap\u0131land\u0131r\u0131lm\u0131\u015f bir anket kullan\u0131lm\u0131\u015ft\u0131r.<\/p>\n<p> <strong>Bulgular<\/strong>: Ge\u00e7irdikleri hastal\u0131klar bak\u0131m\u0131ndan sa\u011fl\u0131k \u00e7al\u0131\u015fanlar\u0131n\u0131n %31.1\u2019i k\u0131zam\u0131k, %12.1\u2019i k\u0131zam\u0131k\u00e7\u0131k, %34.2\u2019si kabakulak ve %33.9\u2019u su\u00e7i\u00e7e\u011fi ge\u00e7irdi\u011fini belirtmi\u015flerdir. Yapt\u0131rd\u0131klar\u0131 a\u015f\u0131lar y\u00f6n\u00fcnden sorgulanan \u00e7al\u0131\u015fanlar\u0131n %27.0\u2019si k\u0131zam\u0131k, %15.0\u2019i k\u0131zam\u0131k\u00e7\u0131k, %14.4\u2019\u00fc kabakulak, %12.8\u2019i su\u00e7i\u00e7e\u011fi a\u015f\u0131lar\u0131n\u0131 yapt\u0131rm\u0131\u015flard\u0131r. Sa\u011fl\u0131k \u00e7al\u0131\u015fanlar\u0131n\u0131n %11.1\u2019i hepatit A ge\u00e7irdi\u011fini belirtirken, %16.8\u2019i hepatit A a\u015f\u0131s\u0131 yapt\u0131rm\u0131\u015ft\u0131r. \u00c7al\u0131\u015fanlar\u0131n %5.7\u2019si hepatit B hastas\u0131 oldu\u011funu belirtirken, %63.8\u2019i en az 3 doz hepatit B a\u015f\u0131s\u0131 yapt\u0131rm\u0131\u015ft\u0131r. Sa\u011fl\u0131k \u00e7al\u0131\u015fanlar\u0131 aras\u0131nda tetanos-difteri (Td) imm\u00fcnizasyonunu tamamlayanlar\u0131n oran\u0131 %49.7 iken, primer ba\u011f\u0131\u015f\u0131klamadan sonra Td yapt\u0131rma oran\u0131 %38\u2019dir.<\/p>\n<p> <strong>Sonu\u00e7lar<\/strong>: Sa\u011fl\u0131k \u00e7al\u0131\u015fanlar\u0131n\u0131n \u00f6nemli bir k\u0131sm\u0131 mesleki bula\u015f\u0131c\u0131 hastal\u0131klarla ilgili infeksiyon ge\u00e7irme ve a\u015f\u0131 olma durumlar\u0131n\u0131 bilmemektedir ve antikor kontrol\u00fcyle ba\u011f\u0131\u015f\u0131kl\u0131k durumlar\u0131 saptanmam\u0131\u015ft\u0131r. T\u00fcm sa\u011fl\u0131k merkezlerinde en h\u0131zl\u0131 bi\u00e7imde mesleki sa\u011fl\u0131k birimlerinin kurularak muayene, e\u011fitim ve kay\u0131t \u00e7al\u0131\u015fmalar\u0131n\u0131 y\u00fcr\u00fctmesi gerekmektedir.<\/p>\n","protected":false},"excerpt":{"rendered":"<p>\u00d6zet Ama\u00e7: Sa\u011fl\u0131k hizmetleri \u00e7al\u0131\u015fanlar\u0131, i\u015fyeri ortam\u0131nda pek \u00e7ok biyolojik etkene maruz kalabilmektedir. Bu ara\u015ft\u0131rmada, \u015eanl\u0131urfa\u2019da \u00e7al\u0131\u015fan sa\u011fl\u0131k \u00e7al\u0131\u015fanlar\u0131n\u0131n mesleki bula\u015f\u0131c\u0131 hastal\u0131klarla kar\u015f\u0131la\u015fma, bunlara kar\u015f\u0131 a\u015f\u0131 yapt\u0131rma ve ba\u011f\u0131\u015f\u0131k olma d\u00fczeylerinin saptanmas\u0131 ama\u00e7lanm\u0131\u015ft\u0131r. Y\u00f6ntemler: Ara\u015ft\u0131rma kesitsel tiptedir. Mart-Nisan 2013 tarihleri aras\u0131nda \u015eanl\u0131urfa\u2019daki t\u00fcm hastanelerde ve \u015eanl\u0131urfa Halk Sa\u011fl\u0131\u011f\u0131 M\u00fcd\u00fcrl\u00fc\u011f\u00fc\u2019ne ba\u011fl\u0131 kurumlarda y\u00fcr\u00fct\u00fclm\u00fc\u015ft\u00fcr. Ara\u015ft\u0131rman\u0131n y\u00fcr\u00fct\u00fcld\u00fc\u011f\u00fc tarihlerde [&hellip;]<\/p>\n","protected":false},"author":0,"featured_media":0,"comment_status":"","ping_status":"","sticky":false,"template":"","format":"standard","meta":{"_acf_changed":false,"footnotes":""},"categories":[5129],"tags":[4391,4389,3675],"class_list":["post-15671","post","type-post","status-publish","format-standard","hentry","category-ozgun-arastirma","tag-bulasici-hastaliklar","tag-mesleki-hastaliklar","tag-saglik-calisanlari"],"acf":[],"_links":{"self":[{"href":"https:\/\/www.klimikdergisi.org\/tr\/wp-json\/wp\/v2\/posts\/15671","targetHints":{"allow":["GET"]}}],"collection":[{"href":"https:\/\/www.klimikdergisi.org\/tr\/wp-json\/wp\/v2\/posts"}],"about":[{"href":"https:\/\/www.klimikdergisi.org\/tr\/wp-json\/wp\/v2\/types\/post"}],"replies":[{"embeddable":true,"href":"https:\/\/www.klimikdergisi.org\/tr\/wp-json\/wp\/v2\/comments?post=15671"}],"version-history":[{"count":0,"href":"https:\/\/www.klimikdergisi.org\/tr\/wp-json\/wp\/v2\/posts\/15671\/revisions"}],"wp:attachment":[{"href":"https:\/\/www.klimikdergisi.org\/tr\/wp-json\/wp\/v2\/media?parent=15671"}],"wp:term":[{"taxonomy":"category","embeddable":true,"href":"https:\/\/www.klimikdergisi.org\/tr\/wp-json\/wp\/v2\/categories?post=15671"},{"taxonomy":"post_tag","embeddable":true,"href":"https:\/\/www.klimikdergisi.org\/tr\/wp-json\/wp\/v2\/tags?post=15671"}],"curies":[{"name":"wp","href":"https:\/\/api.w.org\/{rel}","templated":true}]}}