{"id":15611,"date":"2021-01-05T01:24:02","date_gmt":"2021-01-04T22:24:02","guid":{"rendered":"https:\/\/www.klimikdergisi.org\/\/2021\/01\/05\/saglik-calisanlarinin-hiv-aids-olgularina-yaklasimlari\/"},"modified":"2021-01-05T01:24:02","modified_gmt":"2021-01-04T22:24:02","slug":"saglik-calisanlarinin-hiv-aids-olgularina-yaklasimlari","status":"publish","type":"post","link":"https:\/\/www.klimikdergisi.org\/tr\/2021\/01\/05\/saglik-calisanlarinin-hiv-aids-olgularina-yaklasimlari\/","title":{"rendered":"Sa\u011fl\u0131k \u00c7al\u0131\u015fanlar\u0131n\u0131n HIV\/AIDS Olgular\u0131na Yakla\u015f\u0131mlar\u0131"},"content":{"rendered":"<h1>\u00d6zet<\/h1>\n<p> <strong>Ama\u00e7<\/strong>: Bu \u00e7al\u0131\u015fmada bir e\u011fitim ve ara\u015ft\u0131rma hastanesindeki hekim ve hem\u015firelerin HIV\/AIDS olgular\u0131na kar\u015f\u0131 \u00f6nyarg\u0131lar\u0131n\u0131n boyutunun ortaya \u00e7\u0131kar\u0131lmas\u0131 ve bu \u00f6nyarg\u0131ya neden olabilecek fakt\u00f6rlerin saptanmas\u0131 ama\u00e7lanm\u0131\u015ft\u0131r.<\/p>\n<p> <strong>Y\u00f6ntemler<\/strong>: Toplam 39 sorudan olu\u015fan, kat\u0131l\u0131mc\u0131lar\u0131n demografik \u00f6zelliklerini belirleyen, hastal\u0131k hakk\u0131ndaki bilgi d\u00fczeylerini ve hastal\u0131\u011fa kar\u015f\u0131 var olan \u00f6nyarg\u0131lar\u0131n\u0131 \u00f6l\u00e7en bir anket, 126 hekim ve hem\u015fireye uyguland\u0131. Anket sonucunda kat\u0131l\u0131mc\u0131lar\u0131n demografik \u00f6zellikleriyle hastal\u0131k hakk\u0131ndaki bilgi ve \u00f6nyarg\u0131 seviyeleri aras\u0131nda korelasyon saptand\u0131. Bilgi d\u00fczeyi ve \u00f6nyarg\u0131 seviyesi aras\u0131ndaki ili\u015fkinin incelendi\u011fi b\u00f6l\u00fcmde do\u011fru cevapland\u0131r\u0131lan sorulara bir, yanl\u0131\u015f cevapland\u0131r\u0131lan sorulara s\u0131f\u0131r puan verilerek kat\u0131l\u0131mc\u0131lar\u0131n bilgi ve \u00f6nyarg\u0131 puanlar\u0131 belirlendi. Bunlar aras\u0131ndaki ili\u015fki, sa\u00e7\u0131l\u0131m grafi\u011fi ve lineer regresyon analiziyle saptand\u0131.<\/p>\n<p> <strong>Bulgular<\/strong>: HIV\/AIDS hakk\u0131ndaki bilgi eksikli\u011fi ve \u00f6nyarg\u0131 t\u00fcm kat\u0131l\u0131mc\u0131lar aras\u0131nda y\u00fcksek bulunmakla birlikte lise mezunu olanlarda ve hem\u015firelerde daha y\u00fcksek, \u00fcniversite mezunu olanlarda ve doktorlarda daha d\u00fc\u015f\u00fck saptand\u0131. HIV\/AIDS\u2019li hasta takibinde yer alm\u0131\u015f olman\u0131n veya infeksiyon hastal\u0131klar\u0131 ve klinik mikrobiyoloji klini\u011finde \u00e7al\u0131\u015f\u0131yor olman\u0131n, bilgi d\u00fczeyi ve \u00f6nyarg\u0131 \u00fczerine herhangi bir etkisi saptanmad\u0131. Kat\u0131l\u0131mc\u0131lar\u0131n bilgi d\u00fczeyi artt\u0131k\u00e7a \u00f6nyarg\u0131 seviyeleri azald\u0131. Bununla birlikte \u00f6nyarg\u0131 olu\u015fumunda bilgi d\u00fczeyi d\u0131\u015f\u0131nda ba\u015fka fakt\u00f6rlerin de etkili oldu\u011fu g\u00f6zlendi.<\/p>\n<p> <strong>Sonu\u00e7lar<\/strong>: Sa\u011fl\u0131k \u00e7al\u0131\u015fanlar\u0131 aras\u0131nda HIV\/AIDS\u2019e kar\u015f\u0131 var olan \u00f6nyarg\u0131n\u0131n nedenlerinden bir tanesi, hastal\u0131kla ilgili bilgi yetersizli\u011fidir. \u00d6nyarg\u0131n\u0131n \u00f6nlenmesi i\u00e7in sa\u011fl\u0131k \u00e7al\u0131\u015fanlar\u0131n\u0131n bilgi d\u00fczeyleri y\u00fckseltilmeli, \u00f6nyarg\u0131 olu\u015fumunda rol oynayan bilgi eksikli\u011fi d\u0131\u015f\u0131ndaki fakt\u00f6rler ara\u015ft\u0131r\u0131lmal\u0131d\u0131r.\u00a0<\/p>\n","protected":false},"excerpt":{"rendered":"<p>\u00d6zet Ama\u00e7: Bu \u00e7al\u0131\u015fmada bir e\u011fitim ve ara\u015ft\u0131rma hastanesindeki hekim ve hem\u015firelerin HIV\/AIDS olgular\u0131na kar\u015f\u0131 \u00f6nyarg\u0131lar\u0131n\u0131n boyutunun ortaya \u00e7\u0131kar\u0131lmas\u0131 ve bu \u00f6nyarg\u0131ya neden olabilecek fakt\u00f6rlerin saptanmas\u0131 ama\u00e7lanm\u0131\u015ft\u0131r. Y\u00f6ntemler: Toplam 39 sorudan olu\u015fan, kat\u0131l\u0131mc\u0131lar\u0131n demografik \u00f6zelliklerini belirleyen, hastal\u0131k hakk\u0131ndaki bilgi d\u00fczeylerini ve hastal\u0131\u011fa kar\u015f\u0131 var olan \u00f6nyarg\u0131lar\u0131n\u0131 \u00f6l\u00e7en bir anket, 126 hekim ve hem\u015fireye uyguland\u0131. Anket [&hellip;]<\/p>\n","protected":false},"author":0,"featured_media":0,"comment_status":"","ping_status":"","sticky":false,"template":"","format":"standard","meta":{"_acf_changed":false,"footnotes":""},"categories":[5129],"tags":[4361,3228,4404,3675],"class_list":["post-15611","post","type-post","status-publish","format-standard","hentry","category-ozgun-arastirma","tag-edinsel-immun-yetmezlik-sendromu","tag-hiv","tag-onyargi","tag-saglik-calisanlari"],"acf":[],"_links":{"self":[{"href":"https:\/\/www.klimikdergisi.org\/tr\/wp-json\/wp\/v2\/posts\/15611","targetHints":{"allow":["GET"]}}],"collection":[{"href":"https:\/\/www.klimikdergisi.org\/tr\/wp-json\/wp\/v2\/posts"}],"about":[{"href":"https:\/\/www.klimikdergisi.org\/tr\/wp-json\/wp\/v2\/types\/post"}],"replies":[{"embeddable":true,"href":"https:\/\/www.klimikdergisi.org\/tr\/wp-json\/wp\/v2\/comments?post=15611"}],"version-history":[{"count":0,"href":"https:\/\/www.klimikdergisi.org\/tr\/wp-json\/wp\/v2\/posts\/15611\/revisions"}],"wp:attachment":[{"href":"https:\/\/www.klimikdergisi.org\/tr\/wp-json\/wp\/v2\/media?parent=15611"}],"wp:term":[{"taxonomy":"category","embeddable":true,"href":"https:\/\/www.klimikdergisi.org\/tr\/wp-json\/wp\/v2\/categories?post=15611"},{"taxonomy":"post_tag","embeddable":true,"href":"https:\/\/www.klimikdergisi.org\/tr\/wp-json\/wp\/v2\/tags?post=15611"}],"curies":[{"name":"wp","href":"https:\/\/api.w.org\/{rel}","templated":true}]}}