{"id":15515,"date":"2021-01-05T01:23:50","date_gmt":"2021-01-04T22:23:50","guid":{"rendered":"https:\/\/www.klimikdergisi.org\/\/2021\/01\/05\/sanliurfa-il-merkezinde-bruselloz-prevalansi-ve-iliskili-risk-faktorleri\/"},"modified":"2021-01-05T01:23:50","modified_gmt":"2021-01-04T22:23:50","slug":"sanliurfa-il-merkezinde-bruselloz-prevalansi-ve-iliskili-risk-faktorleri","status":"publish","type":"post","link":"https:\/\/www.klimikdergisi.org\/tr\/2021\/01\/05\/sanliurfa-il-merkezinde-bruselloz-prevalansi-ve-iliskili-risk-faktorleri\/","title":{"rendered":"\u015eanl\u0131urfa \u0130l Merkezinde Bruselloz Prevalans\u0131 ve \u0130li\u015fkili Risk Fakt\u00f6rleri"},"content":{"rendered":"<h1>\u00d6zet<\/h1>\n<p> <strong>Ama\u00e7<\/strong>: Bu \u00e7al\u0131\u015fman\u0131n amac\u0131 \u015eanl\u0131urfa il merkezinde bruselloz prevalans\u0131 ve ili\u015fkili risk fakt\u00f6rlerini saptamakt\u0131r.<\/p>\n<p> <strong>Y\u00f6ntemler<\/strong>: \u00c7al\u0131\u015fma, Ocak 2010-Nisan 2010 tarihleri aras\u0131nda, \u015eanl\u0131urfa il merkezinde ya\u015fayan, k\u00fcme \u00f6rnekleme y\u00f6ntemiyle hesaplanan 18 ya\u015f \u00fcst\u00fc 1050 ki\u015fide yap\u0131ld\u0131. Sosyodemografik \u00f6zelliklerin, bruselloza \u00f6zg\u00fc epidemiyolojik \u00f6zelliklerin ve \u015fikayetlerinin sorguland\u0131\u011f\u0131 anket formu, her bir kat\u0131l\u0131mc\u0131yla y\u00fcz y\u00fcze g\u00f6r\u00fc\u015f\u00fclerek uyguland\u0131. Serum \u00f6rneklerine &quot;rose&quot; Bengal (RB) lam agl\u00fctinasyon testi ve Wright standard t\u00fcp agl\u00fctinasyon (STA) testi uyguland\u0131.<\/p>\n<p> <strong>Bulgular<\/strong>: \u00c7al\u0131\u015fmaya al\u0131nan 1050 ki\u015finin 702 (%66.9)&#39;si kad\u0131nd\u0131. Ya\u015f ortalamas\u0131 35.39\u00b113.46 (ya\u015f aral\u0131\u011f\u0131 18-90) y\u0131l olarak bulundu. RB testiyle 1050 ki\u015finin 39 (%3.7)&#39;unda, STA testiyle 9 (%0.9)\u2019unda seropozitiflik saptand\u0131. Seropozitiflik a\u00e7\u0131s\u0131ndan ya\u015f gruplar\u0131 aras\u0131nda istatistiksel olarak anlaml\u0131 fark yoktu (p&gt;0.05). Kad\u0131nlarda seropozitiflik %1.0 iken, erkeklerde %0.6 ile daha d\u00fc\u015f\u00fck olmakla birlikte, aradaki fark istatistiksel olarak anlaml\u0131 de\u011fildi (p&gt;0.05). Sosyal g\u00fcvence durumu, e\u011fitim d\u00fczeyi, meslek gruplar\u0131 aras\u0131nda bruselloz seropozitifli\u011fi a\u00e7\u0131s\u0131ndan istatistiksel olarak anlaml\u0131 farkl\u0131l\u0131k bulunmad\u0131 (p&gt;0.05).<\/p>\n<p> <strong>Sonu\u00e7lar<\/strong>: B\u00f6lgemizdeki bruselloz seropozitifli\u011fiyle ilgili az say\u0131da \u00e7al\u0131\u015fma yap\u0131lm\u0131\u015ft\u0131r. Prevalans \u00e7al\u0131\u015fmalar\u0131 ve Sa\u011fl\u0131k Bakanl\u0131\u011f\u0131 verileri kar\u015f\u0131la\u015ft\u0131r\u0131ld\u0131\u011f\u0131nda hastal\u0131k bildirimlerinin t\u00fcm olgular\u0131 kapsamad\u0131\u011f\u0131 g\u00f6r\u00fclmektedir. Bildirim sistemi daha iyi sonu\u00e7lar verinceye dek \u00fclkenin ger\u00e7ek verilerine ula\u015fmak amac\u0131yla \u00e7ok merkezli prevalans \u00e7al\u0131\u015fmalar\u0131n\u0131n yap\u0131lmas\u0131na ihtiya\u00e7 vard\u0131r.<\/p>\n","protected":false},"excerpt":{"rendered":"<p>\u00d6zet Ama\u00e7: Bu \u00e7al\u0131\u015fman\u0131n amac\u0131 \u015eanl\u0131urfa il merkezinde bruselloz prevalans\u0131 ve ili\u015fkili risk fakt\u00f6rlerini saptamakt\u0131r. Y\u00f6ntemler: \u00c7al\u0131\u015fma, Ocak 2010-Nisan 2010 tarihleri aras\u0131nda, \u015eanl\u0131urfa il merkezinde ya\u015fayan, k\u00fcme \u00f6rnekleme y\u00f6ntemiyle hesaplanan 18 ya\u015f \u00fcst\u00fc 1050 ki\u015fide yap\u0131ld\u0131. Sosyodemografik \u00f6zelliklerin, bruselloza \u00f6zg\u00fc epidemiyolojik \u00f6zelliklerin ve \u015fikayetlerinin sorguland\u0131\u011f\u0131 anket formu, her bir kat\u0131l\u0131mc\u0131yla y\u00fcz y\u00fcze g\u00f6r\u00fc\u015f\u00fclerek uyguland\u0131. Serum [&hellip;]<\/p>\n","protected":false},"author":0,"featured_media":0,"comment_status":"","ping_status":"","sticky":false,"template":"","format":"standard","meta":{"_acf_changed":false,"footnotes":""},"categories":[5129],"tags":[2821,2660,3132],"class_list":["post-15515","post","type-post","status-publish","format-standard","hentry","category-ozgun-arastirma","tag-bruselloz","tag-epidemiyoloji","tag-prevalans"],"acf":[],"_links":{"self":[{"href":"https:\/\/www.klimikdergisi.org\/tr\/wp-json\/wp\/v2\/posts\/15515","targetHints":{"allow":["GET"]}}],"collection":[{"href":"https:\/\/www.klimikdergisi.org\/tr\/wp-json\/wp\/v2\/posts"}],"about":[{"href":"https:\/\/www.klimikdergisi.org\/tr\/wp-json\/wp\/v2\/types\/post"}],"replies":[{"embeddable":true,"href":"https:\/\/www.klimikdergisi.org\/tr\/wp-json\/wp\/v2\/comments?post=15515"}],"version-history":[{"count":0,"href":"https:\/\/www.klimikdergisi.org\/tr\/wp-json\/wp\/v2\/posts\/15515\/revisions"}],"wp:attachment":[{"href":"https:\/\/www.klimikdergisi.org\/tr\/wp-json\/wp\/v2\/media?parent=15515"}],"wp:term":[{"taxonomy":"category","embeddable":true,"href":"https:\/\/www.klimikdergisi.org\/tr\/wp-json\/wp\/v2\/categories?post=15515"},{"taxonomy":"post_tag","embeddable":true,"href":"https:\/\/www.klimikdergisi.org\/tr\/wp-json\/wp\/v2\/tags?post=15515"}],"curies":[{"name":"wp","href":"https:\/\/api.w.org\/{rel}","templated":true}]}}