{"id":15437,"date":"2021-01-05T01:23:45","date_gmt":"2021-01-04T22:23:45","guid":{"rendered":"https:\/\/www.klimikdergisi.org\/\/2021\/01\/05\/klebsiella-pneumoniaeye-bagli-invazif-karaciger-apsesi-sendromu-ve-gorme-kaybina-neden-olan-metastatik-infeksiyon-bir-olgu-bildirisi\/"},"modified":"2021-01-05T01:23:45","modified_gmt":"2021-01-04T22:23:45","slug":"klebsiella-pneumoniaeye-bagli-invazif-karaciger-apsesi-sendromu-ve-gorme-kaybina-neden-olan-metastatik-infeksiyon-bir-olgu-bildirisi","status":"publish","type":"post","link":"https:\/\/www.klimikdergisi.org\/tr\/2021\/01\/05\/klebsiella-pneumoniaeye-bagli-invazif-karaciger-apsesi-sendromu-ve-gorme-kaybina-neden-olan-metastatik-infeksiyon-bir-olgu-bildirisi\/","title":{"rendered":"Klebsiella pneumoniae&#8217;ye Ba\u011fl\u0131 \u0130nvazif Karaci\u011fer Apsesi Sendromu ve G\u00f6rme Kayb\u0131na Neden Olan Metastatik \u0130nfeksiyon: Bir Olgu Bildirisi"},"content":{"rendered":"<h1>\u00d6zet<\/h1>\n<p> Klebsiella pneumoniae\u2019ye ba\u011fl\u0131 invazif karaci\u011fer apsesi sendromu ilk kez Tayvan\u2019dan bildirilmi\u015f ve ilgili \u00e7al\u0131\u015fmalar da genellikle Do\u011fu Asya \u00fclkelerinde yap\u0131lm\u0131\u015ft\u0131r. Ancak son y\u0131llarda d\u00fcnyan\u0131n her yerinden benzer olgular tan\u0131mlanm\u0131\u015ft\u0131r. Primer karaci\u011fer apsesi olan olgularda metastatik infeksiyonlara nadiren rastlan\u0131r; ancak etyolojik ajan K. pneumoniae ise, \u00f6zellikle K1 ve K2 serotiplerinde metastatik infeksiyonlar daha s\u0131k g\u00f6r\u00fcl\u00fcr. En s\u0131k metastatik infeksiyonlar, endoftalmi, menenjit ve beyin apsesidir. Bu yaz\u0131da K. pneumoniae\u2019nin etken oldu\u011fu primer karaci\u011fer apsesi olan ve metastatik infeksiyon olarak endoftalminin e\u015flik etti\u011fi diyabetik olmayan 49 ya\u015f\u0131nda bir erkek hasta, ciddi morbiditesi olan bu sendroma dikkat \u00e7ekmek i\u00e7in sunulmu\u015ftur. Sistemik ve lokal antibiyotik tedavisine ve perk\u00fctan drenaja ra\u011fmen hastada kal\u0131c\u0131 tam g\u00f6rme kayb\u0131 geli\u015fmi\u015ftir. Bu sendromdan \u015f\u00fcphe edildi\u011finde etyolojik etkenler i\u00e7in serolojik subtiplendirme ve virulans analizi yap\u0131lmal\u0131d\u0131r.\u00a0<\/p>\n","protected":false},"excerpt":{"rendered":"<p>\u00d6zet Klebsiella pneumoniae\u2019ye ba\u011fl\u0131 invazif karaci\u011fer apsesi sendromu ilk kez Tayvan\u2019dan bildirilmi\u015f ve ilgili \u00e7al\u0131\u015fmalar da genellikle Do\u011fu Asya \u00fclkelerinde yap\u0131lm\u0131\u015ft\u0131r. Ancak son y\u0131llarda d\u00fcnyan\u0131n her yerinden benzer olgular tan\u0131mlanm\u0131\u015ft\u0131r. Primer karaci\u011fer apsesi olan olgularda metastatik infeksiyonlara nadiren rastlan\u0131r; ancak etyolojik ajan K. pneumoniae ise, \u00f6zellikle K1 ve K2 serotiplerinde metastatik infeksiyonlar daha s\u0131k g\u00f6r\u00fcl\u00fcr. [&hellip;]<\/p>\n","protected":false},"author":0,"featured_media":0,"comment_status":"","ping_status":"","sticky":false,"template":"","format":"standard","meta":{"_acf_changed":false,"footnotes":""},"categories":[5131],"tags":[4305,4472,2962],"class_list":["post-15437","post","type-post","status-publish","format-standard","hentry","category-olgu-sunumu","tag-endoftalmi","tag-karaciger-apsesi","tag-klebsiella-pneumoniae"],"acf":[],"_links":{"self":[{"href":"https:\/\/www.klimikdergisi.org\/tr\/wp-json\/wp\/v2\/posts\/15437","targetHints":{"allow":["GET"]}}],"collection":[{"href":"https:\/\/www.klimikdergisi.org\/tr\/wp-json\/wp\/v2\/posts"}],"about":[{"href":"https:\/\/www.klimikdergisi.org\/tr\/wp-json\/wp\/v2\/types\/post"}],"replies":[{"embeddable":true,"href":"https:\/\/www.klimikdergisi.org\/tr\/wp-json\/wp\/v2\/comments?post=15437"}],"version-history":[{"count":0,"href":"https:\/\/www.klimikdergisi.org\/tr\/wp-json\/wp\/v2\/posts\/15437\/revisions"}],"wp:attachment":[{"href":"https:\/\/www.klimikdergisi.org\/tr\/wp-json\/wp\/v2\/media?parent=15437"}],"wp:term":[{"taxonomy":"category","embeddable":true,"href":"https:\/\/www.klimikdergisi.org\/tr\/wp-json\/wp\/v2\/categories?post=15437"},{"taxonomy":"post_tag","embeddable":true,"href":"https:\/\/www.klimikdergisi.org\/tr\/wp-json\/wp\/v2\/tags?post=15437"}],"curies":[{"name":"wp","href":"https:\/\/api.w.org\/{rel}","templated":true}]}}