{"id":15413,"date":"2021-01-05T01:23:43","date_gmt":"2021-01-04T22:23:43","guid":{"rendered":"https:\/\/www.klimikdergisi.org\/\/2021\/01\/05\/diyabetik-ayak-yarasi-olan-hastalarda-staphylococcus-aureus-burun-tasiyiciligi-sikligi-ve-tasiyicilikla-iliskili-risk-faktorleri\/"},"modified":"2021-01-05T01:23:43","modified_gmt":"2021-01-04T22:23:43","slug":"diyabetik-ayak-yarasi-olan-hastalarda-staphylococcus-aureus-burun-tasiyiciligi-sikligi-ve-tasiyicilikla-iliskili-risk-faktorleri","status":"publish","type":"post","link":"https:\/\/www.klimikdergisi.org\/tr\/2021\/01\/05\/diyabetik-ayak-yarasi-olan-hastalarda-staphylococcus-aureus-burun-tasiyiciligi-sikligi-ve-tasiyicilikla-iliskili-risk-faktorleri\/","title":{"rendered":"Diyabetik Ayak Yaras\u0131 Olan Hastalarda Staphylococcus aureus Burun Ta\u015f\u0131y\u0131c\u0131l\u0131\u011f\u0131 S\u0131kl\u0131\u011f\u0131 ve Ta\u015f\u0131y\u0131c\u0131l\u0131kla \u0130li\u015fkili Risk Fakt\u00f6rleri"},"content":{"rendered":"<h1>\u00d6zet<\/h1>\n<p> <strong>Ama\u00e7<\/strong>: Bu \u00e7al\u0131\u015fmada, diyabetik ayak (DA) yaras\u0131 olan hastalardaki Staphylococcus aureus burun ta\u015f\u0131y\u0131c\u0131l\u0131\u011f\u0131 insidans\u0131n\u0131n, risk fakt\u00f6rlerinin ve ta\u015f\u0131y\u0131c\u0131l\u0131\u011f\u0131n yara k\u00fclt\u00fcr\u00fcyle olas\u0131 ili\u015fkisinin tespit edilmesi ama\u00e7lanm\u0131\u015ft\u0131r.<\/p>\n<p> <strong>Y\u00f6ntemler<\/strong>: Her biri 40 hastadan olu\u015fmak \u00fczere diyabeti olmayan (Grup 1), diabetes mellitus tan\u0131s\u0131 olan ancak DA yaras\u0131 olmayan (Grup 2) ve diabetes mellitus tan\u0131s\u0131 olan ve DA yaras\u0131 geli\u015fmi\u015f hastalardan\u00a0 (Grup 3) \u00fc\u00e7 grup olu\u015fturuldu. DA yaralar\u0131 Wagner derecelendirmesine g\u00f6re s\u0131n\u0131fland\u0131r\u0131ld\u0131. \u00dc\u00e7 gruptaki S. aureus burun ta\u015f\u0131y\u0131c\u0131l\u0131\u011f\u0131 insidans\u0131 ve belirlenmi\u015f fakt\u00f6rlerin burun ta\u015f\u0131y\u0131c\u0131l\u0131\u011f\u0131na etkisi de\u011ferlendirildi. Son grupta burun k\u00fclt\u00fcr\u00fc ve yara k\u00fclt\u00fcr\u00fc sonu\u00e7lar\u0131 aras\u0131ndaki ili\u015fki de ara\u015ft\u0131r\u0131ld\u0131.<\/p>\n<p> <strong>Bulgular<\/strong>: S. aureus burun ta\u015f\u0131y\u0131c\u0131l\u0131\u011f\u0131 insidans\u0131 Grup 1\u2019de %17.5, Grup 2\u2019de %20 ve Grup 3\u2019te %10\u2019du (p=0.47). Ya\u015f, cinsiyet, ins\u00fclin\/oral antidiyabetik kullan\u0131m\u0131, diyabet s\u00fcresi, HbA1c d\u00fczeyi, a\u00e7l\u0131k ve tokluk kan glukoz d\u00fczeylerinin S. aureus burun ta\u015f\u0131y\u0131c\u0131l\u0131\u011f\u0131 \u00fczerine etkisi yoktu. \u0130statistiksel olarak anlaml\u0131 olmasa da diyabetik hastalardaki S. aureus\u2019un metisiline diren\u00e7li olma ihtimalinin, kontrol grubundan daha y\u00fcksek oldu\u011fu g\u00f6zlendi. Yaralar\u0131n Wagner derecesi ve yara k\u00fclt\u00fcr\u00fcyle S. aureus burun ta\u015f\u0131y\u0131c\u0131l\u0131\u011f\u0131 aras\u0131nda bir ili\u015fki saptanmad\u0131.<\/p>\n<p> <strong>Sonu\u00e7lar<\/strong>: \u00c7al\u0131\u015fmam\u0131zda, hastan\u0131n DA yaras\u0131n\u0131n ve\/veya diyabetinin olmas\u0131n\u0131n S. aureus burun ta\u015f\u0131y\u0131c\u0131l\u0131\u011f\u0131 riskini de\u011fi\u015ftirmedi\u011fi ve burun ta\u015f\u0131y\u0131c\u0131l\u0131\u011f\u0131n\u0131n da yara k\u00fclt\u00fcrlerinin sonu\u00e7lar\u0131n\u0131 etkilemedi\u011fi saptand\u0131.\u00a0<\/p>\n","protected":false},"excerpt":{"rendered":"<p>\u00d6zet Ama\u00e7: Bu \u00e7al\u0131\u015fmada, diyabetik ayak (DA) yaras\u0131 olan hastalardaki Staphylococcus aureus burun ta\u015f\u0131y\u0131c\u0131l\u0131\u011f\u0131 insidans\u0131n\u0131n, risk fakt\u00f6rlerinin ve ta\u015f\u0131y\u0131c\u0131l\u0131\u011f\u0131n yara k\u00fclt\u00fcr\u00fcyle olas\u0131 ili\u015fkisinin tespit edilmesi ama\u00e7lanm\u0131\u015ft\u0131r. Y\u00f6ntemler: Her biri 40 hastadan olu\u015fmak \u00fczere diyabeti olmayan (Grup 1), diabetes mellitus tan\u0131s\u0131 olan ancak DA yaras\u0131 olmayan (Grup 2) ve diabetes mellitus tan\u0131s\u0131 olan ve DA yaras\u0131 [&hellip;]<\/p>\n","protected":false},"author":0,"featured_media":0,"comment_status":"","ping_status":"","sticky":false,"template":"","format":"standard","meta":{"_acf_changed":false,"footnotes":""},"categories":[5129],"tags":[3454,4353,3647,2894,4486],"class_list":["post-15413","post","type-post","status-publish","format-standard","hentry","category-ozgun-arastirma","tag-burun-tasiyiciligi","tag-diyabetik-ayak","tag-metisiline-direncli-staphylococcus-aureus","tag-staphylococcus-aureus","tag-tip-2-diabetes-mellitus"],"acf":[],"_links":{"self":[{"href":"https:\/\/www.klimikdergisi.org\/tr\/wp-json\/wp\/v2\/posts\/15413","targetHints":{"allow":["GET"]}}],"collection":[{"href":"https:\/\/www.klimikdergisi.org\/tr\/wp-json\/wp\/v2\/posts"}],"about":[{"href":"https:\/\/www.klimikdergisi.org\/tr\/wp-json\/wp\/v2\/types\/post"}],"replies":[{"embeddable":true,"href":"https:\/\/www.klimikdergisi.org\/tr\/wp-json\/wp\/v2\/comments?post=15413"}],"version-history":[{"count":0,"href":"https:\/\/www.klimikdergisi.org\/tr\/wp-json\/wp\/v2\/posts\/15413\/revisions"}],"wp:attachment":[{"href":"https:\/\/www.klimikdergisi.org\/tr\/wp-json\/wp\/v2\/media?parent=15413"}],"wp:term":[{"taxonomy":"category","embeddable":true,"href":"https:\/\/www.klimikdergisi.org\/tr\/wp-json\/wp\/v2\/categories?post=15413"},{"taxonomy":"post_tag","embeddable":true,"href":"https:\/\/www.klimikdergisi.org\/tr\/wp-json\/wp\/v2\/tags?post=15413"}],"curies":[{"name":"wp","href":"https:\/\/api.w.org\/{rel}","templated":true}]}}